{"id":5491,"date":"2016-10-30T21:16:05","date_gmt":"2016-10-31T01:16:05","guid":{"rendered":"http:\/\/blogdalucianaoliveira.com.br\/blog\/?p=5491"},"modified":"2016-10-30T21:31:12","modified_gmt":"2016-10-31T01:31:12","slug":"coluna-no-debate-progressista","status":"publish","type":"post","link":"http:\/\/blogdalucianaoliveira.com.br\/blog\/2016\/10\/30\/coluna-no-debate-progressista\/","title":{"rendered":"Coluna do Blog no Debate Progressista"},"content":{"rendered":"<p><img data-recalc-dims=\"1\" loading=\"lazy\" decoding=\"async\" data-attachment-id=\"5495\" data-permalink=\"http:\/\/blogdalucianaoliveira.com.br\/blog\/2016\/10\/30\/coluna-no-debate-progressista\/paulista\/\" data-orig-file=\"https:\/\/i0.wp.com\/blogdalucianaoliveira.com.br\/blog\/wp-content\/uploads\/2016\/10\/paulista.jpg?fit=620%2C465\" data-orig-size=\"620,465\" data-comments-opened=\"0\" data-image-meta=\"{&quot;aperture&quot;:&quot;0&quot;,&quot;credit&quot;:&quot;&quot;,&quot;camera&quot;:&quot;&quot;,&quot;caption&quot;:&quot;&quot;,&quot;created_timestamp&quot;:&quot;0&quot;,&quot;copyright&quot;:&quot;&quot;,&quot;focal_length&quot;:&quot;0&quot;,&quot;iso&quot;:&quot;0&quot;,&quot;shutter_speed&quot;:&quot;0&quot;,&quot;title&quot;:&quot;&quot;,&quot;orientation&quot;:&quot;0&quot;}\" data-image-title=\"paulista\" data-image-description=\"\" data-image-caption=\"\" data-medium-file=\"https:\/\/i0.wp.com\/blogdalucianaoliveira.com.br\/blog\/wp-content\/uploads\/2016\/10\/paulista.jpg?fit=300%2C225\" data-large-file=\"https:\/\/i0.wp.com\/blogdalucianaoliveira.com.br\/blog\/wp-content\/uploads\/2016\/10\/paulista.jpg?fit=600%2C450\" src=\"https:\/\/i0.wp.com\/blogdalucianaoliveira.com.br\/blog\/wp-content\/uploads\/2016\/10\/paulista.jpg?resize=600%2C450\" alt=\"paulista\" width=\"600\" height=\"450\" class=\"alignnone size-full wp-image-5495\" srcset=\"https:\/\/i0.wp.com\/blogdalucianaoliveira.com.br\/blog\/wp-content\/uploads\/2016\/10\/paulista.jpg?w=620 620w, https:\/\/i0.wp.com\/blogdalucianaoliveira.com.br\/blog\/wp-content\/uploads\/2016\/10\/paulista.jpg?resize=300%2C225 300w, https:\/\/i0.wp.com\/blogdalucianaoliveira.com.br\/blog\/wp-content\/uploads\/2016\/10\/paulista.jpg?resize=400%2C300 400w\" sizes=\"auto, (max-width: 600px) 100vw, 600px\" \/><\/p>\n<p>ONDA AZUL DE HIPOCRISIA<br \/>\n<!--more--><\/p>\n<p>O resultado das elei\u00e7\u00f5es pra prefeitos e vereadores \u00e9 um impressionante contraste no comportamento do brasileiro nos \u00faltimos dois anos. <\/p>\n<p>De mobiliza\u00e7\u00f5es gigantescas que pediram \u00e9tica na pol\u00edtica e cadeia aos corruptos, o brasileiro acomodou-se ao ber\u00e7o espl\u00eandido do PSDB, partido entre os mais envolvidos em esquemas de corrup\u00e7\u00e3o. <\/p>\n<p>Pois \u00e9, o pa\u00eds foi tomado pelo que os militantes chamam de \u2018onda azul\u2019 e o PSDB foi o segundo partido que mais elegeu prefeitos e o primeiro no segundo turno das elei\u00e7\u00f5es municipais. Os tucanos t\u00eam agora 14 prefeituras de 19 que disputou. <\/p>\n<p><img data-recalc-dims=\"1\" loading=\"lazy\" decoding=\"async\" data-attachment-id=\"5492\" data-permalink=\"http:\/\/blogdalucianaoliveira.com.br\/blog\/2016\/10\/30\/coluna-no-debate-progressista\/psdb1\/\" data-orig-file=\"https:\/\/i0.wp.com\/blogdalucianaoliveira.com.br\/blog\/wp-content\/uploads\/2016\/10\/psdb1.jpg?fit=690%2C554\" data-orig-size=\"690,554\" data-comments-opened=\"0\" data-image-meta=\"{&quot;aperture&quot;:&quot;0&quot;,&quot;credit&quot;:&quot;&quot;,&quot;camera&quot;:&quot;&quot;,&quot;caption&quot;:&quot;&quot;,&quot;created_timestamp&quot;:&quot;0&quot;,&quot;copyright&quot;:&quot;&quot;,&quot;focal_length&quot;:&quot;0&quot;,&quot;iso&quot;:&quot;0&quot;,&quot;shutter_speed&quot;:&quot;0&quot;,&quot;title&quot;:&quot;&quot;,&quot;orientation&quot;:&quot;0&quot;}\" data-image-title=\"psdb1\" data-image-description=\"\" data-image-caption=\"\" data-medium-file=\"https:\/\/i0.wp.com\/blogdalucianaoliveira.com.br\/blog\/wp-content\/uploads\/2016\/10\/psdb1.jpg?fit=300%2C241\" data-large-file=\"https:\/\/i0.wp.com\/blogdalucianaoliveira.com.br\/blog\/wp-content\/uploads\/2016\/10\/psdb1.jpg?fit=600%2C482\" src=\"https:\/\/i0.wp.com\/blogdalucianaoliveira.com.br\/blog\/wp-content\/uploads\/2016\/10\/psdb1.jpg?resize=600%2C482\" alt=\"psdb1\" width=\"600\" height=\"482\" class=\"alignnone size-full wp-image-5492\" srcset=\"https:\/\/i0.wp.com\/blogdalucianaoliveira.com.br\/blog\/wp-content\/uploads\/2016\/10\/psdb1.jpg?w=690 690w, https:\/\/i0.wp.com\/blogdalucianaoliveira.com.br\/blog\/wp-content\/uploads\/2016\/10\/psdb1.jpg?resize=300%2C241 300w, https:\/\/i0.wp.com\/blogdalucianaoliveira.com.br\/blog\/wp-content\/uploads\/2016\/10\/psdb1.jpg?resize=374%2C300 374w\" sizes=\"auto, (max-width: 600px) 100vw, 600px\" \/><\/p>\n<p>Praticamente na v\u00e9spera da vota\u00e7\u00e3o em segundo turno, a Folha de S. Paulo denunciou que \u201cdela\u00e7\u00f5es da Odebrecht teriam apontado dois nomes como operadores de R$ 23 milh\u00f5es (R$ 34,5 milh\u00f5es, corrigidos pela infla\u00e7\u00e3o) repassados pela empreiteira via caixa dois \u00e0 campanha presidencial de Jos\u00e9 Serra na elei\u00e7\u00e3o de 2010. Parte do dinheiro foi transferida por meio de conta na Su\u00ed\u00e7a, em um acerto com o ex-deputado federal Ronaldo Cezar Coelho, ex-PSDB e hoje no PSD, que fez parte da coordena\u00e7\u00e3o pol\u00edtica da campanha.\u201d<\/p>\n<p>O governador de S\u00e3o Paulo, Geraldo Alckmin (PSDB) foi identificado na dela\u00e7\u00e3o da maior empreiteira do Pa\u00eds como o &#8220;Santo&#8221; das planilhas da construtora.<\/p>\n<p>E da\u00ed?<\/p>\n<p>PREFEITO \u2018NOVATO\u2019, COM QUINQUILHARIA DA POL\u00cdTICA<\/p>\n<p><img data-recalc-dims=\"1\" loading=\"lazy\" decoding=\"async\" data-attachment-id=\"5470\" data-permalink=\"http:\/\/blogdalucianaoliveira.com.br\/blog\/2016\/10\/29\/senador-cassado-aparece-em-campanha-e-tira-votos-de-hildon\/img_7220\/\" data-orig-file=\"https:\/\/i0.wp.com\/blogdalucianaoliveira.com.br\/blog\/wp-content\/uploads\/2016\/10\/IMG_7220.jpg?fit=720%2C1280\" data-orig-size=\"720,1280\" data-comments-opened=\"0\" data-image-meta=\"{&quot;aperture&quot;:&quot;0&quot;,&quot;credit&quot;:&quot;&quot;,&quot;camera&quot;:&quot;&quot;,&quot;caption&quot;:&quot;&quot;,&quot;created_timestamp&quot;:&quot;0&quot;,&quot;copyright&quot;:&quot;&quot;,&quot;focal_length&quot;:&quot;0&quot;,&quot;iso&quot;:&quot;0&quot;,&quot;shutter_speed&quot;:&quot;0&quot;,&quot;title&quot;:&quot;&quot;,&quot;orientation&quot;:&quot;0&quot;}\" data-image-title=\"img_7220\" data-image-description=\"\" data-image-caption=\"\" data-medium-file=\"https:\/\/i0.wp.com\/blogdalucianaoliveira.com.br\/blog\/wp-content\/uploads\/2016\/10\/IMG_7220.jpg?fit=169%2C300\" data-large-file=\"https:\/\/i0.wp.com\/blogdalucianaoliveira.com.br\/blog\/wp-content\/uploads\/2016\/10\/IMG_7220.jpg?fit=576%2C1024\" src=\"https:\/\/i0.wp.com\/blogdalucianaoliveira.com.br\/blog\/wp-content\/uploads\/2016\/10\/IMG_7220.jpg?resize=600%2C1067\" alt=\"img_7220\" width=\"600\" height=\"1067\" class=\"alignnone size-full wp-image-5470\" srcset=\"https:\/\/i0.wp.com\/blogdalucianaoliveira.com.br\/blog\/wp-content\/uploads\/2016\/10\/IMG_7220.jpg?w=720 720w, https:\/\/i0.wp.com\/blogdalucianaoliveira.com.br\/blog\/wp-content\/uploads\/2016\/10\/IMG_7220.jpg?resize=169%2C300 169w\" sizes=\"auto, (max-width: 600px) 100vw, 600px\" \/><\/p>\n<p>Em Porto Velho (RO) venceu a disputa pela prefeitura com 65,43% dos votos o tucano, Hildon Chaves, ex-promotor, o milion\u00e1rio empres\u00e1rio no ramo da educa\u00e7\u00e3o. <\/p>\n<p>Durante a campanha a imprensa revelou que o candidato que se dizia n\u00e3o-pol\u00edtico na verdade \u00e9 s\u00f3cio da esposa do presidente do PSDB em Rond\u00f4nia, o ex-senador Expedito J\u00fanior que teve o mandato cassado \u00e0 unanimidade.<\/p>\n<p>Deu no O Globo:<br \/>\n\u201cDe acordo com o TRE, o senador comprou votos de funcion\u00e1rios de uma empresa de seguran\u00e7a que pertence ao seu irm\u00e3o Irineu Gon\u00e7alves Ferreira. Os funcion\u00e1rios teriam recebido R$ 100 cada um para votar na coliga\u00e7\u00e3o de Expedito e para convencer seus familiares a votar na mesma chapa pol\u00edtica. A quantia foi depositada na conta corrente de v\u00e1rios funcion\u00e1rios, em 29 de setembro de 2006, \u00e0s v\u00e9speras das elei\u00e7\u00f5es em 1 de outubro daquele ano. Com base nesses dep\u00f3sitos ficou mais f\u00e1cil a comprova\u00e7\u00e3o da compra de votos por parte da Justi\u00e7a Eleitoral.\u201d<\/p>\n<p>O vice do tucano \u00e9 Edgar do Boi, citado no levantamento do De Olho Nos Ruralistas, um observat\u00f3rio do agroneg\u00f3cio e da pol\u00edtica no Brasil que oferece an\u00e1lise de not\u00edcias e informa\u00e7\u00f5es com \u00eanfase nos impactos sociais e ambientais. Ele aparece como um dos candidatos pecuaristas que disputaram as elei\u00e7\u00f5es e que integram o chamado Arco Pol\u00edtico do Desmatamento. <\/p>\n<p>\u201cTrinta e um candidatos a prefeito e vice-prefeito em 2016 possuem pelo menos 466 mil hectares \u2013 quase o territ\u00f3rio da Cisjord\u00e2nia, na Palestina \u2013 nos munic\u00edpios que mais desmatam no Brasil. Um entre cada tr\u00eas candidatos s\u00e3o pecuaristas, na regi\u00e3o onde a pecu\u00e1ria \u00e9 a principal vil\u00e3 do desmatamento.\u201d<\/p>\n<p>http:\/\/racismoambiental.net.br\/2016\/09\/17\/pecuaristas-e-madeireiros-protagonizam-eleicoes-no-arco-do-desmatamento\/<\/p>\n<p>A LI\u00c7\u00c3O PARA O PROFESSOR<\/p>\n<p><img data-recalc-dims=\"1\" loading=\"lazy\" decoding=\"async\" data-attachment-id=\"5494\" data-permalink=\"http:\/\/blogdalucianaoliveira.com.br\/blog\/2016\/10\/30\/coluna-no-debate-progressista\/professor-direito-samuel-milet\/\" data-orig-file=\"https:\/\/i0.wp.com\/blogdalucianaoliveira.com.br\/blog\/wp-content\/uploads\/2016\/10\/professor-direito-Samuel-Milet.jpg?fit=720%2C470\" data-orig-size=\"720,470\" data-comments-opened=\"0\" data-image-meta=\"{&quot;aperture&quot;:&quot;0&quot;,&quot;credit&quot;:&quot;&quot;,&quot;camera&quot;:&quot;&quot;,&quot;caption&quot;:&quot;&quot;,&quot;created_timestamp&quot;:&quot;0&quot;,&quot;copyright&quot;:&quot;&quot;,&quot;focal_length&quot;:&quot;0&quot;,&quot;iso&quot;:&quot;0&quot;,&quot;shutter_speed&quot;:&quot;0&quot;,&quot;title&quot;:&quot;&quot;,&quot;orientation&quot;:&quot;0&quot;}\" data-image-title=\"professor-direito-samuel-milet\" data-image-description=\"\" data-image-caption=\"\" data-medium-file=\"https:\/\/i0.wp.com\/blogdalucianaoliveira.com.br\/blog\/wp-content\/uploads\/2016\/10\/professor-direito-Samuel-Milet.jpg?fit=300%2C196\" data-large-file=\"https:\/\/i0.wp.com\/blogdalucianaoliveira.com.br\/blog\/wp-content\/uploads\/2016\/10\/professor-direito-Samuel-Milet.jpg?fit=600%2C392\" src=\"https:\/\/i0.wp.com\/blogdalucianaoliveira.com.br\/blog\/wp-content\/uploads\/2016\/10\/professor-direito-Samuel-Milet.jpg?resize=600%2C392\" alt=\"professor-direito-samuel-milet\" width=\"600\" height=\"392\" class=\"alignnone size-full wp-image-5494\" srcset=\"https:\/\/i0.wp.com\/blogdalucianaoliveira.com.br\/blog\/wp-content\/uploads\/2016\/10\/professor-direito-Samuel-Milet.jpg?w=720 720w, https:\/\/i0.wp.com\/blogdalucianaoliveira.com.br\/blog\/wp-content\/uploads\/2016\/10\/professor-direito-Samuel-Milet.jpg?resize=300%2C196 300w, https:\/\/i0.wp.com\/blogdalucianaoliveira.com.br\/blog\/wp-content\/uploads\/2016\/10\/professor-direito-Samuel-Milet.jpg?resize=460%2C300 460w\" sizes=\"auto, (max-width: 600px) 100vw, 600px\" \/><\/p>\n<p>O professor da Universidade Federal de Rond\u00f4nia (Unir), Samuel Milet, que que chamou em sala de aula a advogada e doutoranda da UnB Sinara Gumieri de &#8216;vagabunda&#8217; e &#8216;bostinha&#8217; ap\u00f3s uma palestra sobre g\u00eanero na Semana de Direito, jamais esquecer\u00e1 da li\u00e7\u00e3o que levou de uma aluna.<\/p>\n<p>\u201cAquela vagabunda, entendeu? Defensora de aborto, de g\u00eanero. Vagabunda. Mande pra ela me processar, que eu provo que ela \u00e9.\u201d<\/p>\n<p>Foram essas as palavras escolhidas pelo professor Samuel Milet, do curso de Direito da Universidade Federal de Rond\u00f4nia (UNIR), na \u00faltima quinta-feira (20), para se referir \u00e0 Sinara Gumieri, advogada e mestra em Direito pela Universidade de Bras\u00edlia (UnB) e pesquisadora da Anis \u2013 Instituto de Bio\u00e9tica.<\/p>\n<p>Uma estudante que preferiu n\u00e3o ser identificada, gravou um \u00e1udio de 15 minutos da conversa em sala de aula a pedido do pr\u00f3prio professor.<\/p>\n<p><iframe loading=\"lazy\" title=\"Viol\u00eancia de g\u00eanero em sala de aula - UNIR - 20.10.2016 by Anis - Instituto de Bio\u00e9tica\" width=\"600\" height=\"400\" scrolling=\"no\" frameborder=\"no\" src=\"https:\/\/w.soundcloud.com\/player\/?visual=true&#038;url=https%3A%2F%2Fapi.soundcloud.com%2Ftracks%2F289510662&#038;show_artwork=true&#038;maxheight=900&#038;maxwidth=600\"><\/iframe><\/p>\n<p>Milet demonstrou se sentir incomodado pela exposi\u00e7\u00e3o da palestrante e usou as palavras \u201cbostinha\u201d e \u201ccoc\u00f4\u201d para se referir \u00e0 advogada.<\/p>\n<p>O Minist\u00e9rio P\u00fablico Federal (MPF) deu prazo de cinco dias para a universidade responder se vai ou n\u00e3o apurar a falta disciplinar cometida pelo professor.<\/p>\n<p>J\u00e1 receberam a recomenda\u00e7\u00e3o a Reitoria da Universidade, a Comiss\u00e3o Permanente de Processo Disciplinar, a Comiss\u00e3o de \u00c9tica P\u00fablica, a Comiss\u00e3o de Est\u00e1gio Probat\u00f3rio e ao Departamento de Ci\u00eancias Jur\u00eddicas da institui\u00e7\u00e3o. <\/p>\n<p>O professor est\u00e1 em est\u00e1gio probat\u00f3rio e a press\u00e3o \u00e9 grande para que n\u00e3o seja efetivado.<\/p>\n<p>A Defensoria P\u00fablica da Uni\u00e3o (DPU), Defensoria P\u00fablica do Estado (DPE), Ordem dos Advogados do Brasil (OAB) e pelo Conselho Estadual de Direitos Humanos manifestaram rep\u00fadio e cobram apura\u00e7\u00e3o do fato.<\/p>\n<p>Na imprensa nacional e nas redes sociais o caso repercute ainda mais com a campanha: #Isso n\u00e3o \u00e9 Direito.<\/p>\n<p>Saiu at\u00e9 no Fant\u00e1stico. <\/p>\n<p>RIO, BRA\u00c7OS CRUZADOS SOBRE A GUANABARA<\/p>\n<p><img data-recalc-dims=\"1\" loading=\"lazy\" decoding=\"async\" data-attachment-id=\"5493\" data-permalink=\"http:\/\/blogdalucianaoliveira.com.br\/blog\/2016\/10\/30\/coluna-no-debate-progressista\/cristo\/\" data-orig-file=\"https:\/\/i0.wp.com\/blogdalucianaoliveira.com.br\/blog\/wp-content\/uploads\/2016\/10\/cristo.jpg?fit=266%2C395\" data-orig-size=\"266,395\" data-comments-opened=\"0\" data-image-meta=\"{&quot;aperture&quot;:&quot;0&quot;,&quot;credit&quot;:&quot;&quot;,&quot;camera&quot;:&quot;&quot;,&quot;caption&quot;:&quot;&quot;,&quot;created_timestamp&quot;:&quot;0&quot;,&quot;copyright&quot;:&quot;&quot;,&quot;focal_length&quot;:&quot;0&quot;,&quot;iso&quot;:&quot;0&quot;,&quot;shutter_speed&quot;:&quot;0&quot;,&quot;title&quot;:&quot;&quot;,&quot;orientation&quot;:&quot;0&quot;}\" data-image-title=\"cristo\" data-image-description=\"\" data-image-caption=\"\" data-medium-file=\"https:\/\/i0.wp.com\/blogdalucianaoliveira.com.br\/blog\/wp-content\/uploads\/2016\/10\/cristo.jpg?fit=202%2C300\" data-large-file=\"https:\/\/i0.wp.com\/blogdalucianaoliveira.com.br\/blog\/wp-content\/uploads\/2016\/10\/cristo.jpg?fit=266%2C395\" src=\"https:\/\/i0.wp.com\/blogdalucianaoliveira.com.br\/blog\/wp-content\/uploads\/2016\/10\/cristo.jpg?resize=266%2C395\" alt=\"cristo\" width=\"266\" height=\"395\" class=\"alignnone size-full wp-image-5493\" srcset=\"https:\/\/i0.wp.com\/blogdalucianaoliveira.com.br\/blog\/wp-content\/uploads\/2016\/10\/cristo.jpg?w=266 266w, https:\/\/i0.wp.com\/blogdalucianaoliveira.com.br\/blog\/wp-content\/uploads\/2016\/10\/cristo.jpg?resize=202%2C300 202w\" sizes=\"auto, (max-width: 266px) 100vw, 266px\" \/><\/p>\n<p>Bem-vindo \u00e0 Rep\u00fablica da Hipocrisia Universal do Reino de Deus!<br \/>\nIrm\u00e3os, n\u00e3o temam!<br \/>\nBolsonaro, Bolsonaros babys, Garotinho, Eduardo Cunha\u2026.<br \/>\nEncarem mais essa prova\u00e7\u00e3o, Crivella!<br \/>\nBem aventurados os anjos caolhos de Alceu Valen\u00e7a, que dormiram no passado, olharam pro futuro e disseram que n\u00e3o, n\u00e3oooooooooooo!  <\/p>\n<p>\u00c9 isso, mas n\u00e3o tirem meu tubo, quero ver onde vai dar essa nova \u2018transi\u00e7\u00e3o\u2019 na pol\u00edtica brasileira.<\/p>\n<p>O ar est\u00e1 irrespir\u00e1vel, as pessoas est\u00e3o envenenadas, mas tenho como alento a playlist do Alceu Valen\u00e7a no Deezer.<\/p>\n","protected":false},"excerpt":{"rendered":"<p>ONDA AZUL DE HIPOCRISIA<\/p>\n","protected":false},"author":1,"featured_media":0,"comment_status":"closed","ping_status":"open","sticky":false,"template":"","format":"standard","meta":{"_exactmetrics_skip_tracking":false,"_exactmetrics_sitenote_active":false,"_exactmetrics_sitenote_note":"","_exactmetrics_sitenote_category":0,"jetpack_post_was_ever_published":false,"_jetpack_newsletter_access":"","_jetpack_dont_email_post_to_subs":false,"_jetpack_newsletter_tier_id":0,"_jetpack_memberships_contains_paywalled_content":false,"_jetpack_memberships_contains_paid_content":false,"footnotes":"","jetpack_publicize_message":"","jetpack_publicize_feature_enabled":true,"jetpack_social_post_already_shared":true,"jetpack_social_options":{"image_generator_settings":{"template":"highway","enabled":false},"version":2}},"categories":[1],"tags":[],"class_list":["post-5491","post","type-post","status-publish","format-standard","hentry","category-notas"],"jetpack_publicize_connections":[],"jetpack_sharing_enabled":true,"jetpack_featured_media_url":"","jetpack_shortlink":"https:\/\/wp.me\/p7wKYW-1qz","jetpack-related-posts":[],"_links":{"self":[{"href":"http:\/\/blogdalucianaoliveira.com.br\/blog\/wp-json\/wp\/v2\/posts\/5491","targetHints":{"allow":["GET"]}}],"collection":[{"href":"http:\/\/blogdalucianaoliveira.com.br\/blog\/wp-json\/wp\/v2\/posts"}],"about":[{"href":"http:\/\/blogdalucianaoliveira.com.br\/blog\/wp-json\/wp\/v2\/types\/post"}],"author":[{"embeddable":true,"href":"http:\/\/blogdalucianaoliveira.com.br\/blog\/wp-json\/wp\/v2\/users\/1"}],"replies":[{"embeddable":true,"href":"http:\/\/blogdalucianaoliveira.com.br\/blog\/wp-json\/wp\/v2\/comments?post=5491"}],"version-history":[{"count":5,"href":"http:\/\/blogdalucianaoliveira.com.br\/blog\/wp-json\/wp\/v2\/posts\/5491\/revisions"}],"predecessor-version":[{"id":5500,"href":"http:\/\/blogdalucianaoliveira.com.br\/blog\/wp-json\/wp\/v2\/posts\/5491\/revisions\/5500"}],"wp:attachment":[{"href":"http:\/\/blogdalucianaoliveira.com.br\/blog\/wp-json\/wp\/v2\/media?parent=5491"}],"wp:term":[{"taxonomy":"category","embeddable":true,"href":"http:\/\/blogdalucianaoliveira.com.br\/blog\/wp-json\/wp\/v2\/categories?post=5491"},{"taxonomy":"post_tag","embeddable":true,"href":"http:\/\/blogdalucianaoliveira.com.br\/blog\/wp-json\/wp\/v2\/tags?post=5491"}],"curies":[{"name":"wp","href":"https:\/\/api.w.org\/{rel}","templated":true}]}}