{"id":55,"date":"2016-05-03T08:39:40","date_gmt":"2016-05-03T12:39:40","guid":{"rendered":"http:\/\/blogdalucianaoliveira.com.br\/blog\/?p=55"},"modified":"2016-05-03T08:39:40","modified_gmt":"2016-05-03T12:39:40","slug":"a-noicia-que-voce-nao-viu-nem-vai-ver","status":"publish","type":"post","link":"http:\/\/blogdalucianaoliveira.com.br\/blog\/2016\/05\/03\/a-noicia-que-voce-nao-viu-nem-vai-ver\/","title":{"rendered":"A no\u00edcia que voc\u00ea n\u00e3o viu, nem vai ver"},"content":{"rendered":"<p><img data-recalc-dims=\"1\" loading=\"lazy\" decoding=\"async\" data-attachment-id=\"56\" data-permalink=\"http:\/\/blogdalucianaoliveira.com.br\/blog\/2016\/05\/03\/a-noicia-que-voce-nao-viu-nem-vai-ver\/13141093_1043988439010392_2017099458_n\/\" data-orig-file=\"https:\/\/i0.wp.com\/blogdalucianaoliveira.com.br\/blog\/wp-content\/uploads\/2016\/05\/13141093_1043988439010392_2017099458_n.jpg?fit=466%2C316\" data-orig-size=\"466,316\" data-comments-opened=\"0\" data-image-meta=\"{&quot;aperture&quot;:&quot;0&quot;,&quot;credit&quot;:&quot;&quot;,&quot;camera&quot;:&quot;&quot;,&quot;caption&quot;:&quot;&quot;,&quot;created_timestamp&quot;:&quot;0&quot;,&quot;copyright&quot;:&quot;&quot;,&quot;focal_length&quot;:&quot;0&quot;,&quot;iso&quot;:&quot;0&quot;,&quot;shutter_speed&quot;:&quot;0&quot;,&quot;title&quot;:&quot;&quot;,&quot;orientation&quot;:&quot;0&quot;}\" data-image-title=\"13141093_1043988439010392_2017099458_n\" data-image-description=\"\" data-image-caption=\"\" data-medium-file=\"https:\/\/i0.wp.com\/blogdalucianaoliveira.com.br\/blog\/wp-content\/uploads\/2016\/05\/13141093_1043988439010392_2017099458_n.jpg?fit=300%2C203\" data-large-file=\"https:\/\/i0.wp.com\/blogdalucianaoliveira.com.br\/blog\/wp-content\/uploads\/2016\/05\/13141093_1043988439010392_2017099458_n.jpg?fit=466%2C316\" class=\"alignnone size-medium wp-image-56\" src=\"https:\/\/i0.wp.com\/blogdalucianaoliveira.com.br\/blog\/wp-content\/uploads\/2016\/05\/13141093_1043988439010392_2017099458_n.jpg?resize=300%2C203\" alt=\"13141093_1043988439010392_2017099458_n\" width=\"300\" height=\"203\" srcset=\"https:\/\/i0.wp.com\/blogdalucianaoliveira.com.br\/blog\/wp-content\/uploads\/2016\/05\/13141093_1043988439010392_2017099458_n.jpg?resize=300%2C203 300w, https:\/\/i0.wp.com\/blogdalucianaoliveira.com.br\/blog\/wp-content\/uploads\/2016\/05\/13141093_1043988439010392_2017099458_n.jpg?resize=442%2C300 442w, https:\/\/i0.wp.com\/blogdalucianaoliveira.com.br\/blog\/wp-content\/uploads\/2016\/05\/13141093_1043988439010392_2017099458_n.jpg?w=466 466w\" sizes=\"auto, (max-width: 300px) 100vw, 300px\" \/><\/p>\n<p>O ex-presidente FHC foi conduzido coercitivamente, sem intima\u00e7\u00e3o e resist\u00eancia, exposto \u00e0 execra\u00e7\u00e3o p\u00fablica, para depor na PF no inqu\u00e9rito que investiga remessa de dinheiro ao exterior para sua amante jornalista atrav\u00e9s de uma concession\u00e1ria brasileira. Toda a imprensa dedicou o dia 29 para divulgar a not\u00edcia e o ex-presidente foi capa dos principais jornais e revistas. O conte\u00fado do depoimento foi amplamente divulgado e os apresentadores da Globo at\u00e9 esbo\u00e7aram um ar de satisfa\u00e7\u00e3o ao dar a not\u00edcia. Nas redes sociais houve grande como\u00e7\u00e3o pelo excesso a que foi submetido o ex-presidente. Bem diferente, do tratamento adequado e at\u00e9 respeitoso dedicado ao ex-presidente Lula, quando foi depor sem que ningu\u00e9m ficasse sabendo.<\/p>\n","protected":false},"excerpt":{"rendered":"<p>O ex-presidente FHC foi conduzido coercitivamente, sem intima\u00e7\u00e3o e resist\u00eancia, exposto \u00e0 execra\u00e7\u00e3o p\u00fablica, para depor na PF no inqu\u00e9rito que investiga remessa de dinheiro ao exterior para sua amante jornalista atrav\u00e9s de uma concession\u00e1ria brasileira. Toda a imprensa dedicou o dia 29 para divulgar a not\u00edcia e o ex-presidente foi capa dos principais jornais&#8230;<a class=\"more-link\" href=\"http:\/\/blogdalucianaoliveira.com.br\/blog\/2016\/05\/03\/a-noicia-que-voce-nao-viu-nem-vai-ver\/\">Continue a leitura <span class=\"meta-nav\">&raquo;<\/span><\/a><\/p>\n","protected":false},"author":1,"featured_media":0,"comment_status":"closed","ping_status":"open","sticky":false,"template":"","format":"standard","meta":{"_exactmetrics_skip_tracking":false,"_exactmetrics_sitenote_active":false,"_exactmetrics_sitenote_note":"","_exactmetrics_sitenote_category":0,"jetpack_post_was_ever_published":false,"_jetpack_newsletter_access":"","_jetpack_dont_email_post_to_subs":false,"_jetpack_newsletter_tier_id":0,"_jetpack_memberships_contains_paywalled_content":false,"_jetpack_memberships_contains_paid_content":false,"footnotes":"","jetpack_publicize_message":"","jetpack_publicize_feature_enabled":true,"jetpack_social_post_already_shared":false,"jetpack_social_options":{"image_generator_settings":{"template":"highway","enabled":false},"version":2}},"categories":[1],"tags":[6,4],"class_list":["post-55","post","type-post","status-publish","format-standard","hentry","category-notas","tag-opiniao","tag-politica"],"jetpack_publicize_connections":[],"jetpack_sharing_enabled":true,"jetpack_featured_media_url":"","jetpack_shortlink":"https:\/\/wp.me\/p7wKYW-T","jetpack-related-posts":[],"_links":{"self":[{"href":"http:\/\/blogdalucianaoliveira.com.br\/blog\/wp-json\/wp\/v2\/posts\/55","targetHints":{"allow":["GET"]}}],"collection":[{"href":"http:\/\/blogdalucianaoliveira.com.br\/blog\/wp-json\/wp\/v2\/posts"}],"about":[{"href":"http:\/\/blogdalucianaoliveira.com.br\/blog\/wp-json\/wp\/v2\/types\/post"}],"author":[{"embeddable":true,"href":"http:\/\/blogdalucianaoliveira.com.br\/blog\/wp-json\/wp\/v2\/users\/1"}],"replies":[{"embeddable":true,"href":"http:\/\/blogdalucianaoliveira.com.br\/blog\/wp-json\/wp\/v2\/comments?post=55"}],"version-history":[{"count":1,"href":"http:\/\/blogdalucianaoliveira.com.br\/blog\/wp-json\/wp\/v2\/posts\/55\/revisions"}],"predecessor-version":[{"id":57,"href":"http:\/\/blogdalucianaoliveira.com.br\/blog\/wp-json\/wp\/v2\/posts\/55\/revisions\/57"}],"wp:attachment":[{"href":"http:\/\/blogdalucianaoliveira.com.br\/blog\/wp-json\/wp\/v2\/media?parent=55"}],"wp:term":[{"taxonomy":"category","embeddable":true,"href":"http:\/\/blogdalucianaoliveira.com.br\/blog\/wp-json\/wp\/v2\/categories?post=55"},{"taxonomy":"post_tag","embeddable":true,"href":"http:\/\/blogdalucianaoliveira.com.br\/blog\/wp-json\/wp\/v2\/tags?post=55"}],"curies":[{"name":"wp","href":"https:\/\/api.w.org\/{rel}","templated":true}]}}