{"id":5510,"date":"2016-10-31T10:47:37","date_gmt":"2016-10-31T14:47:37","guid":{"rendered":"http:\/\/blogdalucianaoliveira.com.br\/blog\/?p=5510"},"modified":"2016-10-31T10:47:56","modified_gmt":"2016-10-31T14:47:56","slug":"ungida-seja-a-folha-de-sao-salmo","status":"publish","type":"post","link":"http:\/\/blogdalucianaoliveira.com.br\/blog\/2016\/10\/31\/ungida-seja-a-folha-de-sao-salmo\/","title":{"rendered":"Ungida seja a &#8216;Folha de S\u00e3o Salmo&#8217;"},"content":{"rendered":"<p><img data-recalc-dims=\"1\" loading=\"lazy\" decoding=\"async\" data-attachment-id=\"5511\" data-permalink=\"http:\/\/blogdalucianaoliveira.com.br\/blog\/2016\/10\/31\/ungida-seja-a-folha-de-sao-salmo\/alma\/\" data-orig-file=\"https:\/\/i0.wp.com\/blogdalucianaoliveira.com.br\/blog\/wp-content\/uploads\/2016\/10\/alma.jpg?fit=600%2C315\" data-orig-size=\"600,315\" data-comments-opened=\"0\" data-image-meta=\"{&quot;aperture&quot;:&quot;0&quot;,&quot;credit&quot;:&quot;&quot;,&quot;camera&quot;:&quot;&quot;,&quot;caption&quot;:&quot;&quot;,&quot;created_timestamp&quot;:&quot;0&quot;,&quot;copyright&quot;:&quot;&quot;,&quot;focal_length&quot;:&quot;0&quot;,&quot;iso&quot;:&quot;0&quot;,&quot;shutter_speed&quot;:&quot;0&quot;,&quot;title&quot;:&quot;&quot;,&quot;orientation&quot;:&quot;0&quot;}\" data-image-title=\"alma\" data-image-description=\"\" data-image-caption=\"\" data-medium-file=\"https:\/\/i0.wp.com\/blogdalucianaoliveira.com.br\/blog\/wp-content\/uploads\/2016\/10\/alma.jpg?fit=300%2C158\" data-large-file=\"https:\/\/i0.wp.com\/blogdalucianaoliveira.com.br\/blog\/wp-content\/uploads\/2016\/10\/alma.jpg?fit=600%2C315\" src=\"https:\/\/i0.wp.com\/blogdalucianaoliveira.com.br\/blog\/wp-content\/uploads\/2016\/10\/alma.jpg?resize=600%2C315\" alt=\"alma\" width=\"600\" height=\"315\" class=\"alignnone size-full wp-image-5511\" srcset=\"https:\/\/i0.wp.com\/blogdalucianaoliveira.com.br\/blog\/wp-content\/uploads\/2016\/10\/alma.jpg?w=600 600w, https:\/\/i0.wp.com\/blogdalucianaoliveira.com.br\/blog\/wp-content\/uploads\/2016\/10\/alma.jpg?resize=300%2C158 300w\" sizes=\"auto, (max-width: 600px) 100vw, 600px\" \/><\/p>\n<p>Por Gregorio Duvivier<br \/>\nTamb\u00e9m no Almanaqueiras<!--more--><\/p>\n<p>Em 2011, o iPhone ainda era redondinho. Escapuliu das m\u00e3os de Fernando e foi parar debaixo do banco ex\u00edguo do seu Palio Weekend. Sua m\u00e3e n\u00e3o parava de falar do outro lado da linha. &#8220;Calma, m\u00e3e! T\u00f4 procurando o celular&#8221; foram as \u00faltimas palavras de Fernando antes do coma. Entrou com tudo num poste da avenida Nossa Senhora de Copacabana e s\u00f3 acordou em 2020.<\/p>\n<p>Quando abriu os olhos, a primeira coisa que viu foi um sujeito de camisa branca e gravata lil\u00e1s. &#8220;Ol\u00e1, eu sou seu m\u00e9dico, Zaqueu&#8221;. &#8220;Essa \u00e9 a Cl\u00ednica S\u00e3o Vicente?&#8221;, Fernando perguntou. &#8220;Antiga S\u00e3o Vicente, hoje Cl\u00ednica Vit\u00f3ria em Cristo.&#8221; &#8220;Mas isso \u00e9 no Rio de Janeiro?&#8221; &#8220;Antigo Rio de Janeiro, hoje Novo Rio Jord\u00e3o. Muita coisa mudou desde a revolu\u00e7\u00e3o, Ezequiel.&#8221; &#8220;Meu nome \u00e9 Fernando.&#8221; &#8220;Desculpa, Fernando n\u00e3o existe mais. Seu equivalente b\u00edblico \u00e9 Ezequiel.&#8221;<\/p>\n<p>Fernando desceu a rua Marqu\u00eas do S\u00e9timo Dia at\u00e9 chegar no Jardim Messi\u00e2nico, onde, olhando pro alto, se deparou com uma enorme pomba no alto do Corcovado. Na avenida Nosso Senhor de Copacabana sentiu falta dos botecos. Entrou numa padaria, a televis\u00e3o passava um jogo de futebol: FluCristense jogava contra o Cor\u00edntios. No lugar da bola, uma santa. Abdias, zagueiro corintiano, chuta a santa pro gol. Na trave. &#8220;T\u00e1 amarrado em nome de Jesus!&#8221;, grita o gar\u00e7om.<\/p>\n<p>No intervalo, Fernando comprou uma &#8220;Folha de S\u00e3o Salmo&#8221; e percebeu que se aproximava o Carnaval. &#8220;Certas coisas n\u00e3o mudam&#8221;, pensou Fernando, ao ver o concurso de Mulata da Record. Logo percebeu que todas vestiam saia at\u00e9 o tornozelo. O samba-enredo da Ungidos da Tijuca versava sobre o perigo da maconha: &#8220;Desde a Galileia, os fariseus s\u00f3 querem te drogar\/ \u00e9 coisa do tinhoso\/ sete-pele escabroso\/ vai te enfeiti\u00e7ar&#8221;.<\/p>\n<p>Pagou com o cart\u00e3o. N\u00e3o esqueceu a senha, mas esqueceu dos 10%, lembrou o gar\u00e7om. &#8220;Achei que o servi\u00e7o tava inclu\u00eddo&#8221;, explicou Fernando. &#8220;O servi\u00e7o t\u00e1 inclu\u00eddo. T\u00f4 falando do d\u00edzimo.&#8221;<\/p>\n<p>Arrasado, Fernando procurou os amigos. &#8220;Como \u00e9 que voc\u00eas deixaram o Rio chegar nesse estado?&#8221;, Zebedeu, antigo Duda, n\u00e3o entendeu a revolta. &#8220;De vez em quando um amigo some, toma uma surra, mas em geral \u00e9 porque se desviou do caminho. Se voc\u00ea tem Jesus no cora\u00e7\u00e3o e vive na paz do Senhor, seu caminho t\u00e1 iluminado.&#8221; O amigo sorri pra c\u00e2mera. Fernando n\u00e3o acredita. Sussurra entre os dentes: &#8220;A gente precisa fazer alguma coisa&#8221;.<\/p>\n<p>&#8220;Calma, Ezequiel&#8221;, o amigo sussurra de volta. &#8220;Pode at\u00e9 estar ruim, mas qualquer coisa \u00e9 melhor que a roubalheira do PT.&#8221;<\/p>\n","protected":false},"excerpt":{"rendered":"<p>Por Gregorio Duvivier Tamb\u00e9m no Almanaqueiras<\/p>\n","protected":false},"author":1,"featured_media":0,"comment_status":"closed","ping_status":"open","sticky":false,"template":"","format":"standard","meta":{"_exactmetrics_skip_tracking":false,"_exactmetrics_sitenote_active":false,"_exactmetrics_sitenote_note":"","_exactmetrics_sitenote_category":0,"jetpack_post_was_ever_published":false,"_jetpack_newsletter_access":"","_jetpack_dont_email_post_to_subs":false,"_jetpack_newsletter_tier_id":0,"_jetpack_memberships_contains_paywalled_content":false,"_jetpack_memberships_contains_paid_content":false,"footnotes":"","jetpack_publicize_message":"","jetpack_publicize_feature_enabled":true,"jetpack_social_post_already_shared":true,"jetpack_social_options":{"image_generator_settings":{"template":"highway","enabled":false},"version":2}},"categories":[1],"tags":[],"class_list":["post-5510","post","type-post","status-publish","format-standard","hentry","category-notas"],"jetpack_publicize_connections":[],"jetpack_sharing_enabled":true,"jetpack_featured_media_url":"","jetpack_shortlink":"https:\/\/wp.me\/p7wKYW-1qS","jetpack-related-posts":[],"_links":{"self":[{"href":"http:\/\/blogdalucianaoliveira.com.br\/blog\/wp-json\/wp\/v2\/posts\/5510","targetHints":{"allow":["GET"]}}],"collection":[{"href":"http:\/\/blogdalucianaoliveira.com.br\/blog\/wp-json\/wp\/v2\/posts"}],"about":[{"href":"http:\/\/blogdalucianaoliveira.com.br\/blog\/wp-json\/wp\/v2\/types\/post"}],"author":[{"embeddable":true,"href":"http:\/\/blogdalucianaoliveira.com.br\/blog\/wp-json\/wp\/v2\/users\/1"}],"replies":[{"embeddable":true,"href":"http:\/\/blogdalucianaoliveira.com.br\/blog\/wp-json\/wp\/v2\/comments?post=5510"}],"version-history":[{"count":2,"href":"http:\/\/blogdalucianaoliveira.com.br\/blog\/wp-json\/wp\/v2\/posts\/5510\/revisions"}],"predecessor-version":[{"id":5513,"href":"http:\/\/blogdalucianaoliveira.com.br\/blog\/wp-json\/wp\/v2\/posts\/5510\/revisions\/5513"}],"wp:attachment":[{"href":"http:\/\/blogdalucianaoliveira.com.br\/blog\/wp-json\/wp\/v2\/media?parent=5510"}],"wp:term":[{"taxonomy":"category","embeddable":true,"href":"http:\/\/blogdalucianaoliveira.com.br\/blog\/wp-json\/wp\/v2\/categories?post=5510"},{"taxonomy":"post_tag","embeddable":true,"href":"http:\/\/blogdalucianaoliveira.com.br\/blog\/wp-json\/wp\/v2\/tags?post=5510"}],"curies":[{"name":"wp","href":"https:\/\/api.w.org\/{rel}","templated":true}]}}