{"id":5518,"date":"2016-11-01T09:32:01","date_gmt":"2016-11-01T13:32:01","guid":{"rendered":"http:\/\/blogdalucianaoliveira.com.br\/blog\/?p=5518"},"modified":"2016-11-01T09:32:01","modified_gmt":"2016-11-01T13:32:01","slug":"entenda-as-ocupacoes-em-brasilia-em-10-minutos","status":"publish","type":"post","link":"http:\/\/blogdalucianaoliveira.com.br\/blog\/2016\/11\/01\/entenda-as-ocupacoes-em-brasilia-em-10-minutos\/","title":{"rendered":"Entenda as ocupa\u00e7\u00f5es em Bras\u00edlia em 10 minutos"},"content":{"rendered":"<p><img data-recalc-dims=\"1\" loading=\"lazy\" decoding=\"async\" data-attachment-id=\"5519\" data-permalink=\"http:\/\/blogdalucianaoliveira.com.br\/blog\/2016\/11\/01\/entenda-as-ocupacoes-em-brasilia-em-10-minutos\/unb\/\" data-orig-file=\"https:\/\/i0.wp.com\/blogdalucianaoliveira.com.br\/blog\/wp-content\/uploads\/2016\/11\/unb.jpg?fit=933%2C445\" data-orig-size=\"933,445\" data-comments-opened=\"0\" data-image-meta=\"{&quot;aperture&quot;:&quot;0&quot;,&quot;credit&quot;:&quot;&quot;,&quot;camera&quot;:&quot;&quot;,&quot;caption&quot;:&quot;&quot;,&quot;created_timestamp&quot;:&quot;0&quot;,&quot;copyright&quot;:&quot;&quot;,&quot;focal_length&quot;:&quot;0&quot;,&quot;iso&quot;:&quot;0&quot;,&quot;shutter_speed&quot;:&quot;0&quot;,&quot;title&quot;:&quot;&quot;,&quot;orientation&quot;:&quot;0&quot;}\" data-image-title=\"unb\" data-image-description=\"\" data-image-caption=\"\" data-medium-file=\"https:\/\/i0.wp.com\/blogdalucianaoliveira.com.br\/blog\/wp-content\/uploads\/2016\/11\/unb.jpg?fit=300%2C143\" data-large-file=\"https:\/\/i0.wp.com\/blogdalucianaoliveira.com.br\/blog\/wp-content\/uploads\/2016\/11\/unb.jpg?fit=600%2C286\" src=\"https:\/\/i0.wp.com\/blogdalucianaoliveira.com.br\/blog\/wp-content\/uploads\/2016\/11\/unb.jpg?resize=600%2C286\" alt=\"unb\" width=\"600\" height=\"286\" class=\"alignnone size-full wp-image-5519\" srcset=\"https:\/\/i0.wp.com\/blogdalucianaoliveira.com.br\/blog\/wp-content\/uploads\/2016\/11\/unb.jpg?w=933 933w, https:\/\/i0.wp.com\/blogdalucianaoliveira.com.br\/blog\/wp-content\/uploads\/2016\/11\/unb.jpg?resize=300%2C143 300w, https:\/\/i0.wp.com\/blogdalucianaoliveira.com.br\/blog\/wp-content\/uploads\/2016\/11\/unb.jpg?resize=768%2C366 768w, https:\/\/i0.wp.com\/blogdalucianaoliveira.com.br\/blog\/wp-content\/uploads\/2016\/11\/unb.jpg?resize=629%2C300 629w\" sizes=\"auto, (max-width: 600px) 100vw, 600px\" \/><\/p>\n<p>Reportagem: Dayanne Holanda e Gioconda Bretas, especial para os Jornalistas Livres.<!--more--><\/p>\n<p>A ocupa\u00e7\u00e3o de escolas e universidades p\u00fablicas ganha cada vez mais for\u00e7a em todos pa\u00eds.<\/p>\n<p>No Distrito Federal, cerca de 15 unidades educacionais j\u00e1 aderiram ao movimento que quer impedir os retrocessos da PEC 241,  a #PECdofimdomundo, e da MP 746 (da reforma do Ensino M\u00e9dio).<\/p>\n<p>No Centro de Ensino M\u00e9dio Elefante Branco, em Bras\u00edlia, Adrielle Galdino e Marcelo Ac\u00e1cio, que organizam a ocupa\u00e7\u00e3o, explicaram hoje aos Jornalistas Livres porque n\u00e3o aceitam nenhum direito a menos.<\/p>\n<div class=\"jetpack-video-wrapper\"><iframe loading=\"lazy\" title=\"ENTENDA AS OCUPA\u00c7\u00d5ES  em Bras\u00edlia EM 10 MINUTOS\" width=\"600\" height=\"338\" src=\"https:\/\/www.youtube.com\/embed\/I3-rn7wRpkU?feature=oembed\" frameborder=\"0\" allow=\"accelerometer; autoplay; clipboard-write; encrypted-media; gyroscope; picture-in-picture; web-share\" referrerpolicy=\"strict-origin-when-cross-origin\" allowfullscreen><\/iframe><\/div>\n","protected":false},"excerpt":{"rendered":"<p>Reportagem: Dayanne Holanda e Gioconda Bretas, especial para os Jornalistas Livres.<\/p>\n","protected":false},"author":1,"featured_media":0,"comment_status":"closed","ping_status":"open","sticky":false,"template":"","format":"standard","meta":{"_exactmetrics_skip_tracking":false,"_exactmetrics_sitenote_active":false,"_exactmetrics_sitenote_note":"","_exactmetrics_sitenote_category":0,"jetpack_post_was_ever_published":false,"_jetpack_newsletter_access":"","_jetpack_dont_email_post_to_subs":false,"_jetpack_newsletter_tier_id":0,"_jetpack_memberships_contains_paywalled_content":false,"_jetpack_memberships_contains_paid_content":false,"footnotes":"","jetpack_publicize_message":"","jetpack_publicize_feature_enabled":true,"jetpack_social_post_already_shared":true,"jetpack_social_options":{"image_generator_settings":{"template":"highway","enabled":false},"version":2}},"categories":[1],"tags":[],"class_list":["post-5518","post","type-post","status-publish","format-standard","hentry","category-notas"],"jetpack_publicize_connections":[],"jetpack_sharing_enabled":true,"jetpack_featured_media_url":"","jetpack_shortlink":"https:\/\/wp.me\/p7wKYW-1r0","jetpack-related-posts":[],"_links":{"self":[{"href":"http:\/\/blogdalucianaoliveira.com.br\/blog\/wp-json\/wp\/v2\/posts\/5518","targetHints":{"allow":["GET"]}}],"collection":[{"href":"http:\/\/blogdalucianaoliveira.com.br\/blog\/wp-json\/wp\/v2\/posts"}],"about":[{"href":"http:\/\/blogdalucianaoliveira.com.br\/blog\/wp-json\/wp\/v2\/types\/post"}],"author":[{"embeddable":true,"href":"http:\/\/blogdalucianaoliveira.com.br\/blog\/wp-json\/wp\/v2\/users\/1"}],"replies":[{"embeddable":true,"href":"http:\/\/blogdalucianaoliveira.com.br\/blog\/wp-json\/wp\/v2\/comments?post=5518"}],"version-history":[{"count":1,"href":"http:\/\/blogdalucianaoliveira.com.br\/blog\/wp-json\/wp\/v2\/posts\/5518\/revisions"}],"predecessor-version":[{"id":5520,"href":"http:\/\/blogdalucianaoliveira.com.br\/blog\/wp-json\/wp\/v2\/posts\/5518\/revisions\/5520"}],"wp:attachment":[{"href":"http:\/\/blogdalucianaoliveira.com.br\/blog\/wp-json\/wp\/v2\/media?parent=5518"}],"wp:term":[{"taxonomy":"category","embeddable":true,"href":"http:\/\/blogdalucianaoliveira.com.br\/blog\/wp-json\/wp\/v2\/categories?post=5518"},{"taxonomy":"post_tag","embeddable":true,"href":"http:\/\/blogdalucianaoliveira.com.br\/blog\/wp-json\/wp\/v2\/tags?post=5518"}],"curies":[{"name":"wp","href":"https:\/\/api.w.org\/{rel}","templated":true}]}}