{"id":5521,"date":"2016-11-01T09:39:31","date_gmt":"2016-11-01T13:39:31","guid":{"rendered":"http:\/\/blogdalucianaoliveira.com.br\/blog\/?p=5521"},"modified":"2016-11-01T09:39:31","modified_gmt":"2016-11-01T13:39:31","slug":"policia-ja-decide-o-que-e-arte-e-impoe-censura-com-prisao","status":"publish","type":"post","link":"http:\/\/blogdalucianaoliveira.com.br\/blog\/2016\/11\/01\/policia-ja-decide-o-que-e-arte-e-impoe-censura-com-prisao\/","title":{"rendered":"POL\u00cdCIA J\u00c1 DECIDE O QUE \u00c9 ARTE E IMP\u00d5E CENSURA COM PRIS\u00c3O"},"content":{"rendered":"<p><img data-recalc-dims=\"1\" loading=\"lazy\" decoding=\"async\" data-attachment-id=\"5522\" data-permalink=\"http:\/\/blogdalucianaoliveira.com.br\/blog\/2016\/11\/01\/policia-ja-decide-o-que-e-arte-e-impoe-censura-com-prisao\/ator\/\" data-orig-file=\"https:\/\/i0.wp.com\/blogdalucianaoliveira.com.br\/blog\/wp-content\/uploads\/2016\/11\/ator.jpg?fit=932%2C547\" data-orig-size=\"932,547\" data-comments-opened=\"0\" data-image-meta=\"{&quot;aperture&quot;:&quot;0&quot;,&quot;credit&quot;:&quot;&quot;,&quot;camera&quot;:&quot;&quot;,&quot;caption&quot;:&quot;&quot;,&quot;created_timestamp&quot;:&quot;0&quot;,&quot;copyright&quot;:&quot;&quot;,&quot;focal_length&quot;:&quot;0&quot;,&quot;iso&quot;:&quot;0&quot;,&quot;shutter_speed&quot;:&quot;0&quot;,&quot;title&quot;:&quot;&quot;,&quot;orientation&quot;:&quot;0&quot;}\" data-image-title=\"ator\" data-image-description=\"\" data-image-caption=\"\" data-medium-file=\"https:\/\/i0.wp.com\/blogdalucianaoliveira.com.br\/blog\/wp-content\/uploads\/2016\/11\/ator.jpg?fit=300%2C176\" data-large-file=\"https:\/\/i0.wp.com\/blogdalucianaoliveira.com.br\/blog\/wp-content\/uploads\/2016\/11\/ator.jpg?fit=600%2C352\" src=\"https:\/\/i0.wp.com\/blogdalucianaoliveira.com.br\/blog\/wp-content\/uploads\/2016\/11\/ator.jpg?resize=600%2C352\" alt=\"ator\" width=\"600\" height=\"352\" class=\"alignnone size-full wp-image-5522\" srcset=\"https:\/\/i0.wp.com\/blogdalucianaoliveira.com.br\/blog\/wp-content\/uploads\/2016\/11\/ator.jpg?w=932 932w, https:\/\/i0.wp.com\/blogdalucianaoliveira.com.br\/blog\/wp-content\/uploads\/2016\/11\/ator.jpg?resize=300%2C176 300w, https:\/\/i0.wp.com\/blogdalucianaoliveira.com.br\/blog\/wp-content\/uploads\/2016\/11\/ator.jpg?resize=768%2C451 768w, https:\/\/i0.wp.com\/blogdalucianaoliveira.com.br\/blog\/wp-content\/uploads\/2016\/11\/ator.jpg?resize=511%2C300 511w\" sizes=\"auto, (max-width: 600px) 100vw, 600px\" \/><\/p>\n<p>\u2018\u00c9 um gatilho de fascismo que depois de acionado n\u00e3o volta\u2019, diz ator preso.<!--more--><\/p>\n<p>Da RBA<br \/>\nPara o ator Caio Martinez Pacheco, detido sem justificativa pela Pol\u00edcia Militar na noite de domingo (30), em Santos, litoral sul paulista, enquanto apresentava uma pe\u00e7a cr\u00edtica \u00e0 corpora\u00e7\u00e3o, o ocorrido \u201cremonta ao per\u00edodo da ditadura\u201d e dispara um \u201cgatilho de fascismo que depois de acionado n\u00e3o volta atr\u00e1s\u201d.<\/p>\n<p>A PM e a Guarda Municipal invadiram a apresenta\u00e7\u00e3o p\u00fablica da pe\u00e7a Blitz, da Trupe Olho de Rua, apresentada na regi\u00e3o central da cidade e que critica de forma sat\u00edrica a viol\u00eancia da corpora\u00e7\u00e3o. O espet\u00e1culo ocorria nas ruas do centro hist\u00f3rico da cidade e por volta das 18h seis viaturas chegaram ao local. Policiais armados interromperam a apresenta\u00e7\u00e3o e intimidaram atores e p\u00fablico.<\/p>\n<p>Martinez foi algemado e levado na parte de tr\u00e1s de uma viatura para a delegacia, onde permaneceu por volta de seis horas, a primeira delas de p\u00e9, com figurino da pe\u00e7a. \u201cFomos extremamente aviltados e humilhados. Recebi voz de pris\u00e3o sem motivo nenhum. Os policiais estavam movidos por um sentimento passional de \u00f3dio, sem espa\u00e7o de interlocu\u00e7\u00e3o. Acredito que a pol\u00edcia esteja apta para tipificar o que \u00e9 arte e o que n\u00e3o \u00e9.\u201d<\/p>\n<p>No momento da a\u00e7\u00e3o, a bandeira nacional estava hasteada de cabe\u00e7a para baixo, tocava o hino nacional e a m\u00fasica A paz, de Gilberto Gil. Os atores vestiam fardas e saias. \u201cIsso \u00e9 um resqu\u00edcio da ditadura. Hoje os s\u00edmbolos nacionais estampam todo tipo de mercadoria. N\u00f3s podemos construir subjetividade e bens simb\u00f3licos usando os signos do mundo para isso\u201d, defende o ator.<br \/>\nPoliciais apreenderam celulares e equipamentos da companhia de teatro, como caixas de som e instrumentos musicais, que ainda n\u00e3o foram devolvidos. A pr\u00f3xima apresenta\u00e7\u00e3o da pe\u00e7a ser\u00e1 na sexta-feira (4). Pessoas que assistiam \u00e0 produ\u00e7\u00e3o gravaram v\u00eddeos da a\u00e7\u00e3o policial. A PM chegou a impedi-los de filmar por alguns momentos e os amea\u00e7ou de processo.<\/p>\n<div class=\"jetpack-video-wrapper\"><iframe loading=\"lazy\" title=\"Pol\u00edcia Militar sem justificativa reprime pe\u00e7a de teatro e prende ator na cidade de Santos.\" width=\"600\" height=\"338\" src=\"https:\/\/www.youtube.com\/embed\/h2weVkgaMYY?feature=oembed\" frameborder=\"0\" allow=\"accelerometer; autoplay; clipboard-write; encrypted-media; gyroscope; picture-in-picture; web-share\" referrerpolicy=\"strict-origin-when-cross-origin\" allowfullscreen><\/iframe><\/div>\n<p>\u201cVivemos hoje um momento pol\u00edtico de quebra da legalidade e de ascens\u00e3o do conservadorismo que legitima essas a\u00e7\u00f5es do Estado que n\u00e3o tem base jur\u00eddica e que se d\u00e3o apenas pela perversidade contra pessoas que se organizam socialmente. \u00c9 triste e revelador de um contexto local e nacional.\u201d<br \/>\nAp\u00f3s ser solto, Pacheco afirmou em seu perfil no Facebook que foi detido por \u201cdesobedi\u00eancia, resist\u00eancia e desrespeito com os s\u00edmbolos nacionais\u201d. Ele citou o dramaturgo alem\u00e3o Bertolt Brecht: \u201cO fascismo \u00e9 uma cadela que est\u00e1 sempre no cio\u201d, disse.<br \/>\nA pe\u00e7a Blitz, que j\u00e1 foi apresentada pelo menos 20 vezes no centro hist\u00f3rico de Santos, faz uma critica bem-humorada sobre o papel da Pol\u00edcia Militar, questionando tamb\u00e9m abusos e as mortes de inocentes envolvendo a corpora\u00e7\u00e3o. A produ\u00e7\u00e3o \u00e9 financiada pelo pr\u00f3prio governo de S\u00e3o Paulo, por meio do Programa de A\u00e7\u00e3o Cultural (Proac), nas modalidades ICMS e Editais.  Para a apresenta\u00e7\u00e3o de ontem, os atores usaram um ponto de energia de um pr\u00e9dio do governo estadual.<\/p>\n<p>\u201cOs policiais n\u00e3o sabiam exatamente o que estavam fazendo ali. Havia alega\u00e7\u00e3o que as caixas de som estavam provocando muito barulho e atrapalhando. Mas a pra\u00e7a no final de domingo estava com todos os com\u00e9rcios fechados e n\u00e3o havia movimento. Em um determinado momento, em uma discuss\u00e3o, um dos policiais disse que o problema n\u00e3o era o som, mas o tom da pe\u00e7a, que \u00e9 uma s\u00e1tira \u00e0 pol\u00edcia\u201d, disse o jornalista Marcus Vinicius Batista, que acompanhava o espet\u00e1culo, em entrevista \u00e0 r\u00e1dio CBN. \u201cFoi uma a\u00e7\u00e3o de censura.\u201d<\/p>\n<p>Em comunicado oficial, o comando de policiamento da Baixada Santista informou que requisitou registros da ocorr\u00eancia e ir\u00e1 analisar a conduta dos policiais para verificar se princ\u00edpios constitucionais foram assegurados. A oficial que estava de plant\u00e3o no momento ser\u00e1 ouvida e os organizadores tamb\u00e9m ser\u00e3o convidados para dar depoimento.<\/p>\n","protected":false},"excerpt":{"rendered":"<p>\u2018\u00c9 um gatilho de fascismo que depois de acionado n\u00e3o volta\u2019, diz ator preso.<\/p>\n","protected":false},"author":1,"featured_media":0,"comment_status":"closed","ping_status":"open","sticky":false,"template":"","format":"standard","meta":{"_exactmetrics_skip_tracking":false,"_exactmetrics_sitenote_active":false,"_exactmetrics_sitenote_note":"","_exactmetrics_sitenote_category":0,"jetpack_post_was_ever_published":false,"_jetpack_newsletter_access":"","_jetpack_dont_email_post_to_subs":false,"_jetpack_newsletter_tier_id":0,"_jetpack_memberships_contains_paywalled_content":false,"_jetpack_memberships_contains_paid_content":false,"footnotes":"","jetpack_publicize_message":"","jetpack_publicize_feature_enabled":true,"jetpack_social_post_already_shared":true,"jetpack_social_options":{"image_generator_settings":{"template":"highway","enabled":false},"version":2}},"categories":[1],"tags":[],"class_list":["post-5521","post","type-post","status-publish","format-standard","hentry","category-notas"],"jetpack_publicize_connections":[],"jetpack_sharing_enabled":true,"jetpack_featured_media_url":"","jetpack_shortlink":"https:\/\/wp.me\/p7wKYW-1r3","jetpack-related-posts":[],"_links":{"self":[{"href":"http:\/\/blogdalucianaoliveira.com.br\/blog\/wp-json\/wp\/v2\/posts\/5521","targetHints":{"allow":["GET"]}}],"collection":[{"href":"http:\/\/blogdalucianaoliveira.com.br\/blog\/wp-json\/wp\/v2\/posts"}],"about":[{"href":"http:\/\/blogdalucianaoliveira.com.br\/blog\/wp-json\/wp\/v2\/types\/post"}],"author":[{"embeddable":true,"href":"http:\/\/blogdalucianaoliveira.com.br\/blog\/wp-json\/wp\/v2\/users\/1"}],"replies":[{"embeddable":true,"href":"http:\/\/blogdalucianaoliveira.com.br\/blog\/wp-json\/wp\/v2\/comments?post=5521"}],"version-history":[{"count":2,"href":"http:\/\/blogdalucianaoliveira.com.br\/blog\/wp-json\/wp\/v2\/posts\/5521\/revisions"}],"predecessor-version":[{"id":5524,"href":"http:\/\/blogdalucianaoliveira.com.br\/blog\/wp-json\/wp\/v2\/posts\/5521\/revisions\/5524"}],"wp:attachment":[{"href":"http:\/\/blogdalucianaoliveira.com.br\/blog\/wp-json\/wp\/v2\/media?parent=5521"}],"wp:term":[{"taxonomy":"category","embeddable":true,"href":"http:\/\/blogdalucianaoliveira.com.br\/blog\/wp-json\/wp\/v2\/categories?post=5521"},{"taxonomy":"post_tag","embeddable":true,"href":"http:\/\/blogdalucianaoliveira.com.br\/blog\/wp-json\/wp\/v2\/tags?post=5521"}],"curies":[{"name":"wp","href":"https:\/\/api.w.org\/{rel}","templated":true}]}}