{"id":5525,"date":"2016-11-01T09:46:45","date_gmt":"2016-11-01T13:46:45","guid":{"rendered":"http:\/\/blogdalucianaoliveira.com.br\/blog\/?p=5525"},"modified":"2016-11-01T09:46:45","modified_gmt":"2016-11-01T13:46:45","slug":"estudantes-decidem-ocupar-unb-e-movimento-cresce","status":"publish","type":"post","link":"http:\/\/blogdalucianaoliveira.com.br\/blog\/2016\/11\/01\/estudantes-decidem-ocupar-unb-e-movimento-cresce\/","title":{"rendered":"ESTUDANTES DECIDEM OCUPAR UNB E MOVIMENTO CRESCE"},"content":{"rendered":"<p><img data-recalc-dims=\"1\" loading=\"lazy\" decoding=\"async\" data-attachment-id=\"5526\" data-permalink=\"http:\/\/blogdalucianaoliveira.com.br\/blog\/2016\/11\/01\/estudantes-decidem-ocupar-unb-e-movimento-cresce\/unb1\/\" data-orig-file=\"https:\/\/i0.wp.com\/blogdalucianaoliveira.com.br\/blog\/wp-content\/uploads\/2016\/11\/unb1.jpg?fit=1000%2C357\" data-orig-size=\"1000,357\" data-comments-opened=\"0\" data-image-meta=\"{&quot;aperture&quot;:&quot;0&quot;,&quot;credit&quot;:&quot;&quot;,&quot;camera&quot;:&quot;&quot;,&quot;caption&quot;:&quot;&quot;,&quot;created_timestamp&quot;:&quot;0&quot;,&quot;copyright&quot;:&quot;&quot;,&quot;focal_length&quot;:&quot;0&quot;,&quot;iso&quot;:&quot;0&quot;,&quot;shutter_speed&quot;:&quot;0&quot;,&quot;title&quot;:&quot;&quot;,&quot;orientation&quot;:&quot;0&quot;}\" data-image-title=\"unb1\" data-image-description=\"\" data-image-caption=\"\" data-medium-file=\"https:\/\/i0.wp.com\/blogdalucianaoliveira.com.br\/blog\/wp-content\/uploads\/2016\/11\/unb1.jpg?fit=300%2C107\" data-large-file=\"https:\/\/i0.wp.com\/blogdalucianaoliveira.com.br\/blog\/wp-content\/uploads\/2016\/11\/unb1.jpg?fit=600%2C214\" src=\"https:\/\/i0.wp.com\/blogdalucianaoliveira.com.br\/blog\/wp-content\/uploads\/2016\/11\/unb1.jpg?resize=600%2C214\" alt=\"unb1\" width=\"600\" height=\"214\" class=\"alignnone size-full wp-image-5526\" srcset=\"https:\/\/i0.wp.com\/blogdalucianaoliveira.com.br\/blog\/wp-content\/uploads\/2016\/11\/unb1.jpg?w=1000 1000w, https:\/\/i0.wp.com\/blogdalucianaoliveira.com.br\/blog\/wp-content\/uploads\/2016\/11\/unb1.jpg?resize=300%2C107 300w, https:\/\/i0.wp.com\/blogdalucianaoliveira.com.br\/blog\/wp-content\/uploads\/2016\/11\/unb1.jpg?resize=768%2C274 768w, https:\/\/i0.wp.com\/blogdalucianaoliveira.com.br\/blog\/wp-content\/uploads\/2016\/11\/unb1.jpg?resize=800%2C286 800w\" sizes=\"auto, (max-width: 600px) 100vw, 600px\" \/><\/p>\n<p>Bras\u00edlia 247 &#8211; Em uma assembleia hist\u00f3rica, realizada na noite desta segunda-feira 31 com mais de 1.200 estudantes, a Universidade de Bras\u00edlia (UnB), ma das maiores do Pa\u00eds, decidiu que participar\u00e1 do movimento estudantil contra o sucateamento da educa\u00e7\u00e3o pelo governo Temer.<!--more--><\/p>\n<p>A institui\u00e7\u00e3o ser\u00e1 ocupada em protesto contra a PEC do teto dos gastos e a reforma do ensino m\u00e9dio, como outras 134 universidades no Brasil todo, de acordo com balan\u00e7o da UNE (Uni\u00e3o Nacional dos Estudantes) divulgado nesta tarde.<\/p>\n<p>&#8220;Recua, direita, recua. \u00c9 o poder popular que t\u00e1 na rua&#8221;, gritam os estudantes da UnB, que articulam a ocupa\u00e7\u00e3o da reitoria da universidade. Mais cedo, o campus da UnB em Planaltina tamb\u00e9m foi ocupado.<\/p>\n<p>Segundo a Secretaria de Educa\u00e7\u00e3o do Distrito Federal, o total de escolas ocupadas caiu de oito para sete nesta segunda-feira.<\/p>\n<p>O movimento que come\u00e7ou com os secundaristas do Paran\u00e1 j\u00e1 ocupa ao todo mais de mil institui\u00e7\u00f5es no Pa\u00eds, incluindo escolas estaduais e institutos federais.<\/p>\n<p>Em discurso no Senado nesta segunda, a estudante Ana J\u00falia, que se tornou porta-voz das ocupa\u00e7\u00f5es, afirmou que o movimento deve aumentar. &#8220;N\u00f3s vamos desenvolver m\u00e9todos de desobedi\u00eancia civil, n\u00f3s vamos levar a luta estudantil para frente, n\u00f3s vamos mostrar que n\u00e3o estamos aqui de brincadeira, e que o Brasil vai ser um pa\u00eds de todos&#8221;, declarou.<\/p>\n<p>&#8220;N\u00f3s vamos ocupar as ruas tamb\u00e9m&#8221;, acrescentou. Ana J\u00falia denunciou ainda a &#8220;repress\u00e3o violenta&#8221; contra os estudantes nas escolas ocupadas e disse que o movimento \u00e9 democr\u00e1tico.<\/p>\n","protected":false},"excerpt":{"rendered":"<p>Bras\u00edlia 247 &#8211; Em uma assembleia hist\u00f3rica, realizada na noite desta segunda-feira 31 com mais de 1.200 estudantes, a Universidade de Bras\u00edlia (UnB), ma das maiores do Pa\u00eds, decidiu que participar\u00e1 do movimento estudantil contra o sucateamento da educa\u00e7\u00e3o pelo governo Temer.<\/p>\n","protected":false},"author":1,"featured_media":0,"comment_status":"closed","ping_status":"open","sticky":false,"template":"","format":"standard","meta":{"_exactmetrics_skip_tracking":false,"_exactmetrics_sitenote_active":false,"_exactmetrics_sitenote_note":"","_exactmetrics_sitenote_category":0,"jetpack_post_was_ever_published":false,"_jetpack_newsletter_access":"","_jetpack_dont_email_post_to_subs":false,"_jetpack_newsletter_tier_id":0,"_jetpack_memberships_contains_paywalled_content":false,"_jetpack_memberships_contains_paid_content":false,"footnotes":"","jetpack_publicize_message":"","jetpack_publicize_feature_enabled":true,"jetpack_social_post_already_shared":true,"jetpack_social_options":{"image_generator_settings":{"template":"highway","enabled":false},"version":2}},"categories":[1],"tags":[],"class_list":["post-5525","post","type-post","status-publish","format-standard","hentry","category-notas"],"jetpack_publicize_connections":[],"jetpack_sharing_enabled":true,"jetpack_featured_media_url":"","jetpack_shortlink":"https:\/\/wp.me\/p7wKYW-1r7","jetpack-related-posts":[],"_links":{"self":[{"href":"http:\/\/blogdalucianaoliveira.com.br\/blog\/wp-json\/wp\/v2\/posts\/5525","targetHints":{"allow":["GET"]}}],"collection":[{"href":"http:\/\/blogdalucianaoliveira.com.br\/blog\/wp-json\/wp\/v2\/posts"}],"about":[{"href":"http:\/\/blogdalucianaoliveira.com.br\/blog\/wp-json\/wp\/v2\/types\/post"}],"author":[{"embeddable":true,"href":"http:\/\/blogdalucianaoliveira.com.br\/blog\/wp-json\/wp\/v2\/users\/1"}],"replies":[{"embeddable":true,"href":"http:\/\/blogdalucianaoliveira.com.br\/blog\/wp-json\/wp\/v2\/comments?post=5525"}],"version-history":[{"count":1,"href":"http:\/\/blogdalucianaoliveira.com.br\/blog\/wp-json\/wp\/v2\/posts\/5525\/revisions"}],"predecessor-version":[{"id":5527,"href":"http:\/\/blogdalucianaoliveira.com.br\/blog\/wp-json\/wp\/v2\/posts\/5525\/revisions\/5527"}],"wp:attachment":[{"href":"http:\/\/blogdalucianaoliveira.com.br\/blog\/wp-json\/wp\/v2\/media?parent=5525"}],"wp:term":[{"taxonomy":"category","embeddable":true,"href":"http:\/\/blogdalucianaoliveira.com.br\/blog\/wp-json\/wp\/v2\/categories?post=5525"},{"taxonomy":"post_tag","embeddable":true,"href":"http:\/\/blogdalucianaoliveira.com.br\/blog\/wp-json\/wp\/v2\/tags?post=5525"}],"curies":[{"name":"wp","href":"https:\/\/api.w.org\/{rel}","templated":true}]}}