{"id":5528,"date":"2016-11-01T11:02:38","date_gmt":"2016-11-01T15:02:38","guid":{"rendered":"http:\/\/blogdalucianaoliveira.com.br\/blog\/?p=5528"},"modified":"2016-11-01T11:03:49","modified_gmt":"2016-11-01T15:03:49","slug":"o-som-da-finada-democracia","status":"publish","type":"post","link":"http:\/\/blogdalucianaoliveira.com.br\/blog\/2016\/11\/01\/o-som-da-finada-democracia\/","title":{"rendered":"O SOM DA FINADA DEMOCRACIA"},"content":{"rendered":"<p><img data-recalc-dims=\"1\" loading=\"lazy\" decoding=\"async\" data-attachment-id=\"5529\" data-permalink=\"http:\/\/blogdalucianaoliveira.com.br\/blog\/2016\/11\/01\/o-som-da-finada-democracia\/poste\/\" data-orig-file=\"https:\/\/i0.wp.com\/blogdalucianaoliveira.com.br\/blog\/wp-content\/uploads\/2016\/11\/poste.jpg?fit=960%2C696\" data-orig-size=\"960,696\" data-comments-opened=\"0\" data-image-meta=\"{&quot;aperture&quot;:&quot;0&quot;,&quot;credit&quot;:&quot;Eduardo&quot;,&quot;camera&quot;:&quot;&quot;,&quot;caption&quot;:&quot;&quot;,&quot;created_timestamp&quot;:&quot;0&quot;,&quot;copyright&quot;:&quot;&quot;,&quot;focal_length&quot;:&quot;0&quot;,&quot;iso&quot;:&quot;0&quot;,&quot;shutter_speed&quot;:&quot;0&quot;,&quot;title&quot;:&quot;&quot;,&quot;orientation&quot;:&quot;0&quot;}\" data-image-title=\"poste\" data-image-description=\"\" data-image-caption=\"\" data-medium-file=\"https:\/\/i0.wp.com\/blogdalucianaoliveira.com.br\/blog\/wp-content\/uploads\/2016\/11\/poste.jpg?fit=300%2C218\" data-large-file=\"https:\/\/i0.wp.com\/blogdalucianaoliveira.com.br\/blog\/wp-content\/uploads\/2016\/11\/poste.jpg?fit=600%2C435\" src=\"https:\/\/i0.wp.com\/blogdalucianaoliveira.com.br\/blog\/wp-content\/uploads\/2016\/11\/poste.jpg?resize=600%2C435\" alt=\"poste\" width=\"600\" height=\"435\" class=\"alignnone size-full wp-image-5529\" \/><\/p>\n<p>T\u00e3o logo os militares tomaram poder em 1964, a sede da Uni\u00e3o Nacional dos Estudantes (UNE), no Rio de Janeiro, foi metralhada e incendiada, a entidade passou \u00e0 atuar na clandestinidade e o estudante secundarista Edson Lu\u00eds de Lima Souto, 18, foi assassinado por policiais. O pa\u00eds mergulhou no caos.<!--more--><\/p>\n<p><img data-recalc-dims=\"1\" loading=\"lazy\" decoding=\"async\" data-attachment-id=\"5530\" data-permalink=\"http:\/\/blogdalucianaoliveira.com.br\/blog\/2016\/11\/01\/o-som-da-finada-democracia\/une\/\" data-orig-file=\"https:\/\/i0.wp.com\/blogdalucianaoliveira.com.br\/blog\/wp-content\/uploads\/2016\/11\/une.jpg?fit=727%2C355\" data-orig-size=\"727,355\" data-comments-opened=\"0\" data-image-meta=\"{&quot;aperture&quot;:&quot;0&quot;,&quot;credit&quot;:&quot;&quot;,&quot;camera&quot;:&quot;&quot;,&quot;caption&quot;:&quot;&quot;,&quot;created_timestamp&quot;:&quot;0&quot;,&quot;copyright&quot;:&quot;&quot;,&quot;focal_length&quot;:&quot;0&quot;,&quot;iso&quot;:&quot;0&quot;,&quot;shutter_speed&quot;:&quot;0&quot;,&quot;title&quot;:&quot;&quot;,&quot;orientation&quot;:&quot;0&quot;}\" data-image-title=\"une\" data-image-description=\"\" data-image-caption=\"\" data-medium-file=\"https:\/\/i0.wp.com\/blogdalucianaoliveira.com.br\/blog\/wp-content\/uploads\/2016\/11\/une.jpg?fit=300%2C146\" data-large-file=\"https:\/\/i0.wp.com\/blogdalucianaoliveira.com.br\/blog\/wp-content\/uploads\/2016\/11\/une.jpg?fit=600%2C293\" src=\"https:\/\/i0.wp.com\/blogdalucianaoliveira.com.br\/blog\/wp-content\/uploads\/2016\/11\/une.jpg?resize=600%2C293\" alt=\"une\" width=\"600\" height=\"293\" class=\"alignnone size-full wp-image-5530\" srcset=\"https:\/\/i0.wp.com\/blogdalucianaoliveira.com.br\/blog\/wp-content\/uploads\/2016\/11\/une.jpg?w=727 727w, https:\/\/i0.wp.com\/blogdalucianaoliveira.com.br\/blog\/wp-content\/uploads\/2016\/11\/une.jpg?resize=300%2C146 300w, https:\/\/i0.wp.com\/blogdalucianaoliveira.com.br\/blog\/wp-content\/uploads\/2016\/11\/une.jpg?resize=614%2C300 614w\" sizes=\"auto, (max-width: 600px) 100vw, 600px\" \/><\/p>\n<p><img data-recalc-dims=\"1\" loading=\"lazy\" decoding=\"async\" data-attachment-id=\"5531\" data-permalink=\"http:\/\/blogdalucianaoliveira.com.br\/blog\/2016\/11\/01\/o-som-da-finada-democracia\/edson-luis\/\" data-orig-file=\"https:\/\/i0.wp.com\/blogdalucianaoliveira.com.br\/blog\/wp-content\/uploads\/2016\/11\/edson-luis.jpg?fit=752%2C286\" data-orig-size=\"752,286\" data-comments-opened=\"0\" data-image-meta=\"{&quot;aperture&quot;:&quot;0&quot;,&quot;credit&quot;:&quot;&quot;,&quot;camera&quot;:&quot;&quot;,&quot;caption&quot;:&quot;&quot;,&quot;created_timestamp&quot;:&quot;0&quot;,&quot;copyright&quot;:&quot;&quot;,&quot;focal_length&quot;:&quot;0&quot;,&quot;iso&quot;:&quot;0&quot;,&quot;shutter_speed&quot;:&quot;0&quot;,&quot;title&quot;:&quot;&quot;,&quot;orientation&quot;:&quot;0&quot;}\" data-image-title=\"edson-luis\" data-image-description=\"\" data-image-caption=\"\" data-medium-file=\"https:\/\/i0.wp.com\/blogdalucianaoliveira.com.br\/blog\/wp-content\/uploads\/2016\/11\/edson-luis.jpg?fit=300%2C114\" data-large-file=\"https:\/\/i0.wp.com\/blogdalucianaoliveira.com.br\/blog\/wp-content\/uploads\/2016\/11\/edson-luis.jpg?fit=600%2C228\" src=\"https:\/\/i0.wp.com\/blogdalucianaoliveira.com.br\/blog\/wp-content\/uploads\/2016\/11\/edson-luis.jpg?resize=600%2C228\" alt=\"edson-luis\" width=\"600\" height=\"228\" class=\"alignnone size-full wp-image-5531\" srcset=\"https:\/\/i0.wp.com\/blogdalucianaoliveira.com.br\/blog\/wp-content\/uploads\/2016\/11\/edson-luis.jpg?w=752 752w, https:\/\/i0.wp.com\/blogdalucianaoliveira.com.br\/blog\/wp-content\/uploads\/2016\/11\/edson-luis.jpg?resize=300%2C114 300w\" sizes=\"auto, (max-width: 600px) 100vw, 600px\" \/><\/p>\n<p>Para reprimir as manifesta\u00e7\u00f5es contra o regime da ditadura baixaram o AI-5, um coquetel molotov que autorizava arbitrariedades contra os insurgentes.<br \/>\nSe passaram 52 anos e os estudantes voltam a protagonizar a luta contra o autoritarismo que sucede um golpe.<\/p>\n<p>Mais de mil escolas seguem ocupadas em protesto contra a PEC da Morte, a 241, que imp\u00f5e cortes de verbas nas \u00e1reas sociais, na sa\u00fade e na educa\u00e7\u00e3o, e tamb\u00e9m contra a Medida Provis\u00f3ria que reforma drasticamente o ensino m\u00e9dio sem discuss\u00e3o pr\u00e9via.<\/p>\n<p>S\u00f3 no Distrito Federal h\u00e1 sete escolas ocupadas em cidades-sat\u00e9lites, cinco institutos t\u00e9cnicos federais e a Universidade de Bras\u00edlia (UnB).<\/p>\n<p><img data-recalc-dims=\"1\" loading=\"lazy\" decoding=\"async\" data-attachment-id=\"5532\" data-permalink=\"http:\/\/blogdalucianaoliveira.com.br\/blog\/2016\/11\/01\/o-som-da-finada-democracia\/brasil-protesto-unb-20140610-01-original\/\" data-orig-file=\"https:\/\/i0.wp.com\/blogdalucianaoliveira.com.br\/blog\/wp-content\/uploads\/2016\/11\/brasil-protesto-unb-20140610-01-original.jpeg?fit=680%2C453\" data-orig-size=\"680,453\" data-comments-opened=\"0\" data-image-meta=\"{&quot;aperture&quot;:&quot;0&quot;,&quot;credit&quot;:&quot;&quot;,&quot;camera&quot;:&quot;&quot;,&quot;caption&quot;:&quot;&quot;,&quot;created_timestamp&quot;:&quot;0&quot;,&quot;copyright&quot;:&quot;&quot;,&quot;focal_length&quot;:&quot;0&quot;,&quot;iso&quot;:&quot;0&quot;,&quot;shutter_speed&quot;:&quot;0&quot;,&quot;title&quot;:&quot;&quot;,&quot;orientation&quot;:&quot;0&quot;}\" data-image-title=\"brasil-protesto-unb-20140610-01-original\" data-image-description=\"\" data-image-caption=\"\" data-medium-file=\"https:\/\/i0.wp.com\/blogdalucianaoliveira.com.br\/blog\/wp-content\/uploads\/2016\/11\/brasil-protesto-unb-20140610-01-original.jpeg?fit=300%2C200\" data-large-file=\"https:\/\/i0.wp.com\/blogdalucianaoliveira.com.br\/blog\/wp-content\/uploads\/2016\/11\/brasil-protesto-unb-20140610-01-original.jpeg?fit=600%2C400\" src=\"https:\/\/i0.wp.com\/blogdalucianaoliveira.com.br\/blog\/wp-content\/uploads\/2016\/11\/brasil-protesto-unb-20140610-01-original.jpeg?resize=600%2C400\" alt=\"brasil-protesto-unb-20140610-01-original\" width=\"600\" height=\"400\" class=\"alignnone size-full wp-image-5532\" srcset=\"https:\/\/i0.wp.com\/blogdalucianaoliveira.com.br\/blog\/wp-content\/uploads\/2016\/11\/brasil-protesto-unb-20140610-01-original.jpeg?w=680 680w, https:\/\/i0.wp.com\/blogdalucianaoliveira.com.br\/blog\/wp-content\/uploads\/2016\/11\/brasil-protesto-unb-20140610-01-original.jpeg?resize=300%2C200 300w, https:\/\/i0.wp.com\/blogdalucianaoliveira.com.br\/blog\/wp-content\/uploads\/2016\/11\/brasil-protesto-unb-20140610-01-original.jpeg?resize=450%2C300 450w\" sizes=\"auto, (max-width: 600px) 100vw, 600px\" \/><\/p>\n<p>Inacreditavelmente, o juiz Alex Costa de Oliveira, da Vara da Inf\u00e2ncia e Juventude do Tribunal de Justi\u00e7a do Distrito Federal e Territ\u00f3rios (TJDFT) determinou que se reprima as ocupa\u00e7\u00f5es com t\u00e9cnicas de tortura.<\/p>\n<p>Ele mandou cortar o fornecimento de \u00e1gua, luz e g\u00e1s das unidades de ensino, impedir o acesso de familiares e amigos e pasme, fazer barulho at\u00e9 que desocupem. <\/p>\n<p>O juiz ordenou que a pol\u00edcia utilize &#8220;instrumentos sonoros cont\u00ednuos, direcionados ao local da ocupa\u00e7\u00e3o\u201d, para impedir que os estudantes tenham sono&#8221;, submetendo-os \u00e0 uma t\u00e9cnica de tortura utilizada na pris\u00e3o de Guant\u00e1namo. <\/p>\n<p><img data-recalc-dims=\"1\" loading=\"lazy\" decoding=\"async\" data-attachment-id=\"5534\" data-permalink=\"http:\/\/blogdalucianaoliveira.com.br\/blog\/2016\/11\/01\/o-som-da-finada-democracia\/guan\/\" data-orig-file=\"https:\/\/i0.wp.com\/blogdalucianaoliveira.com.br\/blog\/wp-content\/uploads\/2016\/11\/GUAN.jpeg?fit=512%2C341\" data-orig-size=\"512,341\" data-comments-opened=\"0\" data-image-meta=\"{&quot;aperture&quot;:&quot;0&quot;,&quot;credit&quot;:&quot;&quot;,&quot;camera&quot;:&quot;&quot;,&quot;caption&quot;:&quot;&quot;,&quot;created_timestamp&quot;:&quot;0&quot;,&quot;copyright&quot;:&quot;&quot;,&quot;focal_length&quot;:&quot;0&quot;,&quot;iso&quot;:&quot;0&quot;,&quot;shutter_speed&quot;:&quot;0&quot;,&quot;title&quot;:&quot;&quot;,&quot;orientation&quot;:&quot;0&quot;}\" data-image-title=\"guan\" data-image-description=\"\" data-image-caption=\"\" data-medium-file=\"https:\/\/i0.wp.com\/blogdalucianaoliveira.com.br\/blog\/wp-content\/uploads\/2016\/11\/GUAN.jpeg?fit=300%2C200\" data-large-file=\"https:\/\/i0.wp.com\/blogdalucianaoliveira.com.br\/blog\/wp-content\/uploads\/2016\/11\/GUAN.jpeg?fit=512%2C341\" src=\"https:\/\/i0.wp.com\/blogdalucianaoliveira.com.br\/blog\/wp-content\/uploads\/2016\/11\/GUAN.jpeg?resize=512%2C341\" alt=\"guan\" width=\"512\" height=\"341\" class=\"alignnone size-full wp-image-5534\" srcset=\"https:\/\/i0.wp.com\/blogdalucianaoliveira.com.br\/blog\/wp-content\/uploads\/2016\/11\/GUAN.jpeg?w=512 512w, https:\/\/i0.wp.com\/blogdalucianaoliveira.com.br\/blog\/wp-content\/uploads\/2016\/11\/GUAN.jpeg?resize=300%2C200 300w, https:\/\/i0.wp.com\/blogdalucianaoliveira.com.br\/blog\/wp-content\/uploads\/2016\/11\/GUAN.jpeg?resize=450%2C300 450w\" sizes=\"auto, (max-width: 512px) 100vw, 512px\" \/><\/p>\n<p>A t\u00e1tica de convencimento por tortura psicol\u00f3gica afeta, inclusive, moradores vizinhos.<\/p>\n<p>O juiz da Inf\u00e2ncia e Juventude ainda ressaltou na decis\u00e3o  que a cumpram independentemente da presen\u00e7a de menores no local.<\/p>\n<p>&#8220;\u00c9 uma reedi\u00e7\u00e3o de t\u00e9cnicas de tortura. S\u00e3o considerados meios mais amenos, por assim dizer, por que n\u00e3o tem viol\u00eancia direta, mas isso agride f\u00edsica e mentalmente os estudantes. Visa criar o caos entre os jovens. N\u00e3o \u00e9 para convencer. \u00c9 autorit\u00e1rio e violento&#8221;, afirmou o advogado Renan Quinalha, que auxiliou os trabalhos da Comiss\u00e3o da Verdade do Estado de S\u00e3o Paulo.<\/p>\n<p>Folheie o calend\u00e1rio por meio da literatura e ache dia 31 de outubro, s\u00f3 que de 1964, e ver\u00e1 que na mesma data alunas da Faculdade de Filosofia da Universidade de Santa, no Rio de Janeiro, encenavam o \u201cEnterro da UNE\u201d. <\/p>\n<p>Com um cortejo f\u00fanebre lamentavam: \u201cParticipamos aos colegas o falecimento do \u00f3rg\u00e3o m\u00e1ximo do movimento estudantil brasileiro \u2013 a UNE. Est\u00e1 consumada a press\u00e3o governamental, atentando contra um dos mais sagrados direitos do Homem \u2013 o da liberdade, na pessoa do estudante do Brasil.\u201d<\/p>\n<p>Neste 31, os estudantes reafirmaram que o som da finada democracia n\u00e3o os far\u00e1 assumir o papel de carpideiras.<br \/>\nV\u00e3o lutar! De novo.<\/p>\n","protected":false},"excerpt":{"rendered":"<p>T\u00e3o logo os militares tomaram poder em 1964, a sede da Uni\u00e3o Nacional dos Estudantes (UNE), no Rio de Janeiro, foi metralhada e incendiada, a entidade passou \u00e0 atuar na clandestinidade e o estudante secundarista Edson Lu\u00eds de Lima Souto, 18, foi assassinado por policiais. O pa\u00eds mergulhou no caos.<\/p>\n","protected":false},"author":1,"featured_media":0,"comment_status":"closed","ping_status":"open","sticky":false,"template":"","format":"standard","meta":{"_exactmetrics_skip_tracking":false,"_exactmetrics_sitenote_active":false,"_exactmetrics_sitenote_note":"","_exactmetrics_sitenote_category":0,"jetpack_post_was_ever_published":false,"_jetpack_newsletter_access":"","_jetpack_dont_email_post_to_subs":false,"_jetpack_newsletter_tier_id":0,"_jetpack_memberships_contains_paywalled_content":false,"_jetpack_memberships_contains_paid_content":false,"footnotes":"","jetpack_publicize_message":"","jetpack_publicize_feature_enabled":true,"jetpack_social_post_already_shared":true,"jetpack_social_options":{"image_generator_settings":{"template":"highway","enabled":false},"version":2}},"categories":[1],"tags":[],"class_list":["post-5528","post","type-post","status-publish","format-standard","hentry","category-notas"],"jetpack_publicize_connections":[],"jetpack_sharing_enabled":true,"jetpack_featured_media_url":"","jetpack_shortlink":"https:\/\/wp.me\/p7wKYW-1ra","jetpack-related-posts":[],"_links":{"self":[{"href":"http:\/\/blogdalucianaoliveira.com.br\/blog\/wp-json\/wp\/v2\/posts\/5528","targetHints":{"allow":["GET"]}}],"collection":[{"href":"http:\/\/blogdalucianaoliveira.com.br\/blog\/wp-json\/wp\/v2\/posts"}],"about":[{"href":"http:\/\/blogdalucianaoliveira.com.br\/blog\/wp-json\/wp\/v2\/types\/post"}],"author":[{"embeddable":true,"href":"http:\/\/blogdalucianaoliveira.com.br\/blog\/wp-json\/wp\/v2\/users\/1"}],"replies":[{"embeddable":true,"href":"http:\/\/blogdalucianaoliveira.com.br\/blog\/wp-json\/wp\/v2\/comments?post=5528"}],"version-history":[{"count":4,"href":"http:\/\/blogdalucianaoliveira.com.br\/blog\/wp-json\/wp\/v2\/posts\/5528\/revisions"}],"predecessor-version":[{"id":5537,"href":"http:\/\/blogdalucianaoliveira.com.br\/blog\/wp-json\/wp\/v2\/posts\/5528\/revisions\/5537"}],"wp:attachment":[{"href":"http:\/\/blogdalucianaoliveira.com.br\/blog\/wp-json\/wp\/v2\/media?parent=5528"}],"wp:term":[{"taxonomy":"category","embeddable":true,"href":"http:\/\/blogdalucianaoliveira.com.br\/blog\/wp-json\/wp\/v2\/categories?post=5528"},{"taxonomy":"post_tag","embeddable":true,"href":"http:\/\/blogdalucianaoliveira.com.br\/blog\/wp-json\/wp\/v2\/tags?post=5528"}],"curies":[{"name":"wp","href":"https:\/\/api.w.org\/{rel}","templated":true}]}}