{"id":5924,"date":"2016-11-16T09:42:14","date_gmt":"2016-11-16T13:42:14","guid":{"rendered":"http:\/\/blogdalucianaoliveira.com.br\/blog\/?p=5924"},"modified":"2016-11-16T09:42:14","modified_gmt":"2016-11-16T13:42:14","slug":"pai-mata-o-filho-e-comete-suicido-por-odio-a-movimentos-sociais-e-ha-quem-culpe-o-filho","status":"publish","type":"post","link":"http:\/\/blogdalucianaoliveira.com.br\/blog\/2016\/11\/16\/pai-mata-o-filho-e-comete-suicido-por-odio-a-movimentos-sociais-e-ha-quem-culpe-o-filho\/","title":{"rendered":"Pai mata o filho e comete suic\u00eddo por \u00f3dio a movimentos sociais e h\u00e1 quem culpe o filho"},"content":{"rendered":"<p><img data-recalc-dims=\"1\" loading=\"lazy\" decoding=\"async\" data-attachment-id=\"5927\" data-permalink=\"http:\/\/blogdalucianaoliveira.com.br\/blog\/2016\/11\/16\/pai-mata-o-filho-e-comete-suicido-por-odio-a-movimentos-sociais-e-ha-quem-culpe-o-filho\/ignorante-3\/\" data-orig-file=\"https:\/\/i0.wp.com\/blogdalucianaoliveira.com.br\/blog\/wp-content\/uploads\/2016\/11\/ignorante-2.jpg?fit=737%2C246\" data-orig-size=\"737,246\" data-comments-opened=\"0\" data-image-meta=\"{&quot;aperture&quot;:&quot;0&quot;,&quot;credit&quot;:&quot;&quot;,&quot;camera&quot;:&quot;&quot;,&quot;caption&quot;:&quot;&quot;,&quot;created_timestamp&quot;:&quot;0&quot;,&quot;copyright&quot;:&quot;&quot;,&quot;focal_length&quot;:&quot;0&quot;,&quot;iso&quot;:&quot;0&quot;,&quot;shutter_speed&quot;:&quot;0&quot;,&quot;title&quot;:&quot;&quot;,&quot;orientation&quot;:&quot;0&quot;}\" data-image-title=\"ignorante\" data-image-description=\"\" data-image-caption=\"\" data-medium-file=\"https:\/\/i0.wp.com\/blogdalucianaoliveira.com.br\/blog\/wp-content\/uploads\/2016\/11\/ignorante-2.jpg?fit=300%2C100\" data-large-file=\"https:\/\/i0.wp.com\/blogdalucianaoliveira.com.br\/blog\/wp-content\/uploads\/2016\/11\/ignorante-2.jpg?fit=600%2C200\" src=\"https:\/\/i0.wp.com\/blogdalucianaoliveira.com.br\/blog\/wp-content\/uploads\/2016\/11\/ignorante-2.jpg?resize=600%2C200\" alt=\"ignorante\" width=\"600\" height=\"200\" class=\"alignnone size-full wp-image-5927\" srcset=\"https:\/\/i0.wp.com\/blogdalucianaoliveira.com.br\/blog\/wp-content\/uploads\/2016\/11\/ignorante-2.jpg?w=737 737w, https:\/\/i0.wp.com\/blogdalucianaoliveira.com.br\/blog\/wp-content\/uploads\/2016\/11\/ignorante-2.jpg?resize=300%2C100 300w\" sizes=\"auto, (max-width: 600px) 100vw, 600px\" \/><\/p>\n<p>A trag\u00e9dia chocou o pa\u00eds pela motiva\u00e7\u00e3o: a intoler\u00e2ncia do pai.<\/p>\n<p>O idoso de 60 anos matou a tiros o filho, de 20, e depois se matou.<\/p>\n<p>&#8220;Eles tinham um conflito familiar. O pai n\u00e3o aceitava o envolvimento do filho em movimentos sociais&#8221;, disse o delegado Hellyton de Carvalho.<\/p>\n","protected":false},"excerpt":{"rendered":"<p>A trag\u00e9dia chocou o pa\u00eds pela motiva\u00e7\u00e3o: a intoler\u00e2ncia do pai. O idoso de 60 anos matou a tiros o filho, de 20, e depois se matou. &#8220;Eles tinham um conflito familiar. O pai n\u00e3o aceitava o envolvimento do filho em movimentos sociais&#8221;, disse o delegado Hellyton de Carvalho.<\/p>\n","protected":false},"author":1,"featured_media":0,"comment_status":"closed","ping_status":"open","sticky":false,"template":"","format":"standard","meta":{"_exactmetrics_skip_tracking":false,"_exactmetrics_sitenote_active":false,"_exactmetrics_sitenote_note":"","_exactmetrics_sitenote_category":0,"jetpack_post_was_ever_published":false,"_jetpack_newsletter_access":"","_jetpack_dont_email_post_to_subs":false,"_jetpack_newsletter_tier_id":0,"_jetpack_memberships_contains_paywalled_content":false,"_jetpack_memberships_contains_paid_content":false,"footnotes":"","jetpack_publicize_message":"","jetpack_publicize_feature_enabled":true,"jetpack_social_post_already_shared":true,"jetpack_social_options":{"image_generator_settings":{"template":"highway","enabled":false},"version":2}},"categories":[1],"tags":[],"class_list":["post-5924","post","type-post","status-publish","format-standard","hentry","category-notas"],"jetpack_publicize_connections":[],"jetpack_sharing_enabled":true,"jetpack_featured_media_url":"","jetpack_shortlink":"https:\/\/wp.me\/p7wKYW-1xy","jetpack-related-posts":[],"_links":{"self":[{"href":"http:\/\/blogdalucianaoliveira.com.br\/blog\/wp-json\/wp\/v2\/posts\/5924","targetHints":{"allow":["GET"]}}],"collection":[{"href":"http:\/\/blogdalucianaoliveira.com.br\/blog\/wp-json\/wp\/v2\/posts"}],"about":[{"href":"http:\/\/blogdalucianaoliveira.com.br\/blog\/wp-json\/wp\/v2\/types\/post"}],"author":[{"embeddable":true,"href":"http:\/\/blogdalucianaoliveira.com.br\/blog\/wp-json\/wp\/v2\/users\/1"}],"replies":[{"embeddable":true,"href":"http:\/\/blogdalucianaoliveira.com.br\/blog\/wp-json\/wp\/v2\/comments?post=5924"}],"version-history":[{"count":3,"href":"http:\/\/blogdalucianaoliveira.com.br\/blog\/wp-json\/wp\/v2\/posts\/5924\/revisions"}],"predecessor-version":[{"id":5930,"href":"http:\/\/blogdalucianaoliveira.com.br\/blog\/wp-json\/wp\/v2\/posts\/5924\/revisions\/5930"}],"wp:attachment":[{"href":"http:\/\/blogdalucianaoliveira.com.br\/blog\/wp-json\/wp\/v2\/media?parent=5924"}],"wp:term":[{"taxonomy":"category","embeddable":true,"href":"http:\/\/blogdalucianaoliveira.com.br\/blog\/wp-json\/wp\/v2\/categories?post=5924"},{"taxonomy":"post_tag","embeddable":true,"href":"http:\/\/blogdalucianaoliveira.com.br\/blog\/wp-json\/wp\/v2\/tags?post=5924"}],"curies":[{"name":"wp","href":"https:\/\/api.w.org\/{rel}","templated":true}]}}