{"id":5935,"date":"2016-11-16T12:07:07","date_gmt":"2016-11-16T16:07:07","guid":{"rendered":"http:\/\/blogdalucianaoliveira.com.br\/blog\/?p=5935"},"modified":"2016-11-16T12:11:12","modified_gmt":"2016-11-16T16:11:12","slug":"e-os-23-milhoes-de-propina-ao-serra-pergunta-la-no-posto-ipiranga","status":"publish","type":"post","link":"http:\/\/blogdalucianaoliveira.com.br\/blog\/2016\/11\/16\/e-os-23-milhoes-de-propina-ao-serra-pergunta-la-no-posto-ipiranga\/","title":{"rendered":"E os 23 milh\u00f5es de propina ao Serra? Pergunta l\u00e1 no Posto Ipiranga"},"content":{"rendered":"<p><img data-recalc-dims=\"1\" loading=\"lazy\" decoding=\"async\" data-attachment-id=\"5940\" data-permalink=\"http:\/\/blogdalucianaoliveira.com.br\/blog\/2016\/11\/16\/e-os-23-milhoes-de-propina-ao-serra-pergunta-la-no-posto-ipiranga\/ipiranga\/\" data-orig-file=\"https:\/\/i0.wp.com\/blogdalucianaoliveira.com.br\/blog\/wp-content\/uploads\/2016\/11\/ipiranga.jpg?fit=680%2C453\" data-orig-size=\"680,453\" data-comments-opened=\"0\" data-image-meta=\"{&quot;aperture&quot;:&quot;0&quot;,&quot;credit&quot;:&quot;&quot;,&quot;camera&quot;:&quot;&quot;,&quot;caption&quot;:&quot;&quot;,&quot;created_timestamp&quot;:&quot;0&quot;,&quot;copyright&quot;:&quot;&quot;,&quot;focal_length&quot;:&quot;0&quot;,&quot;iso&quot;:&quot;0&quot;,&quot;shutter_speed&quot;:&quot;0&quot;,&quot;title&quot;:&quot;&quot;,&quot;orientation&quot;:&quot;0&quot;}\" data-image-title=\"ipiranga\" data-image-description=\"\" data-image-caption=\"\" data-medium-file=\"https:\/\/i0.wp.com\/blogdalucianaoliveira.com.br\/blog\/wp-content\/uploads\/2016\/11\/ipiranga.jpg?fit=300%2C200\" data-large-file=\"https:\/\/i0.wp.com\/blogdalucianaoliveira.com.br\/blog\/wp-content\/uploads\/2016\/11\/ipiranga.jpg?fit=600%2C400\" src=\"https:\/\/i0.wp.com\/blogdalucianaoliveira.com.br\/blog\/wp-content\/uploads\/2016\/11\/ipiranga.jpg?resize=600%2C400\" alt=\"ipiranga\" width=\"600\" height=\"400\" class=\"alignnone size-full wp-image-5940\" srcset=\"https:\/\/i0.wp.com\/blogdalucianaoliveira.com.br\/blog\/wp-content\/uploads\/2016\/11\/ipiranga.jpg?w=680 680w, https:\/\/i0.wp.com\/blogdalucianaoliveira.com.br\/blog\/wp-content\/uploads\/2016\/11\/ipiranga.jpg?resize=300%2C200 300w, https:\/\/i0.wp.com\/blogdalucianaoliveira.com.br\/blog\/wp-content\/uploads\/2016\/11\/ipiranga.jpg?resize=450%2C300 450w\" sizes=\"auto, (max-width: 600px) 100vw, 600px\" \/><\/p>\n<p>Que a propaganda da rede de postos Ipiranga \u00e9 um sucesso de publicidade, ningu\u00e9m discorda.<!--more--><\/p>\n<p>A ideia da empresa que criou essa bem-humorada e envolvente pe\u00e7a publicit\u00e1ria, a Talent, \u00e9 passar a imagem de que a rede de postos de combust\u00edveis \u00e9 completa, tem tudo o que o consumidor precisa e \u00e9 conhecida nos lugares mais in\u00f3spitos por todo tipo de gente.<\/p>\n<p>A frase \u201cPergunta L\u00e1 No Posto Ipiranga\u201d virou um bord\u00e3o para perguntas dif\u00edceis. <\/p>\n<p>Para o \u00edcone da publicidade, Nizan Guanaes, \u201cse voc\u00ea quer saber o que \u00e9 propaganda que vende, de onde veio, para onde vai, se \u00e9 digital, tradicional etc.; \u00e9 f\u00e1cil encontrar a resposta. Pergunta l\u00e1 no posto Ipiranga.\u201d<\/p>\n<p>S\u00f3 que \u00e0s vezes aparece um aloprado que acaba transformando uma genial cria\u00e7\u00e3o de marketing numa faca de dois gumes.<\/p>\n<p>O dono do posto Ipiranga na Av. 13 de Maio, 756, em Ribeir\u00e3o Preto (SP), Silvio Capel\u00e3o, tem por h\u00e1bito promover protestos com faixas no estabelecimento contra o PT, Dilma e Lula.<\/p>\n<p><img data-recalc-dims=\"1\" loading=\"lazy\" decoding=\"async\" data-attachment-id=\"5938\" data-permalink=\"http:\/\/blogdalucianaoliveira.com.br\/blog\/2016\/11\/16\/e-os-23-milhoes-de-propina-ao-serra-pergunta-la-no-posto-ipiranga\/dilmaposto\/\" data-orig-file=\"https:\/\/i0.wp.com\/blogdalucianaoliveira.com.br\/blog\/wp-content\/uploads\/2016\/11\/dilmaposto.jpg?fit=880%2C550\" data-orig-size=\"880,550\" data-comments-opened=\"0\" data-image-meta=\"{&quot;aperture&quot;:&quot;0&quot;,&quot;credit&quot;:&quot;&quot;,&quot;camera&quot;:&quot;&quot;,&quot;caption&quot;:&quot;&quot;,&quot;created_timestamp&quot;:&quot;0&quot;,&quot;copyright&quot;:&quot;&quot;,&quot;focal_length&quot;:&quot;0&quot;,&quot;iso&quot;:&quot;0&quot;,&quot;shutter_speed&quot;:&quot;0&quot;,&quot;title&quot;:&quot;&quot;,&quot;orientation&quot;:&quot;0&quot;}\" data-image-title=\"dilmaposto\" data-image-description=\"\" data-image-caption=\"\" data-medium-file=\"https:\/\/i0.wp.com\/blogdalucianaoliveira.com.br\/blog\/wp-content\/uploads\/2016\/11\/dilmaposto.jpg?fit=300%2C188\" data-large-file=\"https:\/\/i0.wp.com\/blogdalucianaoliveira.com.br\/blog\/wp-content\/uploads\/2016\/11\/dilmaposto.jpg?fit=600%2C375\" src=\"https:\/\/i0.wp.com\/blogdalucianaoliveira.com.br\/blog\/wp-content\/uploads\/2016\/11\/dilmaposto.jpg?resize=600%2C375\" alt=\"dilmaposto\" width=\"600\" height=\"375\" class=\"alignnone size-full wp-image-5938\" \/><\/p>\n<p>No Facebook, o empres\u00e1rio declarou apoio ao impeachment e compartilhou montagens grotescas da ex-presidenta e at\u00e9 foto de manifesta\u00e7\u00e3o que pedia a volta dos militares.<\/p>\n<p><img data-recalc-dims=\"1\" loading=\"lazy\" decoding=\"async\" data-attachment-id=\"5937\" data-permalink=\"http:\/\/blogdalucianaoliveira.com.br\/blog\/2016\/11\/16\/e-os-23-milhoes-de-propina-ao-serra-pergunta-la-no-posto-ipiranga\/militar\/\" data-orig-file=\"https:\/\/i0.wp.com\/blogdalucianaoliveira.com.br\/blog\/wp-content\/uploads\/2016\/11\/militar.jpg?fit=525%2C350\" data-orig-size=\"525,350\" data-comments-opened=\"0\" data-image-meta=\"{&quot;aperture&quot;:&quot;0&quot;,&quot;credit&quot;:&quot;&quot;,&quot;camera&quot;:&quot;&quot;,&quot;caption&quot;:&quot;&quot;,&quot;created_timestamp&quot;:&quot;0&quot;,&quot;copyright&quot;:&quot;&quot;,&quot;focal_length&quot;:&quot;0&quot;,&quot;iso&quot;:&quot;0&quot;,&quot;shutter_speed&quot;:&quot;0&quot;,&quot;title&quot;:&quot;&quot;,&quot;orientation&quot;:&quot;0&quot;}\" data-image-title=\"militar\" data-image-description=\"\" data-image-caption=\"\" data-medium-file=\"https:\/\/i0.wp.com\/blogdalucianaoliveira.com.br\/blog\/wp-content\/uploads\/2016\/11\/militar.jpg?fit=300%2C200\" data-large-file=\"https:\/\/i0.wp.com\/blogdalucianaoliveira.com.br\/blog\/wp-content\/uploads\/2016\/11\/militar.jpg?fit=525%2C350\" src=\"https:\/\/i0.wp.com\/blogdalucianaoliveira.com.br\/blog\/wp-content\/uploads\/2016\/11\/militar.jpg?resize=525%2C350\" alt=\"militar\" width=\"525\" height=\"350\" class=\"alignnone size-full wp-image-5937\" srcset=\"https:\/\/i0.wp.com\/blogdalucianaoliveira.com.br\/blog\/wp-content\/uploads\/2016\/11\/militar.jpg?w=525 525w, https:\/\/i0.wp.com\/blogdalucianaoliveira.com.br\/blog\/wp-content\/uploads\/2016\/11\/militar.jpg?resize=300%2C200 300w, https:\/\/i0.wp.com\/blogdalucianaoliveira.com.br\/blog\/wp-content\/uploads\/2016\/11\/militar.jpg?resize=450%2C300 450w\" sizes=\"auto, (max-width: 525px) 100vw, 525px\" \/><\/p>\n<p>\u00c9 um leg\u00edtimo aloprado garoto propaganda da direita raivosa.<\/p>\n<p>O limite da liberdade de express\u00e3o est\u00e1 sendo questionado por meio de uma petic\u00e3o virtual com mais de cinco mil assinaturas, que sugere \u201cBoicote ao Posto Ipiranga por cal\u00fania e difama\u00e7\u00e3o contra LULA.\u201d<\/p>\n<p>https:\/\/secure.avaaz.org\/po\/petition\/wwwipirangacombr_Retirada_de_faixa_com_calunia_e_difamacao_contra_Lula_em_posto_de_gasolina\/<\/p>\n<p><img data-recalc-dims=\"1\" loading=\"lazy\" decoding=\"async\" data-attachment-id=\"5936\" data-permalink=\"http:\/\/blogdalucianaoliveira.com.br\/blog\/2016\/11\/16\/e-os-23-milhoes-de-propina-ao-serra-pergunta-la-no-posto-ipiranga\/lulaposto\/\" data-orig-file=\"https:\/\/i0.wp.com\/blogdalucianaoliveira.com.br\/blog\/wp-content\/uploads\/2016\/11\/lulaposto.jpeg?fit=600%2C297\" data-orig-size=\"600,297\" data-comments-opened=\"0\" data-image-meta=\"{&quot;aperture&quot;:&quot;0&quot;,&quot;credit&quot;:&quot;&quot;,&quot;camera&quot;:&quot;&quot;,&quot;caption&quot;:&quot;&quot;,&quot;created_timestamp&quot;:&quot;0&quot;,&quot;copyright&quot;:&quot;&quot;,&quot;focal_length&quot;:&quot;0&quot;,&quot;iso&quot;:&quot;0&quot;,&quot;shutter_speed&quot;:&quot;0&quot;,&quot;title&quot;:&quot;&quot;,&quot;orientation&quot;:&quot;0&quot;}\" data-image-title=\"lulaposto\" data-image-description=\"\" data-image-caption=\"\" data-medium-file=\"https:\/\/i0.wp.com\/blogdalucianaoliveira.com.br\/blog\/wp-content\/uploads\/2016\/11\/lulaposto.jpeg?fit=300%2C149\" data-large-file=\"https:\/\/i0.wp.com\/blogdalucianaoliveira.com.br\/blog\/wp-content\/uploads\/2016\/11\/lulaposto.jpeg?fit=600%2C297\" src=\"https:\/\/i0.wp.com\/blogdalucianaoliveira.com.br\/blog\/wp-content\/uploads\/2016\/11\/lulaposto.jpeg?resize=600%2C297\" alt=\"lulaposto\" width=\"600\" height=\"297\" class=\"alignnone size-full wp-image-5936\" srcset=\"https:\/\/i0.wp.com\/blogdalucianaoliveira.com.br\/blog\/wp-content\/uploads\/2016\/11\/lulaposto.jpeg?w=600 600w, https:\/\/i0.wp.com\/blogdalucianaoliveira.com.br\/blog\/wp-content\/uploads\/2016\/11\/lulaposto.jpeg?resize=300%2C149 300w\" sizes=\"auto, (max-width: 600px) 100vw, 600px\" \/><\/p>\n<p>A falta de bom senso do empres\u00e1rio \u00e9 que parece n\u00e3o ter limite, pois a faixa constrange clientes e imp\u00f5e discrimina\u00e7\u00e3o de natureza pol\u00edtica.<\/p>\n<p>Ao posto que a propaganda insinua que h\u00e1 resposta pra tudo, d\u00e1 pra encaminhar v\u00e1rias perguntas dif\u00edceis sobre mensal\u00f5es, trensal\u00e3o e petrol\u00e3o, mas sugiro recentes:<\/p>\n<p>&#8211; Por que a imprensa tem ignorado dela\u00e7\u00e3o da Odebrecht que revela o pagamento de R$ 23 milh\u00f5es a Jos\u00e9 Serra, candidato tucano \u00e0 presid\u00eancia da Rep\u00fablica, em 2010, em forma de propina, via caixa 2, numa conta secreta na Su\u00ed\u00e7a?<\/p>\n<p>&#8211; Por que Temer n\u00e3o pediu ou mandou Serra deixar o minist\u00e9rio  antes que os executivos da empreiteira entreguem os recibos dos dep\u00f3sitos, que corrigidos pela infla\u00e7\u00e3o chegariam a mais de R$ 34 milh\u00f5es?<\/p>\n<p>&#8211; Por que os parlamentares querem mudar \u00e0s pressas regras para acordos de leni\u00eancia e beneficiar empresas investigadas pela Opera\u00e7\u00e3o Lava Jato, na imin\u00eancia da dela\u00e7\u00e3o bomb\u00e1stica da Odebrecht?<\/p>\n<p>&#8211; Anistiar caixa 2 e reduzir puni\u00e7\u00f5es a empresas envolvidas em corrup\u00e7\u00e3o n\u00e3o comprova o roteiro do \u201cPacto\u201d nacional para estancar a sangria da Lava Jato?<\/p>\n<p>&#8211;   Por que o relator do projeto de Lei 4850\/16 que contempla as Dez Medidas de Combate \u00e0 Corrup\u00e7\u00e3o, deputado Onix Lorenzoni, aceitou retirar do texto a previs\u00e3o de crime de responsabilidade para integrantes do Minist\u00e9rio P\u00fablico e ju\u00edzes?<\/p>\n<p>&#8211; E a propina de 1 milh\u00e3o de reais que Ot\u00e1vio Azevedo, ex-presidente da Andrade Gutierrez, disse que deu \u00e0 chapa Dilma\/Temer e que confere com um cheque nominal do PMDB a Temer?<\/p>\n<p>&#8211; At\u00e9 dezembro rola mesmo a dela\u00e7\u00e3o que envolve 70 executivos e ex-executivos ligados ao grupo Odebrecht que promete esclarecer desvios estimados entre R$ 6 bilh\u00f5es e R$ 7 bilh\u00f5es?<\/p>\n<p>Como dito, s\u00e3o perguntas dif\u00edceis.<\/p>\n<p>Talvez no Posto Ipiranga do Silvio Capel\u00e3o, antipetista convicto e militante, haja resposta pra todas.<\/p>\n<p>Por telefone, nesta quinta-feira (16), a atendente disse que os protestos &#8211; s\u00f3 contra petistas investigados \u2013 s\u00e3o comuns no posto e que n\u00e3o podia confirmar se havia alguma faixa pendurada hoje, porque \u201cn\u00e3o dava pra ver\u201d.<\/p>\n<p>Eu, claro, usei o bord\u00e3o: pergunta l\u00e1 no Posto Ipiranga!<\/p>\n","protected":false},"excerpt":{"rendered":"<p>Que a propaganda da rede de postos Ipiranga \u00e9 um sucesso de publicidade, ningu\u00e9m discorda.<\/p>\n","protected":false},"author":1,"featured_media":0,"comment_status":"closed","ping_status":"open","sticky":false,"template":"","format":"standard","meta":{"_exactmetrics_skip_tracking":false,"_exactmetrics_sitenote_active":false,"_exactmetrics_sitenote_note":"","_exactmetrics_sitenote_category":0,"jetpack_post_was_ever_published":false,"_jetpack_newsletter_access":"","_jetpack_dont_email_post_to_subs":false,"_jetpack_newsletter_tier_id":0,"_jetpack_memberships_contains_paywalled_content":false,"_jetpack_memberships_contains_paid_content":false,"footnotes":"","jetpack_publicize_message":"","jetpack_publicize_feature_enabled":true,"jetpack_social_post_already_shared":true,"jetpack_social_options":{"image_generator_settings":{"template":"highway","enabled":false},"version":2}},"categories":[1],"tags":[78,204,26,45],"class_list":["post-5935","post","type-post","status-publish","format-standard","hentry","category-notas","tag-lula","tag-posto-ipiranga","tag-protesto","tag-temer"],"jetpack_publicize_connections":[],"jetpack_sharing_enabled":true,"jetpack_featured_media_url":"","jetpack_shortlink":"https:\/\/wp.me\/p7wKYW-1xJ","jetpack-related-posts":[],"_links":{"self":[{"href":"http:\/\/blogdalucianaoliveira.com.br\/blog\/wp-json\/wp\/v2\/posts\/5935","targetHints":{"allow":["GET"]}}],"collection":[{"href":"http:\/\/blogdalucianaoliveira.com.br\/blog\/wp-json\/wp\/v2\/posts"}],"about":[{"href":"http:\/\/blogdalucianaoliveira.com.br\/blog\/wp-json\/wp\/v2\/types\/post"}],"author":[{"embeddable":true,"href":"http:\/\/blogdalucianaoliveira.com.br\/blog\/wp-json\/wp\/v2\/users\/1"}],"replies":[{"embeddable":true,"href":"http:\/\/blogdalucianaoliveira.com.br\/blog\/wp-json\/wp\/v2\/comments?post=5935"}],"version-history":[{"count":3,"href":"http:\/\/blogdalucianaoliveira.com.br\/blog\/wp-json\/wp\/v2\/posts\/5935\/revisions"}],"predecessor-version":[{"id":5942,"href":"http:\/\/blogdalucianaoliveira.com.br\/blog\/wp-json\/wp\/v2\/posts\/5935\/revisions\/5942"}],"wp:attachment":[{"href":"http:\/\/blogdalucianaoliveira.com.br\/blog\/wp-json\/wp\/v2\/media?parent=5935"}],"wp:term":[{"taxonomy":"category","embeddable":true,"href":"http:\/\/blogdalucianaoliveira.com.br\/blog\/wp-json\/wp\/v2\/categories?post=5935"},{"taxonomy":"post_tag","embeddable":true,"href":"http:\/\/blogdalucianaoliveira.com.br\/blog\/wp-json\/wp\/v2\/tags?post=5935"}],"curies":[{"name":"wp","href":"https:\/\/api.w.org\/{rel}","templated":true}]}}