{"id":5943,"date":"2016-11-16T13:10:30","date_gmt":"2016-11-16T17:10:30","guid":{"rendered":"http:\/\/blogdalucianaoliveira.com.br\/blog\/?p=5943"},"modified":"2016-11-16T13:10:30","modified_gmt":"2016-11-16T17:10:30","slug":"a-globalizacao-se-esgotou-e-hora-dos-brics","status":"publish","type":"post","link":"http:\/\/blogdalucianaoliveira.com.br\/blog\/2016\/11\/16\/a-globalizacao-se-esgotou-e-hora-dos-brics\/","title":{"rendered":"A GLOBALIZA\u00c7\u00c3O SE ESGOTOU. \u00c9 HORA DOS BRICS"},"content":{"rendered":"<p><img data-recalc-dims=\"1\" loading=\"lazy\" decoding=\"async\" data-attachment-id=\"5944\" data-permalink=\"http:\/\/blogdalucianaoliveira.com.br\/blog\/2016\/11\/16\/a-globalizacao-se-esgotou-e-hora-dos-brics\/img_8149\/\" data-orig-file=\"https:\/\/i0.wp.com\/blogdalucianaoliveira.com.br\/blog\/wp-content\/uploads\/2016\/11\/IMG_8149.jpg?fit=749%2C469\" data-orig-size=\"749,469\" data-comments-opened=\"0\" data-image-meta=\"{&quot;aperture&quot;:&quot;0&quot;,&quot;credit&quot;:&quot;&quot;,&quot;camera&quot;:&quot;&quot;,&quot;caption&quot;:&quot;&quot;,&quot;created_timestamp&quot;:&quot;0&quot;,&quot;copyright&quot;:&quot;&quot;,&quot;focal_length&quot;:&quot;0&quot;,&quot;iso&quot;:&quot;0&quot;,&quot;shutter_speed&quot;:&quot;0&quot;,&quot;title&quot;:&quot;&quot;,&quot;orientation&quot;:&quot;0&quot;}\" data-image-title=\"img_8149\" data-image-description=\"\" data-image-caption=\"\" data-medium-file=\"https:\/\/i0.wp.com\/blogdalucianaoliveira.com.br\/blog\/wp-content\/uploads\/2016\/11\/IMG_8149.jpg?fit=300%2C188\" data-large-file=\"https:\/\/i0.wp.com\/blogdalucianaoliveira.com.br\/blog\/wp-content\/uploads\/2016\/11\/IMG_8149.jpg?fit=600%2C376\" src=\"https:\/\/i0.wp.com\/blogdalucianaoliveira.com.br\/blog\/wp-content\/uploads\/2016\/11\/IMG_8149.jpg?resize=600%2C376\" alt=\"img_8149\" width=\"600\" height=\"376\" class=\"alignnone size-full wp-image-5944\" srcset=\"https:\/\/i0.wp.com\/blogdalucianaoliveira.com.br\/blog\/wp-content\/uploads\/2016\/11\/IMG_8149.jpg?w=749 749w, https:\/\/i0.wp.com\/blogdalucianaoliveira.com.br\/blog\/wp-content\/uploads\/2016\/11\/IMG_8149.jpg?resize=300%2C188 300w, https:\/\/i0.wp.com\/blogdalucianaoliveira.com.br\/blog\/wp-content\/uploads\/2016\/11\/IMG_8149.jpg?resize=479%2C300 479w\" sizes=\"auto, (max-width: 600px) 100vw, 600px\" \/><\/p>\n<p>Por Emir Sader<br \/>\nNo 247<\/p>\n<p>Quando venceu a guerra fria, o bloco ocidental, comandado pelos EUA, anunciou que a hist\u00f3ria chegava a seu porto final. Haveria acontecimentos, mas nada fora da economia capitalista de mercado e da democracia liberal. Esse era o fim da hist\u00f3ria.<!--more--><\/p>\n<p>A globaliza\u00e7\u00e3o neoliberal se encarregava de tornar universais esses esquemas econ\u00f4micos e pol\u00edticos. A Pax americana se impunha. Mas a passagem de um mundo bipolar a um mundo unipolar, sob hegemonia imperial norteamericana n\u00e3o trouxe nem paz, nem desenvolvimento econ\u00f4mico. Ao contr\u00e1rio, se multiplicaram os focos de guerra e a recess\u00e3o econ\u00f4mica se globalizou.<\/p>\n<p>A crise recessiva no centro do sistema, iniciada em 2008, n\u00e3o tem nem prazo, nem forma de acabar. As pol\u00edticas de austeridade assumidas por todos os pa\u00edses europeus s\u00e3o maquinas de gera\u00e7\u00e3o de instabilidade social e pol\u00edtica, tirando legitimidade dos sistemas pol\u00edticos e dos partidos tradicionais.<\/p>\n<p>O Brexit foi uma express\u00e3o mais evidente do mal-estar provocado pela globaliza\u00e7\u00e3o, de que a elei\u00e7\u00e3o de Donald Trump \u00e9 a confirma\u00e7\u00e3o. Se generaliza a rejei\u00e7\u00e3o aos efeitos da globaliza\u00e7\u00e3o neoliberal. Os governos e partidos que insistem nela s\u00e3o sistematicamente derrotados. A crise de esgotamento da globaliza\u00e7\u00e3o leva consigo tamb\u00e9m a democracia liberal, que perde legitimidade ao n\u00e3o expressar os sentimentos da maioria da popula\u00e7\u00e3o.<\/p>\n<p>O fim da hist\u00f3ria desembocou no fim do neoliberalismo, com um horizonte de sua supera\u00e7\u00e3o, representado pelos BRICs. Mais que uma agrupa\u00e7\u00e3o de pa\u00edses, desde a reuni\u00e3o hist\u00f3rica realizada em Fortaleza, em 2014, os Brics desenham a nova ordem econ\u00f4mica e pol\u00edtica mundial, a que vai substituir aquela constru\u00edda no final da segunda guerra mundial, assentada no Banco Mundial, no FMI e no d\u00f3lar.<\/p>\n<p>Quando a globaliza\u00e7\u00e3o mostra seus limites, condena as economias mundiais a uma estagna\u00e7\u00e3o sem precedentes, provoca a perda de legitimidade dos sistemas pol\u00edticos assentados nela, \u00e9 um per\u00edodo hist\u00f3rico que termina. Os que falavam tanto de um suposto final de ciclo dos governos progressistas na America Latina, agora vivem o final de ciclo em carne pr\u00f3pria, com a sa\u00edda da Gr\u00e3-Bretanha da Uni\u00e3o Europeia e os questionamentos que Trump faz dos Tratados de Livre Comercio e de outros pilares da globaliza\u00e7\u00e3o.<\/p>\n<p>A globaliza\u00e7\u00e3o neoliberal se esgotou sem conseguir fazer com que a economia mundial pudesse voltar a crescer, ao contr\u00e1rio, naturalizando a recess\u00e3o em escala mundial. Tampouco conseguiu diminuir os conflitos b\u00e9licos pelo mundo afora, ao contrario, multiplicando-os.<\/p>\n<p>O mundo que surge do Brexit, da elei\u00e7\u00e3o de Trump, da profunda crise da Uni\u00e3o Europeia e, sobretudo, dos Brics, \u00e9 um mundo de transi\u00e7\u00e3o entre aquele da globaliza\u00e7\u00e3o comandada pelos EUA e seu modelo neoliberal, e o que aponta para mecanismos de retomada do crescimento, de resolu\u00e7\u00e3o negociada dos conflitos internacionais, de fortalecimento dos Estados nacionais e dos processos de integra\u00e7\u00e3o regional e de interc\u00e2mbio Sul-Sul.<\/p>\n<p>Na contram\u00e3o dessas fortes tend\u00eancias mundiais, o Brasil, com o golpe, assume uma pol\u00edtica externa med\u00edocre, conservadora, retrograda, de eleva\u00e7\u00e3o dos conflitos no plano internacional, provinciana. Se isola das tend\u00eancias e das forcas din\u00e2micas, que apontam para uma nova ordem mundial, centrada na paz e no desenvolvimento com distribui\u00e7\u00e3o de renda. Corre o grave risco de, distanciando-se dos Brics, perder a oportunidade de aprofundar a nova inser\u00e7\u00e3o internacional que vinha assumindo e ficar, de novo, relegado, como nos anos 1990, a uma posi\u00e7\u00e3o subalterna e irrelevante no planos internacional, correlato externo do governo golpista no plano interno.<\/p>\n<p>&#8220;Bastaram poucos meses para que o governo golpista dissesse a que veio: a desmontar o que de melhor havia sido feito neste s\u00e9culo, no Brasil. O Estado brasileiro est\u00e1 sendo reduzido \u00e0s suas propor\u00e7\u00f5es m\u00ednimas, deixando de garantir o patrim\u00f4nio p\u00fablico, os direitos sociais, a soberania internacional&#8221;, diz o colunista Emir Sader; &#8220;Foram alguns dos piores meses da hist\u00f3ria do Brasil, pelo tamanho da agress\u00e3o \u00e0 democracia, pelos retrocessos sociais, pelo espet\u00e1culo imoral e sem pudor que ministros e parlamentares governistas d\u00e3o diariamente. Tudo o que de melhor o Brasil havia conquistado neste s\u00e9culo est\u00e1 sendo colocado em quest\u00e3o, condenando o pa\u00eds ao retorno ao mapa da fome e ao FMI, \u00e0 triste condi\u00e7\u00e3o de pa\u00eds mais desigual do continente mais desigual&#8221;.<\/p>\n","protected":false},"excerpt":{"rendered":"<p>Por Emir Sader No 247 Quando venceu a guerra fria, o bloco ocidental, comandado pelos EUA, anunciou que a hist\u00f3ria chegava a seu porto final. Haveria acontecimentos, mas nada fora da economia capitalista de mercado e da democracia liberal. Esse era o fim da hist\u00f3ria.<\/p>\n","protected":false},"author":1,"featured_media":0,"comment_status":"closed","ping_status":"open","sticky":false,"template":"","format":"standard","meta":{"_exactmetrics_skip_tracking":false,"_exactmetrics_sitenote_active":false,"_exactmetrics_sitenote_note":"","_exactmetrics_sitenote_category":0,"jetpack_post_was_ever_published":false,"_jetpack_newsletter_access":"","_jetpack_dont_email_post_to_subs":false,"_jetpack_newsletter_tier_id":0,"_jetpack_memberships_contains_paywalled_content":false,"_jetpack_memberships_contains_paid_content":false,"footnotes":"","jetpack_publicize_message":"","jetpack_publicize_feature_enabled":true,"jetpack_social_post_already_shared":true,"jetpack_social_options":{"image_generator_settings":{"template":"highway","enabled":false},"version":2}},"categories":[1],"tags":[],"class_list":["post-5943","post","type-post","status-publish","format-standard","hentry","category-notas"],"jetpack_publicize_connections":[],"jetpack_sharing_enabled":true,"jetpack_featured_media_url":"","jetpack_shortlink":"https:\/\/wp.me\/p7wKYW-1xR","jetpack-related-posts":[],"_links":{"self":[{"href":"http:\/\/blogdalucianaoliveira.com.br\/blog\/wp-json\/wp\/v2\/posts\/5943","targetHints":{"allow":["GET"]}}],"collection":[{"href":"http:\/\/blogdalucianaoliveira.com.br\/blog\/wp-json\/wp\/v2\/posts"}],"about":[{"href":"http:\/\/blogdalucianaoliveira.com.br\/blog\/wp-json\/wp\/v2\/types\/post"}],"author":[{"embeddable":true,"href":"http:\/\/blogdalucianaoliveira.com.br\/blog\/wp-json\/wp\/v2\/users\/1"}],"replies":[{"embeddable":true,"href":"http:\/\/blogdalucianaoliveira.com.br\/blog\/wp-json\/wp\/v2\/comments?post=5943"}],"version-history":[{"count":1,"href":"http:\/\/blogdalucianaoliveira.com.br\/blog\/wp-json\/wp\/v2\/posts\/5943\/revisions"}],"predecessor-version":[{"id":5945,"href":"http:\/\/blogdalucianaoliveira.com.br\/blog\/wp-json\/wp\/v2\/posts\/5943\/revisions\/5945"}],"wp:attachment":[{"href":"http:\/\/blogdalucianaoliveira.com.br\/blog\/wp-json\/wp\/v2\/media?parent=5943"}],"wp:term":[{"taxonomy":"category","embeddable":true,"href":"http:\/\/blogdalucianaoliveira.com.br\/blog\/wp-json\/wp\/v2\/categories?post=5943"},{"taxonomy":"post_tag","embeddable":true,"href":"http:\/\/blogdalucianaoliveira.com.br\/blog\/wp-json\/wp\/v2\/tags?post=5943"}],"curies":[{"name":"wp","href":"https:\/\/api.w.org\/{rel}","templated":true}]}}