{"id":5953,"date":"2016-11-16T15:33:05","date_gmt":"2016-11-16T19:33:05","guid":{"rendered":"http:\/\/blogdalucianaoliveira.com.br\/blog\/?p=5953"},"modified":"2016-11-16T15:52:00","modified_gmt":"2016-11-16T19:52:00","slug":"intervencao-psiquiatrica-ja","status":"publish","type":"post","link":"http:\/\/blogdalucianaoliveira.com.br\/blog\/2016\/11\/16\/intervencao-psiquiatrica-ja\/","title":{"rendered":"Interven\u00e7\u00e3o psiqui\u00e1trica j\u00e1!"},"content":{"rendered":"<p><img data-recalc-dims=\"1\" loading=\"lazy\" decoding=\"async\" data-attachment-id=\"5954\" data-permalink=\"http:\/\/blogdalucianaoliveira.com.br\/blog\/2016\/11\/16\/intervencao-psiquiatrica-ja\/img_8155\/\" data-orig-file=\"https:\/\/i0.wp.com\/blogdalucianaoliveira.com.br\/blog\/wp-content\/uploads\/2016\/11\/IMG_8155.jpg?fit=2003%2C1312\" data-orig-size=\"2003,1312\" data-comments-opened=\"0\" data-image-meta=\"{&quot;aperture&quot;:&quot;0&quot;,&quot;credit&quot;:&quot;&quot;,&quot;camera&quot;:&quot;&quot;,&quot;caption&quot;:&quot;&quot;,&quot;created_timestamp&quot;:&quot;0&quot;,&quot;copyright&quot;:&quot;&quot;,&quot;focal_length&quot;:&quot;0&quot;,&quot;iso&quot;:&quot;0&quot;,&quot;shutter_speed&quot;:&quot;0&quot;,&quot;title&quot;:&quot;&quot;,&quot;orientation&quot;:&quot;1&quot;}\" data-image-title=\"img_8155\" data-image-description=\"\" data-image-caption=\"\" data-medium-file=\"https:\/\/i0.wp.com\/blogdalucianaoliveira.com.br\/blog\/wp-content\/uploads\/2016\/11\/IMG_8155.jpg?fit=300%2C197\" data-large-file=\"https:\/\/i0.wp.com\/blogdalucianaoliveira.com.br\/blog\/wp-content\/uploads\/2016\/11\/IMG_8155.jpg?fit=600%2C393\" src=\"https:\/\/i0.wp.com\/blogdalucianaoliveira.com.br\/blog\/wp-content\/uploads\/2016\/11\/IMG_8155.jpg?resize=600%2C393\" alt=\"img_8155\" width=\"600\" height=\"393\" class=\"alignnone size-full wp-image-5954\" srcset=\"https:\/\/i0.wp.com\/blogdalucianaoliveira.com.br\/blog\/wp-content\/uploads\/2016\/11\/IMG_8155.jpg?w=2003 2003w, https:\/\/i0.wp.com\/blogdalucianaoliveira.com.br\/blog\/wp-content\/uploads\/2016\/11\/IMG_8155.jpg?resize=300%2C197 300w, https:\/\/i0.wp.com\/blogdalucianaoliveira.com.br\/blog\/wp-content\/uploads\/2016\/11\/IMG_8155.jpg?resize=768%2C503 768w, https:\/\/i0.wp.com\/blogdalucianaoliveira.com.br\/blog\/wp-content\/uploads\/2016\/11\/IMG_8155.jpg?resize=458%2C300 458w, https:\/\/i0.wp.com\/blogdalucianaoliveira.com.br\/blog\/wp-content\/uploads\/2016\/11\/IMG_8155.jpg?w=1200 1200w, https:\/\/i0.wp.com\/blogdalucianaoliveira.com.br\/blog\/wp-content\/uploads\/2016\/11\/IMG_8155.jpg?w=1800 1800w\" sizes=\"auto, (max-width: 600px) 100vw, 600px\" \/><\/p>\n<p>Militantes da extrema-direita vandalizam e suspendem sess\u00e3o na C\u00e2mara  <!--more--><\/p>\n<p>C\u00c2MARA DOS DEPUTADOS \u00c9 INVADIDA POR MANIFESTANTES QUE GRITANDO: \u201cA NOSSA BANDEIRA JAMAIS SER\u00c1 VERMELHA&#8221; E &#8220;VIVA SERIO MORO&#8221; &#8211; palavras de ordem dos movimentos pr\u00f3 interven\u00e7\u00e3o mlitar.<\/p>\n<p>Por Jornalistas Livres <\/p>\n<p>Um grupo de cerca de 50 pessoas invadiu violentamente a C\u00e2mara dos Deputados na tarde desta quarta-feira (16). Ap\u00f3s quebrarem os vidros do plen\u00e1rio deixando cacos no ch\u00e3o, os manifestantes come\u00e7aram a gritar palavras de ordem como \u201cViva, S\u00e9rgio Moro\u201d e \u201cA nossa bandeira jamais ser\u00e1 vermelha\u201d.<\/p>\n<p><img data-recalc-dims=\"1\" loading=\"lazy\" decoding=\"async\" data-attachment-id=\"5955\" data-permalink=\"http:\/\/blogdalucianaoliveira.com.br\/blog\/2016\/11\/16\/intervencao-psiquiatrica-ja\/img_8154\/\" data-orig-file=\"https:\/\/i0.wp.com\/blogdalucianaoliveira.com.br\/blog\/wp-content\/uploads\/2016\/11\/IMG_8154.jpg?fit=510%2C680\" data-orig-size=\"510,680\" data-comments-opened=\"0\" data-image-meta=\"{&quot;aperture&quot;:&quot;0&quot;,&quot;credit&quot;:&quot;&quot;,&quot;camera&quot;:&quot;&quot;,&quot;caption&quot;:&quot;&quot;,&quot;created_timestamp&quot;:&quot;0&quot;,&quot;copyright&quot;:&quot;&quot;,&quot;focal_length&quot;:&quot;0&quot;,&quot;iso&quot;:&quot;0&quot;,&quot;shutter_speed&quot;:&quot;0&quot;,&quot;title&quot;:&quot;&quot;,&quot;orientation&quot;:&quot;1&quot;}\" data-image-title=\"img_8154\" data-image-description=\"\" data-image-caption=\"\" data-medium-file=\"https:\/\/i0.wp.com\/blogdalucianaoliveira.com.br\/blog\/wp-content\/uploads\/2016\/11\/IMG_8154.jpg?fit=225%2C300\" data-large-file=\"https:\/\/i0.wp.com\/blogdalucianaoliveira.com.br\/blog\/wp-content\/uploads\/2016\/11\/IMG_8154.jpg?fit=510%2C680\" src=\"https:\/\/i0.wp.com\/blogdalucianaoliveira.com.br\/blog\/wp-content\/uploads\/2016\/11\/IMG_8154.jpg?resize=510%2C680\" alt=\"img_8154\" width=\"510\" height=\"680\" class=\"alignnone size-full wp-image-5955\" srcset=\"https:\/\/i0.wp.com\/blogdalucianaoliveira.com.br\/blog\/wp-content\/uploads\/2016\/11\/IMG_8154.jpg?w=510 510w, https:\/\/i0.wp.com\/blogdalucianaoliveira.com.br\/blog\/wp-content\/uploads\/2016\/11\/IMG_8154.jpg?resize=225%2C300 225w\" sizes=\"auto, (max-width: 510px) 100vw, 510px\" \/><\/p>\n<p>Alguns dos integrantes do grupo usavam camisetas com a frase \u201cinterven\u00e7\u00e3o j\u00e1\u201d, dando embasamento aos gritos de apelo por uma interven\u00e7\u00e3o militar.<\/p>\n<div class=\"fb-video\" data-allowfullscreen=\"true\" data-href=\"https:\/\/www.facebook.com\/jornalistaslivres\/videos\/437888356335047\/\"><\/div>\n<p>Os trabalhos na C\u00e2mara foram suspensos por Waldir Maranh\u00e3o e a pol\u00edcia legislativa foi acionada para ajudar na remo\u00e7\u00e3o do grupo.<\/p>\n<div class=\"fb-post\" data-href=\"https:\/\/www.facebook.com\/ricardobouez\/posts\/1336821569669694\" data-width=\"552\"><\/div>\n","protected":false},"excerpt":{"rendered":"<p>Militantes da extrema-direita vandalizam e suspendem sess\u00e3o na C\u00e2mara<\/p>\n","protected":false},"author":1,"featured_media":0,"comment_status":"closed","ping_status":"open","sticky":false,"template":"","format":"standard","meta":{"_exactmetrics_skip_tracking":false,"_exactmetrics_sitenote_active":false,"_exactmetrics_sitenote_note":"","_exactmetrics_sitenote_category":0,"jetpack_post_was_ever_published":false,"_jetpack_newsletter_access":"","_jetpack_dont_email_post_to_subs":false,"_jetpack_newsletter_tier_id":0,"_jetpack_memberships_contains_paywalled_content":false,"_jetpack_memberships_contains_paid_content":false,"footnotes":"","jetpack_publicize_message":"","jetpack_publicize_feature_enabled":true,"jetpack_social_post_already_shared":true,"jetpack_social_options":{"image_generator_settings":{"template":"highway","enabled":false},"version":2}},"categories":[1],"tags":[],"class_list":["post-5953","post","type-post","status-publish","format-standard","hentry","category-notas"],"jetpack_publicize_connections":[],"jetpack_sharing_enabled":true,"jetpack_featured_media_url":"","jetpack_shortlink":"https:\/\/wp.me\/p7wKYW-1y1","jetpack-related-posts":[],"_links":{"self":[{"href":"http:\/\/blogdalucianaoliveira.com.br\/blog\/wp-json\/wp\/v2\/posts\/5953","targetHints":{"allow":["GET"]}}],"collection":[{"href":"http:\/\/blogdalucianaoliveira.com.br\/blog\/wp-json\/wp\/v2\/posts"}],"about":[{"href":"http:\/\/blogdalucianaoliveira.com.br\/blog\/wp-json\/wp\/v2\/types\/post"}],"author":[{"embeddable":true,"href":"http:\/\/blogdalucianaoliveira.com.br\/blog\/wp-json\/wp\/v2\/users\/1"}],"replies":[{"embeddable":true,"href":"http:\/\/blogdalucianaoliveira.com.br\/blog\/wp-json\/wp\/v2\/comments?post=5953"}],"version-history":[{"count":3,"href":"http:\/\/blogdalucianaoliveira.com.br\/blog\/wp-json\/wp\/v2\/posts\/5953\/revisions"}],"predecessor-version":[{"id":5962,"href":"http:\/\/blogdalucianaoliveira.com.br\/blog\/wp-json\/wp\/v2\/posts\/5953\/revisions\/5962"}],"wp:attachment":[{"href":"http:\/\/blogdalucianaoliveira.com.br\/blog\/wp-json\/wp\/v2\/media?parent=5953"}],"wp:term":[{"taxonomy":"category","embeddable":true,"href":"http:\/\/blogdalucianaoliveira.com.br\/blog\/wp-json\/wp\/v2\/categories?post=5953"},{"taxonomy":"post_tag","embeddable":true,"href":"http:\/\/blogdalucianaoliveira.com.br\/blog\/wp-json\/wp\/v2\/tags?post=5953"}],"curies":[{"name":"wp","href":"https:\/\/api.w.org\/{rel}","templated":true}]}}