{"id":6,"date":"2016-04-30T14:23:03","date_gmt":"2016-04-30T17:23:03","guid":{"rendered":"http:\/\/blogdalucianaoliveira.com.br\/blog\/?p=6"},"modified":"2016-05-02T22:20:54","modified_gmt":"2016-05-03T02:20:54","slug":"escarra-brasil","status":"publish","type":"post","link":"http:\/\/blogdalucianaoliveira.com.br\/blog\/2016\/04\/30\/escarra-brasil\/","title":{"rendered":"Escarra Brasil!"},"content":{"rendered":"<p>Em julho de 2013, um grupo que participava da\u00a0Jornada Mundial da Juventude\u00a0se irritou com o protesto da Marcha Das Vadias que usou o humor para criticar a posi\u00e7\u00e3o da igreja cat\u00f3lica sobre aborto e m\u00e9todos contraceptivos. Houve confronto, bate-boca e cuspida na cara de uma feminista.<\/p>\n<p><!--more--><\/p>\n<p>Em mar\u00e7o de 2016,\u00a0o Diretor de Combate ao Racismo da UNE e militante do movimento negro, Rodger Richer, publicou um v\u00eddeo nas redes sociais com o t\u00edtulo: Cuspiram Em Mim Hoje.<\/p>\n<p>A caminho da Esplanada dos Minist\u00e9rios, relatou que manifestantes de um ato anti-Dilma hostilizaram ele e seu grupo por \u2018aparentarem ser petistas\u2019. Um usava uma camiseta com a frase: \u201cA casa grande surta quando a senzala aprende a ler\u201d, outro uma estampa de Exu, absolutamente convenientes a militantes do Coletivo Enegrecer e do Movimento Negro Unificado.<\/p>\n<p>\u201cEle reagiu literalmente dizendo que a bandeira do Brasil jamais ser\u00e1 vermelha, cuspindo em mim! Nunca me senti t\u00e3o humilhado!\u201d<\/p>\n<p>Os fatos est\u00e3o registrados nos Anais do Google e n\u00e3o h\u00e1 d\u00favidas que ocorreram antes do ator Jos\u00e9 de Abreu responder a injusta provoca\u00e7\u00e3o com uma cuspida, enquanto jantava com a mulher num restaurante.<br \/>\nA marcha \u00e0 r\u00e9 para refrescar a mem\u00f3ria dos que se dizem indignados com a rea\u00e7\u00e3o do ator n\u00e3o muda o conceito geral de que cuspir em algu\u00e9m \u00e9 um ato tresloucado e infame, mas revela o quanto as torcidas est\u00e3o mesmo \u00e9 interessadas em fazer a coreografia da\u00a0Ola.<\/p>\n<p>Bob Cuspe, personagem inesquec\u00edvel do Angeli nos anos 80, um marco do quadrinho independente, saltaria de seu buraco de esgoto pra cuspir em todos n\u00f3s. Foi com o prop\u00f3sito de combater a hipocrisia reinante que o cartunista o criou para criticar o meio e as pessoas e de suas indiretas n\u00e3o escapava ningu\u00e9m.<\/p>\n<p>O que temos visto nas redes sociais, que n\u00e3o vimos quando manifestantes da esquerda marronzista e badernenta foram cuspidos, \u00e9 um v\u00f4mito coletivo de hip\u00f3critas.<\/p>\n<p>Gente que sairia nos tapas se algu\u00e9m o xingasse de ladr\u00e3o, a m\u00e3e de puta e a mulher de vagabunda, publica textos e coment\u00e1rios nas redes sociais com um sentimento de vergonha mais falso que cobra engabelando sapo.<\/p>\n<p>Os cretinos que achincalham, impedem de ir e vir e agridem fisicamente pessoas de bem s\u00f3 porque s\u00e3o de esquerda, protagonizaram as priores cenas desde a \u00faltima elei\u00e7\u00e3o. S\u00e3o eles que devem parar de perturbar quem \u00e9 de esquerda, quem \u00e9 petista, quem defende o governo ou est\u00e1 na luta pela democracia.<\/p>\n<p>Os ataques ocorrem em locais frequentados pela direita de classe m\u00e9dia, que concentra pessoas de bem e cretinos tamb\u00e9m. Pouca gente da direita que conhe\u00e7o chegaria ao extremo de cuspir em algu\u00e9m pra se defender, mas muita gente que conhe\u00e7o da direita acha que cuspir \u00e9 mais grave que caluniar, difamar, constranger e at\u00e9 agredir.<br \/>\nEssa indigna\u00e7\u00e3o seletiva e oportunista \u00e9 o que mais preocupa, pois insinua que v\u00e3o continuar fazendo\u00a0Ola\u00a0pra essa parcela de burgueses fascistas que ataca de adolescentes a septuagen\u00e1rios sem o menor pudor.<\/p>\n<p>Escarra Brasil! Bota pra fora o que \u00e9 moralmente inaceit\u00e1vel, para que um dia seja.<!--more--><\/p>\n","protected":false},"excerpt":{"rendered":"<p>Em julho de 2013, um grupo que participava da\u00a0Jornada Mundial da Juventude\u00a0se irritou com o protesto da Marcha Das Vadias que usou o humor para criticar a posi\u00e7\u00e3o da igreja cat\u00f3lica sobre aborto e m\u00e9todos contraceptivos. Houve confronto, bate-boca e cuspida na cara de uma feminista.<\/p>\n","protected":false},"author":1,"featured_media":0,"comment_status":"closed","ping_status":"open","sticky":false,"template":"","format":"standard","meta":{"_exactmetrics_skip_tracking":false,"_exactmetrics_sitenote_active":false,"_exactmetrics_sitenote_note":"","_exactmetrics_sitenote_category":0,"jetpack_post_was_ever_published":false,"_jetpack_newsletter_access":"","_jetpack_dont_email_post_to_subs":false,"_jetpack_newsletter_tier_id":0,"_jetpack_memberships_contains_paywalled_content":false,"_jetpack_memberships_contains_paid_content":false,"footnotes":"","jetpack_publicize_message":"","jetpack_publicize_feature_enabled":true,"jetpack_social_post_already_shared":false,"jetpack_social_options":{"image_generator_settings":{"template":"highway","enabled":false},"version":2}},"categories":[1],"tags":[3,5,4],"class_list":["post-6","post","type-post","status-publish","format-standard","hentry","category-notas","tag-artigos","tag-brasil","tag-politica"],"jetpack_publicize_connections":[],"jetpack_sharing_enabled":true,"jetpack_featured_media_url":"","jetpack_shortlink":"https:\/\/wp.me\/p7wKYW-6","jetpack-related-posts":[],"_links":{"self":[{"href":"http:\/\/blogdalucianaoliveira.com.br\/blog\/wp-json\/wp\/v2\/posts\/6","targetHints":{"allow":["GET"]}}],"collection":[{"href":"http:\/\/blogdalucianaoliveira.com.br\/blog\/wp-json\/wp\/v2\/posts"}],"about":[{"href":"http:\/\/blogdalucianaoliveira.com.br\/blog\/wp-json\/wp\/v2\/types\/post"}],"author":[{"embeddable":true,"href":"http:\/\/blogdalucianaoliveira.com.br\/blog\/wp-json\/wp\/v2\/users\/1"}],"replies":[{"embeddable":true,"href":"http:\/\/blogdalucianaoliveira.com.br\/blog\/wp-json\/wp\/v2\/comments?post=6"}],"version-history":[{"count":2,"href":"http:\/\/blogdalucianaoliveira.com.br\/blog\/wp-json\/wp\/v2\/posts\/6\/revisions"}],"predecessor-version":[{"id":44,"href":"http:\/\/blogdalucianaoliveira.com.br\/blog\/wp-json\/wp\/v2\/posts\/6\/revisions\/44"}],"wp:attachment":[{"href":"http:\/\/blogdalucianaoliveira.com.br\/blog\/wp-json\/wp\/v2\/media?parent=6"}],"wp:term":[{"taxonomy":"category","embeddable":true,"href":"http:\/\/blogdalucianaoliveira.com.br\/blog\/wp-json\/wp\/v2\/categories?post=6"},{"taxonomy":"post_tag","embeddable":true,"href":"http:\/\/blogdalucianaoliveira.com.br\/blog\/wp-json\/wp\/v2\/tags?post=6"}],"curies":[{"name":"wp","href":"https:\/\/api.w.org\/{rel}","templated":true}]}}