{"id":6166,"date":"2016-11-24T11:43:09","date_gmt":"2016-11-24T15:43:09","guid":{"rendered":"http:\/\/blogdalucianaoliveira.com.br\/blog\/?p=6166"},"modified":"2016-11-24T11:43:09","modified_gmt":"2016-11-24T15:43:09","slug":"globo-pede-a-cabeca-de-geddel-temer-vai-obedecer","status":"publish","type":"post","link":"http:\/\/blogdalucianaoliveira.com.br\/blog\/2016\/11\/24\/globo-pede-a-cabeca-de-geddel-temer-vai-obedecer\/","title":{"rendered":"GLOBO PEDE A CABE\u00c7A DE GEDDEL. TEMER VAI OBEDECER?"},"content":{"rendered":"<p><img data-recalc-dims=\"1\" loading=\"lazy\" decoding=\"async\" data-attachment-id=\"6167\" data-permalink=\"http:\/\/blogdalucianaoliveira.com.br\/blog\/2016\/11\/24\/globo-pede-a-cabeca-de-geddel-temer-vai-obedecer\/ge\/\" data-orig-file=\"https:\/\/i0.wp.com\/blogdalucianaoliveira.com.br\/blog\/wp-content\/uploads\/2016\/11\/ge.jpg?fit=1000%2C357\" data-orig-size=\"1000,357\" data-comments-opened=\"0\" data-image-meta=\"{&quot;aperture&quot;:&quot;0&quot;,&quot;credit&quot;:&quot;&quot;,&quot;camera&quot;:&quot;&quot;,&quot;caption&quot;:&quot;&quot;,&quot;created_timestamp&quot;:&quot;0&quot;,&quot;copyright&quot;:&quot;&quot;,&quot;focal_length&quot;:&quot;0&quot;,&quot;iso&quot;:&quot;0&quot;,&quot;shutter_speed&quot;:&quot;0&quot;,&quot;title&quot;:&quot;&quot;,&quot;orientation&quot;:&quot;0&quot;}\" data-image-title=\"ge\" data-image-description=\"\" data-image-caption=\"\" data-medium-file=\"https:\/\/i0.wp.com\/blogdalucianaoliveira.com.br\/blog\/wp-content\/uploads\/2016\/11\/ge.jpg?fit=300%2C107\" data-large-file=\"https:\/\/i0.wp.com\/blogdalucianaoliveira.com.br\/blog\/wp-content\/uploads\/2016\/11\/ge.jpg?fit=600%2C214\" src=\"https:\/\/i0.wp.com\/blogdalucianaoliveira.com.br\/blog\/wp-content\/uploads\/2016\/11\/ge.jpg?resize=600%2C214\" alt=\"ge\" width=\"600\" height=\"214\" class=\"alignnone size-full wp-image-6167\" srcset=\"https:\/\/i0.wp.com\/blogdalucianaoliveira.com.br\/blog\/wp-content\/uploads\/2016\/11\/ge.jpg?w=1000 1000w, https:\/\/i0.wp.com\/blogdalucianaoliveira.com.br\/blog\/wp-content\/uploads\/2016\/11\/ge.jpg?resize=300%2C107 300w, https:\/\/i0.wp.com\/blogdalucianaoliveira.com.br\/blog\/wp-content\/uploads\/2016\/11\/ge.jpg?resize=768%2C274 768w, https:\/\/i0.wp.com\/blogdalucianaoliveira.com.br\/blog\/wp-content\/uploads\/2016\/11\/ge.jpg?resize=800%2C286 800w\" sizes=\"auto, (max-width: 600px) 100vw, 600px\" \/><\/p>\n<p>247 &#8211; O jornal O Globo publicou um editorial na manh\u00e3 desta quinta-feira 24 em que pede a demiss\u00e3o do ministro Geddel Vieira Lima, da Secretaria de Governo, pelo presidente Michel Temer.<!--more--><\/p>\n<p>O texto diz que Temer &#8220;repete o lulopetismo&#8221; e &#8220;d\u00e1 seguidas demonstra\u00e7\u00f5es de fidelidade a amigos do seu grupo pol\u00edtico&#8221; ao dizer que o caso de Geddel, acusado de cometer tr\u00e1fico de influ\u00eancia, mas mesmo assim mantido no cargo, &#8220;est\u00e1 superado&#8221;.<\/p>\n<p>&#8220;Michel volta a encarar o mesmo dilema da crise de Juc\u00e1: manter os compromissos com os amigos peemedebistas ou defender um padr\u00e3o \u00e9tico minimamente aceit\u00e1vel no poder. Tem de escolher esta \u00faltima op\u00e7\u00e3o. Aproximam-se momentos-chave para os pr\u00f3ximos 10 a 15 anos: as reformas do teto dos gastos, da Previd\u00eancia e outras&#8221;, afirma o Globo.<\/p>\n<p>&#8220;Para defender o governo no Congresso e perante a sociedade, Temer tem de dispensar Geddel. Dizer que &#8220;o caso est\u00e1 superado&#8221; nada resolve, desgasta ainda mais o Planalto, al\u00e9m de repetir o lulopetismo&#8221;, cobra o jornal dos Marinho.<\/p>\n<p>Mesmes atr\u00e1s, a mesma Globo pediu a cabe\u00e7a de Eduardo Cunha, quando n\u00e3o foi atendida, e dos ent\u00e3o ministros Romero Juc\u00e1 e Fabiano Silveira, da Transpar\u00eancia, dos quais viu a demiss\u00e3o. Ser\u00e1 que desta vez, com Geddel, Temer vai obedecer?<\/p>\n","protected":false},"excerpt":{"rendered":"<p>247 &#8211; O jornal O Globo publicou um editorial na manh\u00e3 desta quinta-feira 24 em que pede a demiss\u00e3o do ministro Geddel Vieira Lima, da Secretaria de Governo, pelo presidente Michel Temer.<\/p>\n","protected":false},"author":1,"featured_media":0,"comment_status":"closed","ping_status":"open","sticky":false,"template":"","format":"standard","meta":{"_exactmetrics_skip_tracking":false,"_exactmetrics_sitenote_active":false,"_exactmetrics_sitenote_note":"","_exactmetrics_sitenote_category":0,"jetpack_post_was_ever_published":false,"_jetpack_newsletter_access":"","_jetpack_dont_email_post_to_subs":false,"_jetpack_newsletter_tier_id":0,"_jetpack_memberships_contains_paywalled_content":false,"_jetpack_memberships_contains_paid_content":false,"footnotes":"","jetpack_publicize_message":"","jetpack_publicize_feature_enabled":true,"jetpack_social_post_already_shared":true,"jetpack_social_options":{"image_generator_settings":{"template":"highway","enabled":false},"version":2}},"categories":[1],"tags":[],"class_list":["post-6166","post","type-post","status-publish","format-standard","hentry","category-notas"],"jetpack_publicize_connections":[],"jetpack_sharing_enabled":true,"jetpack_featured_media_url":"","jetpack_shortlink":"https:\/\/wp.me\/p7wKYW-1Bs","jetpack-related-posts":[],"_links":{"self":[{"href":"http:\/\/blogdalucianaoliveira.com.br\/blog\/wp-json\/wp\/v2\/posts\/6166","targetHints":{"allow":["GET"]}}],"collection":[{"href":"http:\/\/blogdalucianaoliveira.com.br\/blog\/wp-json\/wp\/v2\/posts"}],"about":[{"href":"http:\/\/blogdalucianaoliveira.com.br\/blog\/wp-json\/wp\/v2\/types\/post"}],"author":[{"embeddable":true,"href":"http:\/\/blogdalucianaoliveira.com.br\/blog\/wp-json\/wp\/v2\/users\/1"}],"replies":[{"embeddable":true,"href":"http:\/\/blogdalucianaoliveira.com.br\/blog\/wp-json\/wp\/v2\/comments?post=6166"}],"version-history":[{"count":1,"href":"http:\/\/blogdalucianaoliveira.com.br\/blog\/wp-json\/wp\/v2\/posts\/6166\/revisions"}],"predecessor-version":[{"id":6168,"href":"http:\/\/blogdalucianaoliveira.com.br\/blog\/wp-json\/wp\/v2\/posts\/6166\/revisions\/6168"}],"wp:attachment":[{"href":"http:\/\/blogdalucianaoliveira.com.br\/blog\/wp-json\/wp\/v2\/media?parent=6166"}],"wp:term":[{"taxonomy":"category","embeddable":true,"href":"http:\/\/blogdalucianaoliveira.com.br\/blog\/wp-json\/wp\/v2\/categories?post=6166"},{"taxonomy":"post_tag","embeddable":true,"href":"http:\/\/blogdalucianaoliveira.com.br\/blog\/wp-json\/wp\/v2\/tags?post=6166"}],"curies":[{"name":"wp","href":"https:\/\/api.w.org\/{rel}","templated":true}]}}