{"id":6189,"date":"2016-11-24T12:37:34","date_gmt":"2016-11-24T16:37:34","guid":{"rendered":"http:\/\/blogdalucianaoliveira.com.br\/blog\/?p=6189"},"modified":"2016-11-24T12:40:39","modified_gmt":"2016-11-24T16:40:39","slug":"chico-proibe-uso-de-roda-viva-em-roda-morte-do-jornalismo","status":"publish","type":"post","link":"http:\/\/blogdalucianaoliveira.com.br\/blog\/2016\/11\/24\/chico-proibe-uso-de-roda-viva-em-roda-morte-do-jornalismo\/","title":{"rendered":"Chico pro\u00edbe uso de Roda Viva em programa que fez propaganda do governo Temer"},"content":{"rendered":"<p><img data-recalc-dims=\"1\" loading=\"lazy\" decoding=\"async\" data-attachment-id=\"6194\" data-permalink=\"http:\/\/blogdalucianaoliveira.com.br\/blog\/2016\/11\/24\/chico-proibe-uso-de-roda-viva-em-roda-morte-do-jornalismo\/img_8407\/\" data-orig-file=\"https:\/\/i0.wp.com\/blogdalucianaoliveira.com.br\/blog\/wp-content\/uploads\/2016\/11\/IMG_8407.jpg?fit=620%2C220\" data-orig-size=\"620,220\" data-comments-opened=\"0\" data-image-meta=\"{&quot;aperture&quot;:&quot;0&quot;,&quot;credit&quot;:&quot;&quot;,&quot;camera&quot;:&quot;&quot;,&quot;caption&quot;:&quot;&quot;,&quot;created_timestamp&quot;:&quot;0&quot;,&quot;copyright&quot;:&quot;&quot;,&quot;focal_length&quot;:&quot;0&quot;,&quot;iso&quot;:&quot;0&quot;,&quot;shutter_speed&quot;:&quot;0&quot;,&quot;title&quot;:&quot;&quot;,&quot;orientation&quot;:&quot;0&quot;}\" data-image-title=\"img_8407\" data-image-description=\"\" data-image-caption=\"\" data-medium-file=\"https:\/\/i0.wp.com\/blogdalucianaoliveira.com.br\/blog\/wp-content\/uploads\/2016\/11\/IMG_8407.jpg?fit=300%2C106\" data-large-file=\"https:\/\/i0.wp.com\/blogdalucianaoliveira.com.br\/blog\/wp-content\/uploads\/2016\/11\/IMG_8407.jpg?fit=600%2C213\" src=\"https:\/\/i0.wp.com\/blogdalucianaoliveira.com.br\/blog\/wp-content\/uploads\/2016\/11\/IMG_8407.jpg?resize=600%2C213\" alt=\"img_8407\" width=\"600\" height=\"213\" class=\"alignnone size-full wp-image-6194\" srcset=\"https:\/\/i0.wp.com\/blogdalucianaoliveira.com.br\/blog\/wp-content\/uploads\/2016\/11\/IMG_8407.jpg?w=620 620w, https:\/\/i0.wp.com\/blogdalucianaoliveira.com.br\/blog\/wp-content\/uploads\/2016\/11\/IMG_8407.jpg?resize=300%2C106 300w\" sizes=\"auto, (max-width: 600px) 100vw, 600px\" \/><\/p>\n<p>Prezados Senhores,<\/p>\n<p>Chico Buarque \u00e9 autor da obra musical intitulada \u201cRoda Viva\u201d, composta em 1967 para a pe\u00e7a de teatro hom\u00f4nima, tamb\u00e9m de sua autoria, e que estreou no ano seguinte no Rio de Janeiro sob a dire\u00e7\u00e3o de Jos\u00e9 Celso Martinez Correa. <!--more--><\/p>\n<p>Em S\u00e3o Paulo, a montagem de Roda Viva, no Teatro Galp\u00e3o, em Julho de 1968, foi encerrada com a invas\u00e3o do teatro por membro do Comando de Ca\u00e7a aos Comunistas \u2013 CCC, a mil\u00edcia paramilitar de apoio \u00e0 ditadura, os quais espancaram o elenco e membros do p\u00fablico. Em Outubro do mesmo ano, a apresenta\u00e7\u00e3o de Roda Viva em Porto Alegre foi impedida pela repress\u00e3o do regime autorit\u00e1rio. <\/p>\n<p>Nesse contexto, a m\u00fasica tornou-se s\u00edmbolo da luta contra o autoritarismo e a repress\u00e3o.<br \/>\nA Marola Edi\u00e7\u00f5es Musicais Ltda \u00e9 a titular dos direitos patrimoniais de autor de Chico Buarque sobre a obra musical \u201cRoda Viva\u201d.<br \/>\nA Constitui\u00e7\u00e3o Federal de 1988, no seu artigo 5\u00b0, inciso XXVII, assegura que \u201caos autores pertence o direito exclusivo de utiliza\u00e7\u00e3o, publica\u00e7\u00e3o ou reprodu\u00e7\u00e3o de suas obras\u201d.<\/p>\n<p>A Lei 9.610\/98, tamb\u00e9m conhecida como Lei de Direitos Autorais, determina, no seu artigo 22, que \u201cPertence ao autor os direitos morais e patrimoniais sobre a obra que criou\u201d. Reconhece a melhor doutrina que ao autor a lei reserva prerrogativas de natureza patrimonial ou econ\u00f4micas e moral. <\/p>\n<p>As prerrogativas morais, tamb\u00e9m conhecidas por direitos morais do autor, integram a categoria dos direitos da personalidade, os quais se revestem de car\u00e1ter absoluto, sendo inalien\u00e1veis e irrenunci\u00e1veis conforme disp\u00f5e o artigo 27 do mesmo diploma legal.<\/p>\n<p>Com o objetivo de assegurar ao autor o controle sobre o uso da sua obra, por quaisquer modalidades de utiliza\u00e7\u00e3o, o artigo 29, caput, da Lei 9.610\/98, determina que \u201cDepende de autoriza\u00e7\u00e3o pr\u00e9via e expressa do autor a utiliza\u00e7\u00e3o da obra, por quaisquer modalidades, tais como: (\u2026) V \u2013 a inclus\u00e3o em fonograma ou produ\u00e7\u00e3o audiovisual\u201d.<\/p>\n<p>Al\u00e9m disso, a Lei 9.610\/98 assegura aos autores o chamado direito moral de integridade, o qual vem previsto no seu artigo 24, inciso IV, que disp\u00f5e ser um direito do autor: \u201co de assegurar a integridade da obra, opondo-se a quaisquer modifica\u00e7\u00f5es ou \u00e0 pr\u00e1tica de atos que, de qualquer forma, possam prejudic\u00e1-la ou atingi-lo, como autor, em sua reputa\u00e7\u00e3o ou honra\u201d.<\/p>\n<p>Foi diante deste contexto legal que Chico Buarque, em 2008, atendendo a um pedido de seu amigo j\u00e1 falecido, Fernando Faro, ent\u00e3o funcion\u00e1rio da TV Cultura desta Funda\u00e7\u00e3o Padre Anchieta, concedeu autoriza\u00e7\u00e3o gratuita para que a TV Cultura utilizasse a m\u00fasica Roda Viva, de sua autoria, na vinheta do programa hom\u00f4nimo. <\/p>\n<p>Com efeito a TV Cultura vem, desde ent\u00e3o, exibindo o programa Roda Viva sempre com a m\u00fasica Roda Viva na sua vinheta.<br \/>\nN\u00e3o obstante, no exerc\u00edcio de seus direitos exclusivos, tanto de ordem moral como patrimonial, Chico Buarque e Marola Edi\u00e7\u00f5es Musicais Ltda requerem a V. Sas. a retirada da m\u00fasica \u201cRoda Viva\u201d da trilha sonora do programa hom\u00f4nimo da TV Cultura, produzido e exibido por esta Funda\u00e7\u00e3o Padre Anchieta.<\/p>\n<p>Requer-se, ainda, a apresenta\u00e7\u00e3o, em at\u00e9 48 (quarenta e oito) horas a contar do recebimento desta notifica\u00e7\u00e3o, de eventual documento escrito contendo a autoriza\u00e7\u00e3o para a utiliza\u00e7\u00e3o da m\u00fasica em quest\u00e3o no programa Roda Viva.<br \/>\nSem mais, para o momento, subscrevemo-nos.<\/p>\n<p>Rodrigo K\u00f6pke Salinas<br \/>\nOAB\/SP 146.814<br \/>\nLeo Wojdyslawski<br \/>\nOAB\/SP 206.971<\/p>\n","protected":false},"excerpt":{"rendered":"<p>Prezados Senhores, Chico Buarque \u00e9 autor da obra musical intitulada \u201cRoda Viva\u201d, composta em 1967 para a pe\u00e7a de teatro hom\u00f4nima, tamb\u00e9m de sua autoria, e que estreou no ano seguinte no Rio de Janeiro sob a dire\u00e7\u00e3o de Jos\u00e9 Celso Martinez Correa.<\/p>\n","protected":false},"author":1,"featured_media":0,"comment_status":"closed","ping_status":"open","sticky":false,"template":"","format":"standard","meta":{"_exactmetrics_skip_tracking":false,"_exactmetrics_sitenote_active":false,"_exactmetrics_sitenote_note":"","_exactmetrics_sitenote_category":0,"jetpack_post_was_ever_published":false,"_jetpack_newsletter_access":"","_jetpack_dont_email_post_to_subs":false,"_jetpack_newsletter_tier_id":0,"_jetpack_memberships_contains_paywalled_content":false,"_jetpack_memberships_contains_paid_content":false,"footnotes":"","jetpack_publicize_message":"","jetpack_publicize_feature_enabled":true,"jetpack_social_post_already_shared":true,"jetpack_social_options":{"image_generator_settings":{"template":"highway","enabled":false},"version":2}},"categories":[1],"tags":[],"class_list":["post-6189","post","type-post","status-publish","format-standard","hentry","category-notas"],"jetpack_publicize_connections":[],"jetpack_sharing_enabled":true,"jetpack_featured_media_url":"","jetpack_shortlink":"https:\/\/wp.me\/p7wKYW-1BP","jetpack-related-posts":[],"_links":{"self":[{"href":"http:\/\/blogdalucianaoliveira.com.br\/blog\/wp-json\/wp\/v2\/posts\/6189","targetHints":{"allow":["GET"]}}],"collection":[{"href":"http:\/\/blogdalucianaoliveira.com.br\/blog\/wp-json\/wp\/v2\/posts"}],"about":[{"href":"http:\/\/blogdalucianaoliveira.com.br\/blog\/wp-json\/wp\/v2\/types\/post"}],"author":[{"embeddable":true,"href":"http:\/\/blogdalucianaoliveira.com.br\/blog\/wp-json\/wp\/v2\/users\/1"}],"replies":[{"embeddable":true,"href":"http:\/\/blogdalucianaoliveira.com.br\/blog\/wp-json\/wp\/v2\/comments?post=6189"}],"version-history":[{"count":5,"href":"http:\/\/blogdalucianaoliveira.com.br\/blog\/wp-json\/wp\/v2\/posts\/6189\/revisions"}],"predecessor-version":[{"id":6199,"href":"http:\/\/blogdalucianaoliveira.com.br\/blog\/wp-json\/wp\/v2\/posts\/6189\/revisions\/6199"}],"wp:attachment":[{"href":"http:\/\/blogdalucianaoliveira.com.br\/blog\/wp-json\/wp\/v2\/media?parent=6189"}],"wp:term":[{"taxonomy":"category","embeddable":true,"href":"http:\/\/blogdalucianaoliveira.com.br\/blog\/wp-json\/wp\/v2\/categories?post=6189"},{"taxonomy":"post_tag","embeddable":true,"href":"http:\/\/blogdalucianaoliveira.com.br\/blog\/wp-json\/wp\/v2\/tags?post=6189"}],"curies":[{"name":"wp","href":"https:\/\/api.w.org\/{rel}","templated":true}]}}