{"id":6209,"date":"2016-11-24T17:14:37","date_gmt":"2016-11-24T21:14:37","guid":{"rendered":"http:\/\/blogdalucianaoliveira.com.br\/blog\/?p=6209"},"modified":"2016-11-24T20:40:58","modified_gmt":"2016-11-25T00:40:58","slug":"temer-faz-cara-de-paisagem-para-escandalo-com-geddel","status":"publish","type":"post","link":"http:\/\/blogdalucianaoliveira.com.br\/blog\/2016\/11\/24\/temer-faz-cara-de-paisagem-para-escandalo-com-geddel\/","title":{"rendered":"Temer faz cara de paisagem para esc\u00e2ndalo com Geddel"},"content":{"rendered":"<p> <img data-recalc-dims=\"1\" loading=\"lazy\" decoding=\"async\" data-attachment-id=\"6210\" data-permalink=\"http:\/\/blogdalucianaoliveira.com.br\/blog\/2016\/11\/24\/temer-faz-cara-de-paisagem-para-escandalo-com-geddel\/paisagem\/\" data-orig-file=\"https:\/\/i0.wp.com\/blogdalucianaoliveira.com.br\/blog\/wp-content\/uploads\/2016\/11\/paisagem.jpeg?fit=768%2C512\" data-orig-size=\"768,512\" data-comments-opened=\"0\" data-image-meta=\"{&quot;aperture&quot;:&quot;0&quot;,&quot;credit&quot;:&quot;&quot;,&quot;camera&quot;:&quot;&quot;,&quot;caption&quot;:&quot;&quot;,&quot;created_timestamp&quot;:&quot;0&quot;,&quot;copyright&quot;:&quot;&quot;,&quot;focal_length&quot;:&quot;0&quot;,&quot;iso&quot;:&quot;0&quot;,&quot;shutter_speed&quot;:&quot;0&quot;,&quot;title&quot;:&quot;&quot;,&quot;orientation&quot;:&quot;0&quot;}\" data-image-title=\"paisagem\" data-image-description=\"\" data-image-caption=\"\" data-medium-file=\"https:\/\/i0.wp.com\/blogdalucianaoliveira.com.br\/blog\/wp-content\/uploads\/2016\/11\/paisagem.jpeg?fit=300%2C200\" data-large-file=\"https:\/\/i0.wp.com\/blogdalucianaoliveira.com.br\/blog\/wp-content\/uploads\/2016\/11\/paisagem.jpeg?fit=600%2C400\" src=\"https:\/\/i0.wp.com\/blogdalucianaoliveira.com.br\/blog\/wp-content\/uploads\/2016\/11\/paisagem.jpeg?resize=600%2C400\" alt=\"paisagem\" width=\"600\" height=\"400\" class=\"alignnone size-full wp-image-6210\" srcset=\"https:\/\/i0.wp.com\/blogdalucianaoliveira.com.br\/blog\/wp-content\/uploads\/2016\/11\/paisagem.jpeg?w=768 768w, https:\/\/i0.wp.com\/blogdalucianaoliveira.com.br\/blog\/wp-content\/uploads\/2016\/11\/paisagem.jpeg?resize=300%2C200 300w, https:\/\/i0.wp.com\/blogdalucianaoliveira.com.br\/blog\/wp-content\/uploads\/2016\/11\/paisagem.jpeg?resize=450%2C300 450w\" sizes=\"auto, (max-width: 600px) 100vw, 600px\" \/><\/p>\n<p> \u201cUm dia eu mesmo me rotulei de vice-presidente decorativo porque eu n\u00e3o tinha participa\u00e7\u00e3o.\u201d Era o que Michel Temer dizia quando perguntado sobre o que sabia &#8220;da corrup\u00e7\u00e3o no PT&#8221; na \u00e9poca em que era vice-presidente. <!--more--><\/p>\n<p>E disse isso, porque na carta que enviou \u00e0 ex-presidenta Dilma Rousseff antes de tornar p\u00fablica a sua participa\u00e7\u00e3o no golpe, Temer premeditadamente, insinuou ter passado \u201cos quatro primeiros anos de governo como vice decorativo.\u201d<\/p>\n<p>Pra muita gente, pasme, colou.<\/p>\n<p>Mas, e agora?<\/p>\n<p>Vai manter como a cara de paisagem diante do \u00faltimo esc\u00e2ndalo, o que o colocou na vitrine junto com o ministro da secretaria de governo, Geddel Vieira Lima, acusado de agir sorrateiramente para liberar as obras de um pr\u00e9dio onde tem um apartamento?<\/p>\n<p>Se Temer tivesse afastado Geddel ap\u00f3s confessar que ligou para o ex-ministro da Cultura, Marcelo Calero, pra pression\u00e1-lo a intervir junto ao Iphan, talvez ningu\u00e9m soubesse que familiares dele fazem a defesa do empreendimento embargado.<\/p>\n<p>T\u00e1 certo que o presidente j\u00e1 repetiu que n\u00e3o d\u00e1 a m\u00ednima para a opini\u00e3o p\u00fablica, mas a cara de paisagem s\u00f3 piorou e muito a imagem decorativa dele e da espelunca de governo que montou.<\/p>\n<p>A conduta de Geddel passou a ser investigada na Comiss\u00e3o de \u00c9tica P\u00fablica da Presid\u00eancia por for\u00e7a de um requerimento da oposi\u00e7\u00e3o.<br \/>\nA imprensa n\u00e3o deu refresco e at\u00e9 o jornal O Globo pediu a cabe\u00e7a de Geddel em editorial.<\/p>\n<p>A Pol\u00edcia Federal ouviu o depoimento de Calero e encaminhou ao Supremo Tribunal Federal que mandou \u00e0 procuradoria-geral da Rep\u00fablica para decidir se pede ou n\u00e3o a abertura de inqu\u00e9rito.<\/p>\n<p>E o mais grave, Calero disse \u00e0 PF que o pr\u00f3prio Temer pediu pra acelerar a libera\u00e7\u00e3o do empreendimento imobili\u00e1rio. <\/p>\n<p>Eis um trecho de seu depoimento:<\/p>\n<p>&#8220;Que na quinta, 17, o depoente foi convocado pelo presidente Michel Temer a comparecer no Pal\u00e1cio do Planalto; que nesta reuni\u00e3o o presidente disse ao depoente que a decis\u00e3o do Iphan havia criado &#8216;dificuldades operacionais&#8217; em seu gabinete, posto que o ministro Geddel encontrava-se bastante irritado; que ent\u00e3o o presidente disse ao depoente para que constru\u00edsse uma sa\u00edda para que o processo fosse encaminhado \u00e0 AGU [Advocacia-Geral da Uni\u00e3o], porque a ministra Grace Mendon\u00e7a teria uma solu\u00e7\u00e3o (&#8230;) Que, no final da conversa, o presidente disse ao depoente &#8216;que a pol\u00edtica tinha dessas coisas, esse tipo de press\u00e3o'&#8221;.<\/p>\n<p>O senador Lindbergh Farias (PT-RJ) disse que vai protocolar o pedido de impeachment de Temer, por crime de responsabilidade ao praticar advocacia administrativa.<\/p>\n<p>Temer est\u00e1 encurralado.<\/p>\n<p>Mais dia menos dia, voluntariamente ou n\u00e3o, o decorativo ter\u00e1 que se mexer. <\/p>\n","protected":false},"excerpt":{"rendered":"<p>\u201cUm dia eu mesmo me rotulei de vice-presidente decorativo porque eu n\u00e3o tinha participa\u00e7\u00e3o.\u201d Era o que Michel Temer dizia quando perguntado sobre o que sabia &#8220;da corrup\u00e7\u00e3o no PT&#8221; na \u00e9poca em que era vice-presidente.<\/p>\n","protected":false},"author":1,"featured_media":0,"comment_status":"closed","ping_status":"open","sticky":false,"template":"","format":"standard","meta":{"_exactmetrics_skip_tracking":false,"_exactmetrics_sitenote_active":false,"_exactmetrics_sitenote_note":"","_exactmetrics_sitenote_category":0,"jetpack_post_was_ever_published":false,"_jetpack_newsletter_access":"","_jetpack_dont_email_post_to_subs":false,"_jetpack_newsletter_tier_id":0,"_jetpack_memberships_contains_paywalled_content":false,"_jetpack_memberships_contains_paid_content":false,"footnotes":"","jetpack_publicize_message":"","jetpack_publicize_feature_enabled":true,"jetpack_social_post_already_shared":true,"jetpack_social_options":{"image_generator_settings":{"template":"highway","enabled":false},"version":2}},"categories":[1],"tags":[],"class_list":["post-6209","post","type-post","status-publish","format-standard","hentry","category-notas"],"jetpack_publicize_connections":[],"jetpack_sharing_enabled":true,"jetpack_featured_media_url":"","jetpack_shortlink":"https:\/\/wp.me\/p7wKYW-1C9","jetpack-related-posts":[],"_links":{"self":[{"href":"http:\/\/blogdalucianaoliveira.com.br\/blog\/wp-json\/wp\/v2\/posts\/6209","targetHints":{"allow":["GET"]}}],"collection":[{"href":"http:\/\/blogdalucianaoliveira.com.br\/blog\/wp-json\/wp\/v2\/posts"}],"about":[{"href":"http:\/\/blogdalucianaoliveira.com.br\/blog\/wp-json\/wp\/v2\/types\/post"}],"author":[{"embeddable":true,"href":"http:\/\/blogdalucianaoliveira.com.br\/blog\/wp-json\/wp\/v2\/users\/1"}],"replies":[{"embeddable":true,"href":"http:\/\/blogdalucianaoliveira.com.br\/blog\/wp-json\/wp\/v2\/comments?post=6209"}],"version-history":[{"count":9,"href":"http:\/\/blogdalucianaoliveira.com.br\/blog\/wp-json\/wp\/v2\/posts\/6209\/revisions"}],"predecessor-version":[{"id":6224,"href":"http:\/\/blogdalucianaoliveira.com.br\/blog\/wp-json\/wp\/v2\/posts\/6209\/revisions\/6224"}],"wp:attachment":[{"href":"http:\/\/blogdalucianaoliveira.com.br\/blog\/wp-json\/wp\/v2\/media?parent=6209"}],"wp:term":[{"taxonomy":"category","embeddable":true,"href":"http:\/\/blogdalucianaoliveira.com.br\/blog\/wp-json\/wp\/v2\/categories?post=6209"},{"taxonomy":"post_tag","embeddable":true,"href":"http:\/\/blogdalucianaoliveira.com.br\/blog\/wp-json\/wp\/v2\/tags?post=6209"}],"curies":[{"name":"wp","href":"https:\/\/api.w.org\/{rel}","templated":true}]}}