{"id":6232,"date":"2016-11-25T10:08:42","date_gmt":"2016-11-25T14:08:42","guid":{"rendered":"http:\/\/blogdalucianaoliveira.com.br\/blog\/?p=6232"},"modified":"2016-11-25T10:08:42","modified_gmt":"2016-11-25T14:08:42","slug":"advogados-de-rondonia-tentaram-impedir-posse-de-ministro-forcado-a-pedir-demissao","status":"publish","type":"post","link":"http:\/\/blogdalucianaoliveira.com.br\/blog\/2016\/11\/25\/advogados-de-rondonia-tentaram-impedir-posse-de-ministro-forcado-a-pedir-demissao\/","title":{"rendered":"ADVOGADOS DE ROND\u00d4NIA TENTARAM IMPEDIR POSSE DE MINISTRO FOR\u00c7ADO A PEDIR DEMISS\u00c3O"},"content":{"rendered":"<p><img data-recalc-dims=\"1\" loading=\"lazy\" decoding=\"async\" data-attachment-id=\"6233\" data-permalink=\"http:\/\/blogdalucianaoliveira.com.br\/blog\/2016\/11\/25\/advogados-de-rondonia-tentaram-impedir-posse-de-ministro-forcado-a-pedir-demissao\/ge-2\/\" data-orig-file=\"https:\/\/i0.wp.com\/blogdalucianaoliveira.com.br\/blog\/wp-content\/uploads\/2016\/11\/GE.jpg?fit=2260%2C1098\" data-orig-size=\"2260,1098\" data-comments-opened=\"0\" data-image-meta=\"{&quot;aperture&quot;:&quot;0&quot;,&quot;credit&quot;:&quot;&quot;,&quot;camera&quot;:&quot;&quot;,&quot;caption&quot;:&quot;&quot;,&quot;created_timestamp&quot;:&quot;0&quot;,&quot;copyright&quot;:&quot;&quot;,&quot;focal_length&quot;:&quot;0&quot;,&quot;iso&quot;:&quot;0&quot;,&quot;shutter_speed&quot;:&quot;0&quot;,&quot;title&quot;:&quot;&quot;,&quot;orientation&quot;:&quot;0&quot;}\" data-image-title=\"ge\" data-image-description=\"\" data-image-caption=\"\" data-medium-file=\"https:\/\/i0.wp.com\/blogdalucianaoliveira.com.br\/blog\/wp-content\/uploads\/2016\/11\/GE.jpg?fit=300%2C146\" data-large-file=\"https:\/\/i0.wp.com\/blogdalucianaoliveira.com.br\/blog\/wp-content\/uploads\/2016\/11\/GE.jpg?fit=600%2C292\" src=\"https:\/\/i0.wp.com\/blogdalucianaoliveira.com.br\/blog\/wp-content\/uploads\/2016\/11\/GE.jpg?resize=600%2C292\" alt=\"ge\" width=\"600\" height=\"292\" class=\"alignnone size-full wp-image-6233\" srcset=\"https:\/\/i0.wp.com\/blogdalucianaoliveira.com.br\/blog\/wp-content\/uploads\/2016\/11\/GE.jpg?w=2260 2260w, https:\/\/i0.wp.com\/blogdalucianaoliveira.com.br\/blog\/wp-content\/uploads\/2016\/11\/GE.jpg?resize=300%2C146 300w, https:\/\/i0.wp.com\/blogdalucianaoliveira.com.br\/blog\/wp-content\/uploads\/2016\/11\/GE.jpg?resize=768%2C373 768w, https:\/\/i0.wp.com\/blogdalucianaoliveira.com.br\/blog\/wp-content\/uploads\/2016\/11\/GE.jpg?resize=617%2C300 617w, https:\/\/i0.wp.com\/blogdalucianaoliveira.com.br\/blog\/wp-content\/uploads\/2016\/11\/GE.jpg?w=1200 1200w, https:\/\/i0.wp.com\/blogdalucianaoliveira.com.br\/blog\/wp-content\/uploads\/2016\/11\/GE.jpg?w=1800 1800w\" sizes=\"auto, (max-width: 600px) 100vw, 600px\" \/><\/p>\n<p>A A\u00e7\u00e3o Popular com pedido de Provimento Liminar foi ajuizada por oito advogados inscritos na Seccional da OAB em Rond\u00f4nia, que consideraram a nomea\u00e7\u00e3o de oito ministros do governo provis\u00f3rio, um ato ilegal e lesivo \u00e0 moralidade administrativa praticado pelo Presidente \u2014 em exerc\u00edcio \u2014 da Rep\u00fablica Federativa do Brasil MICHEL MIGUEL ELIAS TEMER LULIA.<!--more--><\/p>\n<p>Um deles era Geddel Viera Lima, o ministro que nesta sexta-feira (25) pediu pra sair ap\u00f3s o ex-ministro da Cultura Marcelo Calero o acusar de press\u00e3o para desembargar a constru\u00e7\u00e3o de um condom\u00ednio de luxo em Salvador, onde possui apartamento.<\/p>\n<p>Michel Temer fez cara de paisagem para o esc\u00e2ndalo, mas depois que a imprensa revelou que Calero tamb\u00e9m denunciou \u00e0 Pol\u00edcia Federal que houve press\u00e3o do presidente para liberar o empreendimento imobili\u00e1rio n\u00e3o restou outra alternativa, sen\u00e3o negociar a sa\u00edda do ministro da Secretaria de Governo.<\/p>\n<p>Se Calero gravou a conversa como dito na imprensa, quem deve cair por crime de responsabilidade \u00e9 o pr\u00f3prio Temer.<\/p>\n<p>\u00c9 o sexto ministro que pede pra sair ap\u00f3s den\u00fancias, em seis meses de governo.<\/p>\n<p><img data-recalc-dims=\"1\" loading=\"lazy\" decoding=\"async\" data-attachment-id=\"6238\" data-permalink=\"http:\/\/blogdalucianaoliveira.com.br\/blog\/2016\/11\/25\/advogados-de-rondonia-tentaram-impedir-posse-de-ministro-forcado-a-pedir-demissao\/gege-2\/\" data-orig-file=\"https:\/\/i0.wp.com\/blogdalucianaoliveira.com.br\/blog\/wp-content\/uploads\/2016\/11\/gege.jpeg?fit=460%2C305\" data-orig-size=\"460,305\" data-comments-opened=\"0\" data-image-meta=\"{&quot;aperture&quot;:&quot;0&quot;,&quot;credit&quot;:&quot;&quot;,&quot;camera&quot;:&quot;&quot;,&quot;caption&quot;:&quot;&quot;,&quot;created_timestamp&quot;:&quot;0&quot;,&quot;copyright&quot;:&quot;&quot;,&quot;focal_length&quot;:&quot;0&quot;,&quot;iso&quot;:&quot;0&quot;,&quot;shutter_speed&quot;:&quot;0&quot;,&quot;title&quot;:&quot;&quot;,&quot;orientation&quot;:&quot;0&quot;}\" data-image-title=\"gege\" data-image-description=\"\" data-image-caption=\"\" data-medium-file=\"https:\/\/i0.wp.com\/blogdalucianaoliveira.com.br\/blog\/wp-content\/uploads\/2016\/11\/gege.jpeg?fit=300%2C199\" data-large-file=\"https:\/\/i0.wp.com\/blogdalucianaoliveira.com.br\/blog\/wp-content\/uploads\/2016\/11\/gege.jpeg?fit=460%2C305\" src=\"https:\/\/i0.wp.com\/blogdalucianaoliveira.com.br\/blog\/wp-content\/uploads\/2016\/11\/gege.jpeg?resize=460%2C305\" alt=\"gege\" width=\"460\" height=\"305\" class=\"alignnone size-full wp-image-6238\" srcset=\"https:\/\/i0.wp.com\/blogdalucianaoliveira.com.br\/blog\/wp-content\/uploads\/2016\/11\/gege.jpeg?w=460 460w, https:\/\/i0.wp.com\/blogdalucianaoliveira.com.br\/blog\/wp-content\/uploads\/2016\/11\/gege.jpeg?resize=300%2C199 300w, https:\/\/i0.wp.com\/blogdalucianaoliveira.com.br\/blog\/wp-content\/uploads\/2016\/11\/gege.jpeg?resize=452%2C300 452w\" sizes=\"auto, (max-width: 460px) 100vw, 460px\" \/><\/p>\n<p>Na A\u00e7\u00e3o proposta em junho, os advogados rondonienses argumentaram que feria o princ\u00edpio da moralidade p\u00fablica a nomea\u00e7\u00e3o de citados e investigados na Opera\u00e7\u00e3o Lava Jato e em outros procedimentos investigativos ou a\u00e7\u00f5es penais perante diversas inst\u00e2ncias, inclusive no Supremo Tribunal Federal.<\/p>\n<p>\u00c0 Justi\u00e7a Federal pediram que fosse CONCEDIDA medida liminar determinando a imediata e resoluta suspens\u00e3o da efic\u00e1cia da nomea\u00e7\u00e3o dos ministros: GEDDEL QUADROS VIEIRA LIMA &#8211; Ministro de Secretaria de Governo; HENRIQUE EDUARDO ALVES &#8211; Ministro do Turismo; MAUR\u00cdCIO QUINTELLA MALTA LESSA &#8211; Ministro dos Transportes; RICARDO JOS\u00c9 MAGALH\u00c3ES BARROS &#8211; Ministro da Sa\u00fade; JOS\u00c9 SERRA &#8211; ministro das Rela\u00e7\u00f5es Exteriores; GILBERTO KASSAB &#8211; Ministro da Ci\u00eancia, Tecnologia e Comunica\u00e7\u00f5es; LEONARDO CARNEIRO MONTEIRO PICCIANI &#8211; Ministro dos Esportes e RONALDO JOS\u00c9 NOGUEIRA BARROS &#8211; Ministro do Trabalho.<\/p>\n<p>Os autores ressaltaram que dentre os escolhidos para os cargos da Alta Gest\u00e3o P\u00fablica, al\u00e9m suas condutas serem oficialmente investigadas por supostos e graves atos de corrup\u00e7\u00e3o, dois deles [Geddel e Henrique] passaram a possuir foro privilegiado e pontuam as den\u00fancias:<\/p>\n<p>Com rela\u00e7\u00e3o a GEDDEL QUADROS VIEIRA LIMA nomeado para o Minist\u00e9rio de Secretaria de Governo, destacaram: \u201c\u00e9 investigado na opera\u00e7\u00e3o Lava Jato como suspeito de negociar propina com a empreiteira OAS, sendo que mensagens apreendidas pela Pol\u00edcia Federal no celular do Sr. L\u00e9o Pinheiro mostrariam, segundo noticiado, uma atua\u00e7\u00e3o direta do agora Ministro dentro da Caixa Econ\u00f4mica Federal em favor da construtora.\u201d<\/p>\n<p>Na A\u00e7\u00e3o os autores populares destacaram que o objetivo era \u201csalvaguardar de qualquer m\u00e1cula a alta administra\u00e7\u00e3o p\u00fablica brasileira e impedir que a Rep\u00fablica possua entre seus mandat\u00e1rios pessoas cuja \u00edndole seja inteiramente question\u00e1vel\u201d.<\/p>\n<p>A a\u00e7\u00e3o foi ajuizada  pelos advogados VINICIUS VALENTIN RADUAN MIGUEL, ERNANDE DA SILVA SEGISMUNDO, SANDRA MARIA GUERREIRO SARAIVA, DENIELE RIBEIRO MENDON\u00c7A, ANA VALESKA DUARTE, WALTER GUSTAVO DA SILVA LEMOS, INDIELE MOURA e THIAGO COSTA MIRANDA, mas a A\u00e7\u00e3o reflete a opini\u00e3o de um grupo de advogados militantes que se uniu para se opor a qualquer ruptura democr\u00e1tica.<\/p>\n","protected":false},"excerpt":{"rendered":"<p>A A\u00e7\u00e3o Popular com pedido de Provimento Liminar foi ajuizada por oito advogados inscritos na Seccional da OAB em Rond\u00f4nia, que consideraram a nomea\u00e7\u00e3o de oito ministros do governo provis\u00f3rio, um ato ilegal e lesivo \u00e0 moralidade administrativa praticado pelo Presidente \u2014 em exerc\u00edcio \u2014 da Rep\u00fablica Federativa do Brasil MICHEL MIGUEL ELIAS TEMER LULIA.<\/p>\n","protected":false},"author":1,"featured_media":0,"comment_status":"closed","ping_status":"open","sticky":false,"template":"","format":"standard","meta":{"_exactmetrics_skip_tracking":false,"_exactmetrics_sitenote_active":false,"_exactmetrics_sitenote_note":"","_exactmetrics_sitenote_category":0,"jetpack_post_was_ever_published":false,"_jetpack_newsletter_access":"","_jetpack_dont_email_post_to_subs":false,"_jetpack_newsletter_tier_id":0,"_jetpack_memberships_contains_paywalled_content":false,"_jetpack_memberships_contains_paid_content":false,"footnotes":"","jetpack_publicize_message":"","jetpack_publicize_feature_enabled":true,"jetpack_social_post_already_shared":true,"jetpack_social_options":{"image_generator_settings":{"template":"highway","enabled":false},"version":2}},"categories":[1],"tags":[208,121],"class_list":["post-6232","post","type-post","status-publish","format-standard","hentry","category-notas","tag-demissao","tag-geddel"],"jetpack_publicize_connections":[],"jetpack_sharing_enabled":true,"jetpack_featured_media_url":"","jetpack_shortlink":"https:\/\/wp.me\/p7wKYW-1Cw","jetpack-related-posts":[],"_links":{"self":[{"href":"http:\/\/blogdalucianaoliveira.com.br\/blog\/wp-json\/wp\/v2\/posts\/6232","targetHints":{"allow":["GET"]}}],"collection":[{"href":"http:\/\/blogdalucianaoliveira.com.br\/blog\/wp-json\/wp\/v2\/posts"}],"about":[{"href":"http:\/\/blogdalucianaoliveira.com.br\/blog\/wp-json\/wp\/v2\/types\/post"}],"author":[{"embeddable":true,"href":"http:\/\/blogdalucianaoliveira.com.br\/blog\/wp-json\/wp\/v2\/users\/1"}],"replies":[{"embeddable":true,"href":"http:\/\/blogdalucianaoliveira.com.br\/blog\/wp-json\/wp\/v2\/comments?post=6232"}],"version-history":[{"count":2,"href":"http:\/\/blogdalucianaoliveira.com.br\/blog\/wp-json\/wp\/v2\/posts\/6232\/revisions"}],"predecessor-version":[{"id":6239,"href":"http:\/\/blogdalucianaoliveira.com.br\/blog\/wp-json\/wp\/v2\/posts\/6232\/revisions\/6239"}],"wp:attachment":[{"href":"http:\/\/blogdalucianaoliveira.com.br\/blog\/wp-json\/wp\/v2\/media?parent=6232"}],"wp:term":[{"taxonomy":"category","embeddable":true,"href":"http:\/\/blogdalucianaoliveira.com.br\/blog\/wp-json\/wp\/v2\/categories?post=6232"},{"taxonomy":"post_tag","embeddable":true,"href":"http:\/\/blogdalucianaoliveira.com.br\/blog\/wp-json\/wp\/v2\/tags?post=6232"}],"curies":[{"name":"wp","href":"https:\/\/api.w.org\/{rel}","templated":true}]}}