{"id":6243,"date":"2016-11-25T15:57:22","date_gmt":"2016-11-25T19:57:22","guid":{"rendered":"http:\/\/blogdalucianaoliveira.com.br\/blog\/?p=6243"},"modified":"2016-11-25T15:57:22","modified_gmt":"2016-11-25T19:57:22","slug":"mesoclise-do-dia-impichar-me-ao","status":"publish","type":"post","link":"http:\/\/blogdalucianaoliveira.com.br\/blog\/2016\/11\/25\/mesoclise-do-dia-impichar-me-ao\/","title":{"rendered":"MES\u00d3CLISE DO DIA: IMPICHAR-ME-\u00c3O?!"},"content":{"rendered":"<p><img data-recalc-dims=\"1\" loading=\"lazy\" decoding=\"async\" data-attachment-id=\"6246\" data-permalink=\"http:\/\/blogdalucianaoliveira.com.br\/blog\/2016\/11\/25\/mesoclise-do-dia-impichar-me-ao\/img_8451-3\/\" data-orig-file=\"https:\/\/i0.wp.com\/blogdalucianaoliveira.com.br\/blog\/wp-content\/uploads\/2016\/11\/IMG_8451-2.jpg?fit=435%2C309\" data-orig-size=\"435,309\" data-comments-opened=\"0\" data-image-meta=\"{&quot;aperture&quot;:&quot;0&quot;,&quot;credit&quot;:&quot;&quot;,&quot;camera&quot;:&quot;&quot;,&quot;caption&quot;:&quot;&quot;,&quot;created_timestamp&quot;:&quot;0&quot;,&quot;copyright&quot;:&quot;&quot;,&quot;focal_length&quot;:&quot;0&quot;,&quot;iso&quot;:&quot;0&quot;,&quot;shutter_speed&quot;:&quot;0&quot;,&quot;title&quot;:&quot;&quot;,&quot;orientation&quot;:&quot;0&quot;}\" data-image-title=\"img_8451\" data-image-description=\"\" data-image-caption=\"\" data-medium-file=\"https:\/\/i0.wp.com\/blogdalucianaoliveira.com.br\/blog\/wp-content\/uploads\/2016\/11\/IMG_8451-2.jpg?fit=300%2C213\" data-large-file=\"https:\/\/i0.wp.com\/blogdalucianaoliveira.com.br\/blog\/wp-content\/uploads\/2016\/11\/IMG_8451-2.jpg?fit=435%2C309\" src=\"https:\/\/i0.wp.com\/blogdalucianaoliveira.com.br\/blog\/wp-content\/uploads\/2016\/11\/IMG_8451-2.jpg?resize=435%2C309\" alt=\"img_8451\" width=\"435\" height=\"309\" class=\"alignnone size-full wp-image-6246\" srcset=\"https:\/\/i0.wp.com\/blogdalucianaoliveira.com.br\/blog\/wp-content\/uploads\/2016\/11\/IMG_8451-2.jpg?w=435 435w, https:\/\/i0.wp.com\/blogdalucianaoliveira.com.br\/blog\/wp-content\/uploads\/2016\/11\/IMG_8451-2.jpg?resize=300%2C213 300w, https:\/\/i0.wp.com\/blogdalucianaoliveira.com.br\/blog\/wp-content\/uploads\/2016\/11\/IMG_8451-2.jpg?resize=422%2C300 422w\" sizes=\"auto, (max-width: 435px) 100vw, 435px\" \/><\/p>\n<p>No 247<br \/>\nEsmael Morais <\/p>\n<p>N\u00e3o \u00e9 segredo para ningu\u00e9m que o ileg\u00edtimo Michel Temer (PMDB) deu o golpe de Estado embalado em mes\u00f3clises e \u00eanclises, maneiras ultraformais de se falar portugu\u00eas.<!--more--><\/p>\n<p>A velha m\u00eddia \u2014 sempre ela \u2014 chegou a dar vivas ao novo estilo rebuscado de Temer, em contraposi\u00e7\u00e3o \u00e0 informalidade de Lula e Dilma no governo.<\/p>\n<p>Agora viu-se que mesmo falando &#8220;dif\u00edcil&#8221; ou &#8220;bonito&#8221;, como gostam os jornal\u00f5es, o governo ileg\u00edtimo enfia a m\u00e3o na jaca, isto \u00e9, na coisa p\u00fablica para tirar proveito pr\u00f3prio. Que o diga o caso Geddel&#8230;<\/p>\n<p>Mes\u00f3clises s\u00e3o coloca\u00e7\u00f5es pronominais no meio dos verbos, como &#8220;falar-lhe-ei&#8221; ou &#8220;v\u00ea-lo-ei&#8221;. Elas s\u00e3o empregadas nos futuros do presente e do pret\u00e9rito, mas n\u00e3o s\u00e3o usadas com muita frequ\u00eancia.<\/p>\n<p>J\u00e1 a \u00eanclise do verbo utiliza-se no infinitivo, como &#8220;receb\u00ea-lo&#8221; ou &#8220;entregar-lhe&#8221;.<\/p>\n","protected":false},"excerpt":{"rendered":"<p>No 247 Esmael Morais N\u00e3o \u00e9 segredo para ningu\u00e9m que o ileg\u00edtimo Michel Temer (PMDB) deu o golpe de Estado embalado em mes\u00f3clises e \u00eanclises, maneiras ultraformais de se falar portugu\u00eas.<\/p>\n","protected":false},"author":1,"featured_media":0,"comment_status":"closed","ping_status":"open","sticky":false,"template":"","format":"standard","meta":{"_exactmetrics_skip_tracking":false,"_exactmetrics_sitenote_active":false,"_exactmetrics_sitenote_note":"","_exactmetrics_sitenote_category":0,"jetpack_post_was_ever_published":false,"_jetpack_newsletter_access":"","_jetpack_dont_email_post_to_subs":false,"_jetpack_newsletter_tier_id":0,"_jetpack_memberships_contains_paywalled_content":false,"_jetpack_memberships_contains_paid_content":false,"footnotes":"","jetpack_publicize_message":"","jetpack_publicize_feature_enabled":true,"jetpack_social_post_already_shared":true,"jetpack_social_options":{"image_generator_settings":{"template":"highway","enabled":false},"version":2}},"categories":[1],"tags":[],"class_list":["post-6243","post","type-post","status-publish","format-standard","hentry","category-notas"],"jetpack_publicize_connections":[],"jetpack_sharing_enabled":true,"jetpack_featured_media_url":"","jetpack_shortlink":"https:\/\/wp.me\/p7wKYW-1CH","jetpack-related-posts":[],"_links":{"self":[{"href":"http:\/\/blogdalucianaoliveira.com.br\/blog\/wp-json\/wp\/v2\/posts\/6243","targetHints":{"allow":["GET"]}}],"collection":[{"href":"http:\/\/blogdalucianaoliveira.com.br\/blog\/wp-json\/wp\/v2\/posts"}],"about":[{"href":"http:\/\/blogdalucianaoliveira.com.br\/blog\/wp-json\/wp\/v2\/types\/post"}],"author":[{"embeddable":true,"href":"http:\/\/blogdalucianaoliveira.com.br\/blog\/wp-json\/wp\/v2\/users\/1"}],"replies":[{"embeddable":true,"href":"http:\/\/blogdalucianaoliveira.com.br\/blog\/wp-json\/wp\/v2\/comments?post=6243"}],"version-history":[{"count":1,"href":"http:\/\/blogdalucianaoliveira.com.br\/blog\/wp-json\/wp\/v2\/posts\/6243\/revisions"}],"predecessor-version":[{"id":6247,"href":"http:\/\/blogdalucianaoliveira.com.br\/blog\/wp-json\/wp\/v2\/posts\/6243\/revisions\/6247"}],"wp:attachment":[{"href":"http:\/\/blogdalucianaoliveira.com.br\/blog\/wp-json\/wp\/v2\/media?parent=6243"}],"wp:term":[{"taxonomy":"category","embeddable":true,"href":"http:\/\/blogdalucianaoliveira.com.br\/blog\/wp-json\/wp\/v2\/categories?post=6243"},{"taxonomy":"post_tag","embeddable":true,"href":"http:\/\/blogdalucianaoliveira.com.br\/blog\/wp-json\/wp\/v2\/tags?post=6243"}],"curies":[{"name":"wp","href":"https:\/\/api.w.org\/{rel}","templated":true}]}}