{"id":6255,"date":"2016-11-25T17:37:02","date_gmt":"2016-11-25T21:37:02","guid":{"rendered":"http:\/\/blogdalucianaoliveira.com.br\/blog\/?p=6255"},"modified":"2016-11-25T17:37:02","modified_gmt":"2016-11-25T21:37:02","slug":"o-lado-bom-do-golpe-nao-podem-dizer-que-houve-blindagem-a-lula","status":"publish","type":"post","link":"http:\/\/blogdalucianaoliveira.com.br\/blog\/2016\/11\/25\/o-lado-bom-do-golpe-nao-podem-dizer-que-houve-blindagem-a-lula\/","title":{"rendered":"O lado bom do golpe. N\u00e3o podem dizer que houve blindagem a Lula"},"content":{"rendered":"<p><img data-recalc-dims=\"1\" loading=\"lazy\" decoding=\"async\" data-attachment-id=\"6256\" data-permalink=\"http:\/\/blogdalucianaoliveira.com.br\/blog\/2016\/11\/25\/o-lado-bom-do-golpe-nao-podem-dizer-que-houve-blindagem-a-lula\/img_8457\/\" data-orig-file=\"https:\/\/i0.wp.com\/blogdalucianaoliveira.com.br\/blog\/wp-content\/uploads\/2016\/11\/IMG_8457.jpg?fit=750%2C373\" data-orig-size=\"750,373\" data-comments-opened=\"0\" data-image-meta=\"{&quot;aperture&quot;:&quot;0&quot;,&quot;credit&quot;:&quot;&quot;,&quot;camera&quot;:&quot;&quot;,&quot;caption&quot;:&quot;&quot;,&quot;created_timestamp&quot;:&quot;0&quot;,&quot;copyright&quot;:&quot;&quot;,&quot;focal_length&quot;:&quot;0&quot;,&quot;iso&quot;:&quot;0&quot;,&quot;shutter_speed&quot;:&quot;0&quot;,&quot;title&quot;:&quot;&quot;,&quot;orientation&quot;:&quot;0&quot;}\" data-image-title=\"img_8457\" data-image-description=\"\" data-image-caption=\"\" data-medium-file=\"https:\/\/i0.wp.com\/blogdalucianaoliveira.com.br\/blog\/wp-content\/uploads\/2016\/11\/IMG_8457.jpg?fit=300%2C149\" data-large-file=\"https:\/\/i0.wp.com\/blogdalucianaoliveira.com.br\/blog\/wp-content\/uploads\/2016\/11\/IMG_8457.jpg?fit=600%2C298\" src=\"https:\/\/i0.wp.com\/blogdalucianaoliveira.com.br\/blog\/wp-content\/uploads\/2016\/11\/IMG_8457.jpg?resize=600%2C298\" alt=\"img_8457\" width=\"600\" height=\"298\" class=\"alignnone size-full wp-image-6256\" srcset=\"https:\/\/i0.wp.com\/blogdalucianaoliveira.com.br\/blog\/wp-content\/uploads\/2016\/11\/IMG_8457.jpg?w=750 750w, https:\/\/i0.wp.com\/blogdalucianaoliveira.com.br\/blog\/wp-content\/uploads\/2016\/11\/IMG_8457.jpg?resize=300%2C149 300w, https:\/\/i0.wp.com\/blogdalucianaoliveira.com.br\/blog\/wp-content\/uploads\/2016\/11\/IMG_8457.jpg?resize=603%2C300 603w\" sizes=\"auto, (max-width: 600px) 100vw, 600px\" \/><\/p>\n<p>DOLEIRO YOUSSEF \u00c9 O NONO QUE INOCENTA LULA<!--more--><\/p>\n<p>247 &#8211; O doleiro Alberto Youssef disse, em depoimento nesta sexta-feira (25), na Justi\u00e7a Federal do Paran\u00e1, que n\u00e3o conhece pessoalmente o ex-presidente Luiz In\u00e1cio Lula da Silva e que jamais tratou com pol\u00edticos que n\u00e3o fossem do PP sobre valores oriundos de contratos na diretoria de Abastecimento da Petrobras e eventuais fraudes ou desvios envolvidos nessas contrata\u00e7\u00f5es. Antes dele, outras oito testemunhas inocentaram Lula (leia aqui).<\/p>\n<p>O doleiro falou \u00e0 Justi\u00e7a na condi\u00e7\u00e3o de testemunha de acusa\u00e7\u00e3o do MPF-PR (Minist\u00e9rio P\u00fablico Federal no Paran\u00e1), em processo em que os procuradores acusam Lula de ser o &#8220;dono oculto&#8221; de um apartamento no Guaruj\u00e1. Apesar disso, Youssef n\u00e3o ter nenhuma informa\u00e7\u00e3o sobre o im\u00f3vel, nem nunca ouviu falar de nenhuma informa\u00e7\u00e3o de propina ou vantagem indevida ao ex-presidente da Rep\u00fablica ligada ou n\u00e3o ao apartamento.<\/p>\n<p>Perguntado pelos procuradores, Youssef disse que apenas uma vez ouviu a voz de Lula ao telefone. Foi em uma conversa feita com o viva voz ligado. Era uma uma conversa entre Jos\u00e9 Janene (PP) e Aldo Rebelo (PC do B), sendo que Lula estava ao lado de Rebelo, sobre a demiss\u00e3o de um servidor do minist\u00e9rio da Sa\u00fade pelo ent\u00e3o ministro Humberto Costa. De acordo com o que contou Youssef, Janene estava irritado pelo fato de o funcion\u00e1rio ter sido demitido sem ter a chance de pedir demiss\u00e3o. O pepista teria dito um palavr\u00e3o, e Lula interveio para que n\u00e3o ofendesse outras pessoas. Isso foi tudo que conseguiu dizer sobre Lula a testemunha de acusa\u00e7\u00e3o.<\/p>\n<p>O doleiro se negou a responder sobre acordos de dela\u00e7\u00e3o assinados em pa\u00edses estrangeiros. Ele \u00e9 a sexta testemunha arrolada pelo Minist\u00e9rio P\u00fablico que se recusa a responder sobre negocia\u00e7\u00f5es com autoridades estrangeiras, sempre com a anu\u00eancia do juiz de primeira inst\u00e2ncia que preside as sess\u00f5es, S\u00e9rgio Moro.<\/p>\n<p>Abaixo a nota da defesa:<\/p>\n<p>Nota<\/p>\n<p>Emerge um quadro bastante distinto da acusa\u00e7\u00e3o inicial do Minist\u00e9rio P\u00fablico Federal, ap\u00f3s a realiza\u00e7\u00e3o das audi\u00eancias na 13\u00aa Vara Federal Criminal de Curitiba nesta semana (21\/11 a 25\/11), no \u00e2mbito da a\u00e7\u00e3o penal que atribui ao ex-Presidente Luiz Inacio Lula da Silva a obten\u00e7\u00e3o de vantagens indevidas a partir de tr\u00eas contratos celebrados entre a OAS e a Petrobras, notadamente por meio da aquisi\u00e7\u00e3o da propriedade de um apartamento triplex, no Guaruj\u00e1 (SP).<\/p>\n<p>As 11 testemunhas do MPF isentaram Lula e sua esposa Marisa Leticia da pr\u00e1tica dos crimes imputados na den\u00fancia, e, mais do que isso, revelaram que o foco de corrup\u00e7\u00e3o alvo da Lava Jato est\u00e1 restrito a alguns agentes p\u00fablicos e privados, que atuavam de forma independente, regidos pela din\u00e2mica de seus pr\u00f3prios interesses, e alheios \u00e0 Presid\u00eancia da Rep\u00fablica.<\/p>\n<p>Quando diretamente inquiridas, as testemunhas (Augusto Ribeiro de Mendon\u00e7a Neto, Dalton dos Santos Avancini, Eduardo Hermelino Leite, Delcidio do Amaral, Pedro Corr\u00eaa, Paulo Roberto Costa, Nestor Cerver\u00f3, Pedro Barusco, Alberto Youssef, Fernando Soares e Milton Paskowich) n\u00e3o fizeram qualquer afirma\u00e7\u00e3o que pudesse confirmar a tese acusat\u00f3ria do MPF que tem Lula no centro do processo de obten\u00e7\u00e3o de vantagens indevidas no \u00e2mbito da Petrobras e muito menos em rela\u00e7\u00e3o aos tr\u00eas contratos indicados na den\u00fancia. Ficou igualmente claro o desconhecimento dessas testemunhas sobre a rela\u00e7\u00e3o de Lula com o triplex do Guaruj\u00e1. Como sempre afirmamos, o ex-Presidente n\u00e3o tem a posse e muito menos a propriedade desse im\u00f3vel.<\/p>\n<p>Os depoimentos recolocam em outro plano os resultados obtidos pela Lava Jato. O foco de corrup\u00e7\u00e3o est\u00e1 restrito a algumas empresas privadas, alguns dirigentes da Petrobras e, ainda, alguns agentes pol\u00edticos. Esse foco de corrup\u00e7\u00e3o era herm\u00e9tico e atuava, fundamentalmente, dentro da varia\u00e7\u00e3o de pre\u00e7o (&#8220;range&#8221;) aprovada pela Diretoria de Petrobras, baseada em par\u00e2metros internacionais, o que lhe conferia aura de aparente normalidade.<\/p>\n<p>Por isso mesmo, esse foco de corrup\u00e7\u00e3o n\u00e3o foi identificado por qualquer \u00f3rg\u00e3o de controle interno (auditoria interna, Conselho Fiscal, dentre outros) ou externo (auditoria externa, CGU, TCU) da Petrobras, como tamb\u00e9m reconheceram algumas das testemunhas ouvidas. Concluir que Lula era o centro desse processo, como fez o MPF, s\u00f3 pode ser ato de voluntarismo maldoso, sem qualquer lastro de veracidade, o que se insere nas pr\u00e1ticas de lawfare &#8211; que \u00e9 o uso da lei e dos procedimentos jur\u00eddicos para fins de persegui\u00e7\u00e3o pol\u00edtica.<\/p>\n<p>N\u00e3o havia qualquer lastro probat\u00f3rio m\u00ednimo para a abertura dessa a\u00e7\u00e3o penal contra Lula e sua esposa, muito menos com o alarde feito pelo MPF &#8211; que usou de um reprov\u00e1vel PowerPoint em rede nacional. Nesta etapa processual, j\u00e1 \u00e9 poss\u00edvel antever que o \u00fanico resultado leg\u00edtimo desse processo \u00e9 a absolvi\u00e7\u00e3o de ambos.<\/p>\n<p>Cristiano Zanin Martins e Roberto Teixeira<\/p>\n","protected":false},"excerpt":{"rendered":"<p>DOLEIRO YOUSSEF \u00c9 O NONO QUE INOCENTA LULA<\/p>\n","protected":false},"author":1,"featured_media":0,"comment_status":"closed","ping_status":"open","sticky":false,"template":"","format":"standard","meta":{"_exactmetrics_skip_tracking":false,"_exactmetrics_sitenote_active":false,"_exactmetrics_sitenote_note":"","_exactmetrics_sitenote_category":0,"jetpack_post_was_ever_published":false,"_jetpack_newsletter_access":"","_jetpack_dont_email_post_to_subs":false,"_jetpack_newsletter_tier_id":0,"_jetpack_memberships_contains_paywalled_content":false,"_jetpack_memberships_contains_paid_content":false,"footnotes":"","jetpack_publicize_message":"","jetpack_publicize_feature_enabled":true,"jetpack_social_post_already_shared":true,"jetpack_social_options":{"image_generator_settings":{"template":"highway","enabled":false},"version":2}},"categories":[1],"tags":[],"class_list":["post-6255","post","type-post","status-publish","format-standard","hentry","category-notas"],"jetpack_publicize_connections":[],"jetpack_sharing_enabled":true,"jetpack_featured_media_url":"","jetpack_shortlink":"https:\/\/wp.me\/p7wKYW-1CT","jetpack-related-posts":[],"_links":{"self":[{"href":"http:\/\/blogdalucianaoliveira.com.br\/blog\/wp-json\/wp\/v2\/posts\/6255","targetHints":{"allow":["GET"]}}],"collection":[{"href":"http:\/\/blogdalucianaoliveira.com.br\/blog\/wp-json\/wp\/v2\/posts"}],"about":[{"href":"http:\/\/blogdalucianaoliveira.com.br\/blog\/wp-json\/wp\/v2\/types\/post"}],"author":[{"embeddable":true,"href":"http:\/\/blogdalucianaoliveira.com.br\/blog\/wp-json\/wp\/v2\/users\/1"}],"replies":[{"embeddable":true,"href":"http:\/\/blogdalucianaoliveira.com.br\/blog\/wp-json\/wp\/v2\/comments?post=6255"}],"version-history":[{"count":1,"href":"http:\/\/blogdalucianaoliveira.com.br\/blog\/wp-json\/wp\/v2\/posts\/6255\/revisions"}],"predecessor-version":[{"id":6257,"href":"http:\/\/blogdalucianaoliveira.com.br\/blog\/wp-json\/wp\/v2\/posts\/6255\/revisions\/6257"}],"wp:attachment":[{"href":"http:\/\/blogdalucianaoliveira.com.br\/blog\/wp-json\/wp\/v2\/media?parent=6255"}],"wp:term":[{"taxonomy":"category","embeddable":true,"href":"http:\/\/blogdalucianaoliveira.com.br\/blog\/wp-json\/wp\/v2\/categories?post=6255"},{"taxonomy":"post_tag","embeddable":true,"href":"http:\/\/blogdalucianaoliveira.com.br\/blog\/wp-json\/wp\/v2\/tags?post=6255"}],"curies":[{"name":"wp","href":"https:\/\/api.w.org\/{rel}","templated":true}]}}