{"id":6264,"date":"2016-11-26T07:54:42","date_gmt":"2016-11-26T11:54:42","guid":{"rendered":"http:\/\/blogdalucianaoliveira.com.br\/blog\/?p=6264"},"modified":"2016-11-26T07:54:42","modified_gmt":"2016-11-26T11:54:42","slug":"morre-fidel-castro-o-lider-da-revolucao-cubana","status":"publish","type":"post","link":"http:\/\/blogdalucianaoliveira.com.br\/blog\/2016\/11\/26\/morre-fidel-castro-o-lider-da-revolucao-cubana\/","title":{"rendered":"MORRE FIDEL CASTRO, O L\u00cdDER DA REVOLU\u00c7\u00c3O CUBANA"},"content":{"rendered":"<p><img data-recalc-dims=\"1\" loading=\"lazy\" decoding=\"async\" data-attachment-id=\"6267\" data-permalink=\"http:\/\/blogdalucianaoliveira.com.br\/blog\/2016\/11\/26\/morre-fidel-castro-o-lider-da-revolucao-cubana\/img_8482-3\/\" data-orig-file=\"https:\/\/i0.wp.com\/blogdalucianaoliveira.com.br\/blog\/wp-content\/uploads\/2016\/11\/IMG_8482-2.jpg?fit=410%2C240\" data-orig-size=\"410,240\" data-comments-opened=\"0\" data-image-meta=\"{&quot;aperture&quot;:&quot;0&quot;,&quot;credit&quot;:&quot;&quot;,&quot;camera&quot;:&quot;&quot;,&quot;caption&quot;:&quot;&quot;,&quot;created_timestamp&quot;:&quot;0&quot;,&quot;copyright&quot;:&quot;&quot;,&quot;focal_length&quot;:&quot;0&quot;,&quot;iso&quot;:&quot;0&quot;,&quot;shutter_speed&quot;:&quot;0&quot;,&quot;title&quot;:&quot;&quot;,&quot;orientation&quot;:&quot;0&quot;}\" data-image-title=\"img_8482\" data-image-description=\"\" data-image-caption=\"\" data-medium-file=\"https:\/\/i0.wp.com\/blogdalucianaoliveira.com.br\/blog\/wp-content\/uploads\/2016\/11\/IMG_8482-2.jpg?fit=300%2C176\" data-large-file=\"https:\/\/i0.wp.com\/blogdalucianaoliveira.com.br\/blog\/wp-content\/uploads\/2016\/11\/IMG_8482-2.jpg?fit=410%2C240\" src=\"https:\/\/i0.wp.com\/blogdalucianaoliveira.com.br\/blog\/wp-content\/uploads\/2016\/11\/IMG_8482-2.jpg?resize=410%2C240\" alt=\"img_8482\" width=\"410\" height=\"240\" class=\"alignnone size-full wp-image-6267\" srcset=\"https:\/\/i0.wp.com\/blogdalucianaoliveira.com.br\/blog\/wp-content\/uploads\/2016\/11\/IMG_8482-2.jpg?w=410 410w, https:\/\/i0.wp.com\/blogdalucianaoliveira.com.br\/blog\/wp-content\/uploads\/2016\/11\/IMG_8482-2.jpg?resize=300%2C176 300w\" sizes=\"auto, (max-width: 410px) 100vw, 410px\" \/><\/p>\n<p>247 \u2013 Morreu nesta madrugada, aos 90 anos, o comandante Fidel Castro, l\u00edder da Revolu\u00e7\u00e3o Cubana.<!--more--><\/p>\n<p>Foi um dos mais carism\u00e1ticos e pol\u00eamicos l\u00edderes pol\u00edticos mundiais, que, em 1959, liderou, ao lado de Che Guevara, a conquista do poder em Havana, a partir da Sierra Maestra, inspirando jovens do mundo todo, com os ideais revolucion\u00e1rios.<\/p>\n<p>\u201cO comandante chefe da revolu\u00e7\u00e3o cubana morreu \u00e0s 22h29 desta noite [de sexta-feira, 3h29 de s\u00e1bado]\u201d, anunciou Ra\u00fal Castro, que sucedeu ao irm\u00e3o em 2006.<\/p>\n<p>O corpo de Fidel ser\u00e1 cremado, \u201catendendo \u00e0 sua vontade expressa\u201d, anunciou Ra\u00fal Castro, e os pormenores sobre o funeral ser\u00e3o dados mais tarde. <\/p>\n<p>A breve declara\u00e7\u00e3o de Ra\u00fal Castro terminou com uma frase muito cara a Fidel: \u201cHasta la victoria, siempre\u201d.<\/p>\n<p>Leia, abaixo, reportagem da Ag\u00eancia Sputinik:<\/p>\n<p>Ex-presidente de Cuba morreu aos 90 anos de idade, diz o canal de televis\u00e3o estatal cubano.<br \/>\nO l\u00edder da Revolu\u00e7\u00e3o Cubana, Fidel Castro, morreu, segundo a m\u00eddia local no s\u00e1bado (26). \u200bEx-presidente cubano morreu aos 90 anos de idade e seu corpo ser\u00e1 cremado, a pedido do pr\u00f3prio Castro, comunicou a ag\u00eancia de not\u00edcias Prensa Latina, citando o atual presidente cubano, Raul Castro, irm\u00e3o do ex-l\u00edder falecido.<\/p>\n<p>Fidel Castro, o l\u00edder da Revolu\u00e7\u00e3o Cubana em 1959, derrubou a ditadura de Fulgencio Batista, apoiada pelos EUA. Ele celebrou o anivers\u00e1rio de 90 anos em 13 de agosto. Fidel Castro, uma das personalidades mais conhecidas do mundo, nasceu em 1926. Sua carreira pol\u00edtica se iniciou em dezembro de 1976.<br \/>\nDurante tr\u00eas d\u00e9cadas, Castro foi presidente do Conselho de Estado e do Conselho de Ministros de Cuba, assim como comandante-em-chefe das For\u00e7as Armadas Revolucion\u00e1rias. Em 2006, devido ao seu fr\u00e1gil estado de sa\u00fade, Fidel Castro abandonou os cargos pol\u00edticos, passando as suas fun\u00e7\u00f5es para o seu irm\u00e3o, Ra\u00fal Castro.<\/p>\n<p>A luta revolucion\u00e1ria de Fidel come\u00e7ou em 11 de mar\u00e7o de 1952, ap\u00f3s o golpe militar do general Fulgencio Batista. Castro esteve nas primeiras fileiras da resist\u00eancia, organizando os apoiantes para derrubar o ditador. A primeira a\u00e7\u00e3o do grupo de Castro foi atacar o Quartel Moncada, em 26 de julho de 1953. Com o fracasso da ofensiva, Fidel foi capturado e condenado a 15 anos de pris\u00e3o.<\/p>\n<p>No entanto, sob a press\u00e3o do povo, foi liberado pela amnistia em 1955, sendo exilado para o M\u00e9xico, onde continuou organizando a rebeli\u00e3o almejada n\u00e3o somente por ele, mas por muitos. Em dezembro de 1956, o grupo de revolucion\u00e1rios liderados por Castro desembarcou na prov\u00edncia de Oriente, Cuba. O grupo cresceu, ganhou for\u00e7a e se tornou o Ex\u00e9rcito Rebelde. Em 1 de janeiro de 1959, Castro e seus aliados conseguiram derrubar o regime ditatorial de Batista.<\/p>\n","protected":false},"excerpt":{"rendered":"<p>247 \u2013 Morreu nesta madrugada, aos 90 anos, o comandante Fidel Castro, l\u00edder da Revolu\u00e7\u00e3o Cubana.<\/p>\n","protected":false},"author":1,"featured_media":0,"comment_status":"closed","ping_status":"open","sticky":false,"template":"","format":"standard","meta":{"_exactmetrics_skip_tracking":false,"_exactmetrics_sitenote_active":false,"_exactmetrics_sitenote_note":"","_exactmetrics_sitenote_category":0,"jetpack_post_was_ever_published":false,"_jetpack_newsletter_access":"","_jetpack_dont_email_post_to_subs":false,"_jetpack_newsletter_tier_id":0,"_jetpack_memberships_contains_paywalled_content":false,"_jetpack_memberships_contains_paid_content":false,"footnotes":"","jetpack_publicize_message":"","jetpack_publicize_feature_enabled":true,"jetpack_social_post_already_shared":true,"jetpack_social_options":{"image_generator_settings":{"template":"highway","enabled":false},"version":2}},"categories":[1],"tags":[],"class_list":["post-6264","post","type-post","status-publish","format-standard","hentry","category-notas"],"jetpack_publicize_connections":[],"jetpack_sharing_enabled":true,"jetpack_featured_media_url":"","jetpack_shortlink":"https:\/\/wp.me\/p7wKYW-1D2","jetpack-related-posts":[],"_links":{"self":[{"href":"http:\/\/blogdalucianaoliveira.com.br\/blog\/wp-json\/wp\/v2\/posts\/6264","targetHints":{"allow":["GET"]}}],"collection":[{"href":"http:\/\/blogdalucianaoliveira.com.br\/blog\/wp-json\/wp\/v2\/posts"}],"about":[{"href":"http:\/\/blogdalucianaoliveira.com.br\/blog\/wp-json\/wp\/v2\/types\/post"}],"author":[{"embeddable":true,"href":"http:\/\/blogdalucianaoliveira.com.br\/blog\/wp-json\/wp\/v2\/users\/1"}],"replies":[{"embeddable":true,"href":"http:\/\/blogdalucianaoliveira.com.br\/blog\/wp-json\/wp\/v2\/comments?post=6264"}],"version-history":[{"count":1,"href":"http:\/\/blogdalucianaoliveira.com.br\/blog\/wp-json\/wp\/v2\/posts\/6264\/revisions"}],"predecessor-version":[{"id":6268,"href":"http:\/\/blogdalucianaoliveira.com.br\/blog\/wp-json\/wp\/v2\/posts\/6264\/revisions\/6268"}],"wp:attachment":[{"href":"http:\/\/blogdalucianaoliveira.com.br\/blog\/wp-json\/wp\/v2\/media?parent=6264"}],"wp:term":[{"taxonomy":"category","embeddable":true,"href":"http:\/\/blogdalucianaoliveira.com.br\/blog\/wp-json\/wp\/v2\/categories?post=6264"},{"taxonomy":"post_tag","embeddable":true,"href":"http:\/\/blogdalucianaoliveira.com.br\/blog\/wp-json\/wp\/v2\/tags?post=6264"}],"curies":[{"name":"wp","href":"https:\/\/api.w.org\/{rel}","templated":true}]}}