{"id":6272,"date":"2016-11-26T08:58:56","date_gmt":"2016-11-26T12:58:56","guid":{"rendered":"http:\/\/blogdalucianaoliveira.com.br\/blog\/?p=6272"},"modified":"2016-11-26T08:59:56","modified_gmt":"2016-11-26T12:59:56","slug":"6272","status":"publish","type":"post","link":"http:\/\/blogdalucianaoliveira.com.br\/blog\/2016\/11\/26\/6272\/","title":{"rendered":"TR\u00caS DELATORES DA ODEBRECHT CONFIRMAM CAIXA 2 PARA O \u201cSANTO\u201d ALCKMIN"},"content":{"rendered":"<p><img data-recalc-dims=\"1\" loading=\"lazy\" decoding=\"async\" data-attachment-id=\"6273\" data-permalink=\"http:\/\/blogdalucianaoliveira.com.br\/blog\/2016\/11\/26\/6272\/img_8486\/\" data-orig-file=\"https:\/\/i0.wp.com\/blogdalucianaoliveira.com.br\/blog\/wp-content\/uploads\/2016\/11\/IMG_8486.jpg?fit=480%2C240\" data-orig-size=\"480,240\" data-comments-opened=\"0\" data-image-meta=\"{&quot;aperture&quot;:&quot;0&quot;,&quot;credit&quot;:&quot;&quot;,&quot;camera&quot;:&quot;&quot;,&quot;caption&quot;:&quot;&quot;,&quot;created_timestamp&quot;:&quot;0&quot;,&quot;copyright&quot;:&quot;&quot;,&quot;focal_length&quot;:&quot;0&quot;,&quot;iso&quot;:&quot;0&quot;,&quot;shutter_speed&quot;:&quot;0&quot;,&quot;title&quot;:&quot;&quot;,&quot;orientation&quot;:&quot;0&quot;}\" data-image-title=\"img_8486\" data-image-description=\"\" data-image-caption=\"\" data-medium-file=\"https:\/\/i0.wp.com\/blogdalucianaoliveira.com.br\/blog\/wp-content\/uploads\/2016\/11\/IMG_8486.jpg?fit=300%2C150\" data-large-file=\"https:\/\/i0.wp.com\/blogdalucianaoliveira.com.br\/blog\/wp-content\/uploads\/2016\/11\/IMG_8486.jpg?fit=480%2C240\" src=\"https:\/\/i0.wp.com\/blogdalucianaoliveira.com.br\/blog\/wp-content\/uploads\/2016\/11\/IMG_8486.jpg?resize=480%2C240\" alt=\"img_8486\" width=\"480\" height=\"240\" class=\"alignnone size-full wp-image-6273\" srcset=\"https:\/\/i0.wp.com\/blogdalucianaoliveira.com.br\/blog\/wp-content\/uploads\/2016\/11\/IMG_8486.jpg?w=480 480w, https:\/\/i0.wp.com\/blogdalucianaoliveira.com.br\/blog\/wp-content\/uploads\/2016\/11\/IMG_8486.jpg?resize=300%2C150 300w\" sizes=\"auto, (max-width: 480px) 100vw, 480px\" \/><\/p>\n<p>POR FERNANDO BRITO, editor do Tijola\u00e7o<\/p>\n<p>\u201cS\u00e3o\u201d Geraldo Alckmin, at\u00e9 agora invulner\u00e1vel  \u00e0s den\u00fancias de corrup\u00e7\u00e3o, tem problemas pela frente.<!--more--><\/p>\n<p>E n\u00e3o aqueles neg\u00f3cios da Alstom, que a imprensa n\u00e3o gosta muito de tratar.<\/p>\n<p>\u00c9 que, agora h\u00e1 pouco, o Valor confirmou que  \u201cpelo menos tr\u00eas candidatos a delatores ligados ao Grupo Odebrecht relataram aos investigadores da Opera\u00e7\u00e3o Lava\u00ad Jato nomes de supostos arrecadadores de caixa dois que teriam captado recursos e os destinado, ao menos em parte, ao abastecimento de campanhas eleitorais do governador de S\u00e3o Paulo, Geraldo Alckmin (PSDB)\u201d<\/p>\n<p>\u201cAo explicar o significado dos apelidos e valores vinculados a contratos de obras p\u00fablicas que constam da contabilidade do Setor de Opera\u00e7\u00f5es Estruturadas da Odebrecht \u2014 esp\u00e9cie de divis\u00e3o da propina revelada pela secret\u00e1ria da empresa Maria L\u00facia Tavares \u2014, os delatores do grupo empresarial confirmaram aos procuradores que o codinome \u201csanto\u201d se trata do apelido usado para se referir a Geraldo Alckmin.\u2019<\/p>\n<p>Ouvida pelo jornal, a assessoria do governador deu a resposta-padr\u00e3o: todas as doa\u00e7\u00f5es foram contabilizadas.<\/p>\n<p>Neste caso tamb\u00e9m h\u00e1 refer\u00eancia ao apelido \u201csanto\u201d, diz o Valor.<\/p>\n<p>Mas que ningu\u00e9m se apresse a condenar Alckmin. O tal santo pode n\u00e3o ser vinculado \u00e0 Opus Dei.<\/p>\n<p>Talvez seja \u00e0 Opus Peguei.<\/p>\n","protected":false},"excerpt":{"rendered":"<p>POR FERNANDO BRITO, editor do Tijola\u00e7o \u201cS\u00e3o\u201d Geraldo Alckmin, at\u00e9 agora invulner\u00e1vel \u00e0s den\u00fancias de corrup\u00e7\u00e3o, tem problemas pela frente.<\/p>\n","protected":false},"author":1,"featured_media":0,"comment_status":"closed","ping_status":"open","sticky":false,"template":"","format":"standard","meta":{"_exactmetrics_skip_tracking":false,"_exactmetrics_sitenote_active":false,"_exactmetrics_sitenote_note":"","_exactmetrics_sitenote_category":0,"jetpack_post_was_ever_published":false,"_jetpack_newsletter_access":"","_jetpack_dont_email_post_to_subs":false,"_jetpack_newsletter_tier_id":0,"_jetpack_memberships_contains_paywalled_content":false,"_jetpack_memberships_contains_paid_content":false,"footnotes":"","jetpack_publicize_message":"","jetpack_publicize_feature_enabled":true,"jetpack_social_post_already_shared":true,"jetpack_social_options":{"image_generator_settings":{"template":"highway","enabled":false},"version":2}},"categories":[1],"tags":[],"class_list":["post-6272","post","type-post","status-publish","format-standard","hentry","category-notas"],"jetpack_publicize_connections":[],"jetpack_sharing_enabled":true,"jetpack_featured_media_url":"","jetpack_shortlink":"https:\/\/wp.me\/s7wKYW-6272","jetpack-related-posts":[],"_links":{"self":[{"href":"http:\/\/blogdalucianaoliveira.com.br\/blog\/wp-json\/wp\/v2\/posts\/6272","targetHints":{"allow":["GET"]}}],"collection":[{"href":"http:\/\/blogdalucianaoliveira.com.br\/blog\/wp-json\/wp\/v2\/posts"}],"about":[{"href":"http:\/\/blogdalucianaoliveira.com.br\/blog\/wp-json\/wp\/v2\/types\/post"}],"author":[{"embeddable":true,"href":"http:\/\/blogdalucianaoliveira.com.br\/blog\/wp-json\/wp\/v2\/users\/1"}],"replies":[{"embeddable":true,"href":"http:\/\/blogdalucianaoliveira.com.br\/blog\/wp-json\/wp\/v2\/comments?post=6272"}],"version-history":[{"count":2,"href":"http:\/\/blogdalucianaoliveira.com.br\/blog\/wp-json\/wp\/v2\/posts\/6272\/revisions"}],"predecessor-version":[{"id":6275,"href":"http:\/\/blogdalucianaoliveira.com.br\/blog\/wp-json\/wp\/v2\/posts\/6272\/revisions\/6275"}],"wp:attachment":[{"href":"http:\/\/blogdalucianaoliveira.com.br\/blog\/wp-json\/wp\/v2\/media?parent=6272"}],"wp:term":[{"taxonomy":"category","embeddable":true,"href":"http:\/\/blogdalucianaoliveira.com.br\/blog\/wp-json\/wp\/v2\/categories?post=6272"},{"taxonomy":"post_tag","embeddable":true,"href":"http:\/\/blogdalucianaoliveira.com.br\/blog\/wp-json\/wp\/v2\/tags?post=6272"}],"curies":[{"name":"wp","href":"https:\/\/api.w.org\/{rel}","templated":true}]}}