{"id":6280,"date":"2016-11-26T09:24:49","date_gmt":"2016-11-26T13:24:49","guid":{"rendered":"http:\/\/blogdalucianaoliveira.com.br\/blog\/?p=6280"},"modified":"2016-11-26T09:26:13","modified_gmt":"2016-11-26T13:26:13","slug":"dilma-fidel-acreditou-numa-america-latina-unida-e-forte","status":"publish","type":"post","link":"http:\/\/blogdalucianaoliveira.com.br\/blog\/2016\/11\/26\/dilma-fidel-acreditou-numa-america-latina-unida-e-forte\/","title":{"rendered":"DILMA: &#8220;Fidel acreditou numa Am\u00e9rica Latina unida e forte.&#8221;"},"content":{"rendered":"<p><img data-recalc-dims=\"1\" loading=\"lazy\" decoding=\"async\" data-attachment-id=\"6281\" data-permalink=\"http:\/\/blogdalucianaoliveira.com.br\/blog\/2016\/11\/26\/dilma-fidel-acreditou-numa-america-latina-unida-e-forte\/dilmafi\/\" data-orig-file=\"https:\/\/i0.wp.com\/blogdalucianaoliveira.com.br\/blog\/wp-content\/uploads\/2016\/11\/dilmafi.jpg?fit=1000%2C357\" data-orig-size=\"1000,357\" data-comments-opened=\"0\" data-image-meta=\"{&quot;aperture&quot;:&quot;0&quot;,&quot;credit&quot;:&quot;&quot;,&quot;camera&quot;:&quot;&quot;,&quot;caption&quot;:&quot;&quot;,&quot;created_timestamp&quot;:&quot;0&quot;,&quot;copyright&quot;:&quot;&quot;,&quot;focal_length&quot;:&quot;0&quot;,&quot;iso&quot;:&quot;0&quot;,&quot;shutter_speed&quot;:&quot;0&quot;,&quot;title&quot;:&quot;&quot;,&quot;orientation&quot;:&quot;0&quot;}\" data-image-title=\"dilmafi\" data-image-description=\"\" data-image-caption=\"\" data-medium-file=\"https:\/\/i0.wp.com\/blogdalucianaoliveira.com.br\/blog\/wp-content\/uploads\/2016\/11\/dilmafi.jpg?fit=300%2C107\" data-large-file=\"https:\/\/i0.wp.com\/blogdalucianaoliveira.com.br\/blog\/wp-content\/uploads\/2016\/11\/dilmafi.jpg?fit=600%2C214\" src=\"https:\/\/i0.wp.com\/blogdalucianaoliveira.com.br\/blog\/wp-content\/uploads\/2016\/11\/dilmafi.jpg?resize=600%2C214\" alt=\"dilmafi\" width=\"600\" height=\"214\" class=\"alignnone size-full wp-image-6281\" srcset=\"https:\/\/i0.wp.com\/blogdalucianaoliveira.com.br\/blog\/wp-content\/uploads\/2016\/11\/dilmafi.jpg?w=1000 1000w, https:\/\/i0.wp.com\/blogdalucianaoliveira.com.br\/blog\/wp-content\/uploads\/2016\/11\/dilmafi.jpg?resize=300%2C107 300w, https:\/\/i0.wp.com\/blogdalucianaoliveira.com.br\/blog\/wp-content\/uploads\/2016\/11\/dilmafi.jpg?resize=768%2C274 768w, https:\/\/i0.wp.com\/blogdalucianaoliveira.com.br\/blog\/wp-content\/uploads\/2016\/11\/dilmafi.jpg?resize=800%2C286 800w\" sizes=\"auto, (max-width: 600px) 100vw, 600px\" \/><\/p>\n<p>Leia na \u00edntegra a nota da presidente Dilma Rousseff. <!--more--><\/p>\n<p>&#8220;Sonhadores e militantes progressistas, todos que lutamos por justi\u00e7a social e por um mundo menos desigual, acordamos tristes neste s\u00e1bado, 26 de novembro. A morte do comandante Fidel Castro, l\u00edder da revolu\u00e7\u00e3o cubana e uma das mais influentes express\u00f5es pol\u00edticas do s\u00e9culo 20, \u00e9 motivo de luto e dor.<\/p>\n<p>Fidel foi um dos mais importantes pol\u00edticos contempor\u00e2neos e um vision\u00e1rio que acreditou na constru\u00e7\u00e3o de uma sociedade fraterna e justa, sem fome nem explora\u00e7\u00e3o, numa Am\u00e9rica Latina unida e forte.<\/p>\n<p>Um homem que soube unir a\u00e7\u00e3o e pensamento, mobilizando for\u00e7as populares contra a explora\u00e7\u00e3o de seu povo. Foi tamb\u00e9m um \u00edcone para milh\u00f5es de jovens em todo o mundo.<\/p>\n<p>Meus mais profundos sentimentos \u00e0 fam\u00edlia Castro, aos filhos e netos de Fidel, ao seu irm\u00e3o Raul e ao povo cubano. Minha solidariedade e carinho neste momento de dor e despedida.<\/p>\n<p>Hasta siempre, Fidel!<\/p>\n<p>Dilma Rousseff<\/p>\n<p>&#8220;Hay hombres que luchan un dia y son buenos;<br \/>\nHay otros que luchan un a\u00f1o y son mejores;<br \/>\nHay quienes luchan muchos a\u00f1os y son muy buenos;<br \/>\nPero hay los que luchan toda la vida,<br \/>\nEsos son los imprescindibles&#8221;.<\/p>\n<p>Bertold Brecht<\/p>\n","protected":false},"excerpt":{"rendered":"<p>Leia na \u00edntegra a nota da presidente Dilma Rousseff.<\/p>\n","protected":false},"author":1,"featured_media":0,"comment_status":"closed","ping_status":"open","sticky":false,"template":"","format":"standard","meta":{"_exactmetrics_skip_tracking":false,"_exactmetrics_sitenote_active":false,"_exactmetrics_sitenote_note":"","_exactmetrics_sitenote_category":0,"jetpack_post_was_ever_published":false,"_jetpack_newsletter_access":"","_jetpack_dont_email_post_to_subs":false,"_jetpack_newsletter_tier_id":0,"_jetpack_memberships_contains_paywalled_content":false,"_jetpack_memberships_contains_paid_content":false,"footnotes":"","jetpack_publicize_message":"","jetpack_publicize_feature_enabled":true,"jetpack_social_post_already_shared":true,"jetpack_social_options":{"image_generator_settings":{"template":"highway","enabled":false},"version":2}},"categories":[1],"tags":[],"class_list":["post-6280","post","type-post","status-publish","format-standard","hentry","category-notas"],"jetpack_publicize_connections":[],"jetpack_sharing_enabled":true,"jetpack_featured_media_url":"","jetpack_shortlink":"https:\/\/wp.me\/p7wKYW-1Di","jetpack-related-posts":[],"_links":{"self":[{"href":"http:\/\/blogdalucianaoliveira.com.br\/blog\/wp-json\/wp\/v2\/posts\/6280","targetHints":{"allow":["GET"]}}],"collection":[{"href":"http:\/\/blogdalucianaoliveira.com.br\/blog\/wp-json\/wp\/v2\/posts"}],"about":[{"href":"http:\/\/blogdalucianaoliveira.com.br\/blog\/wp-json\/wp\/v2\/types\/post"}],"author":[{"embeddable":true,"href":"http:\/\/blogdalucianaoliveira.com.br\/blog\/wp-json\/wp\/v2\/users\/1"}],"replies":[{"embeddable":true,"href":"http:\/\/blogdalucianaoliveira.com.br\/blog\/wp-json\/wp\/v2\/comments?post=6280"}],"version-history":[{"count":2,"href":"http:\/\/blogdalucianaoliveira.com.br\/blog\/wp-json\/wp\/v2\/posts\/6280\/revisions"}],"predecessor-version":[{"id":6283,"href":"http:\/\/blogdalucianaoliveira.com.br\/blog\/wp-json\/wp\/v2\/posts\/6280\/revisions\/6283"}],"wp:attachment":[{"href":"http:\/\/blogdalucianaoliveira.com.br\/blog\/wp-json\/wp\/v2\/media?parent=6280"}],"wp:term":[{"taxonomy":"category","embeddable":true,"href":"http:\/\/blogdalucianaoliveira.com.br\/blog\/wp-json\/wp\/v2\/categories?post=6280"},{"taxonomy":"post_tag","embeddable":true,"href":"http:\/\/blogdalucianaoliveira.com.br\/blog\/wp-json\/wp\/v2\/tags?post=6280"}],"curies":[{"name":"wp","href":"https:\/\/api.w.org\/{rel}","templated":true}]}}