{"id":6290,"date":"2016-11-26T18:34:41","date_gmt":"2016-11-26T22:34:41","guid":{"rendered":"http:\/\/blogdalucianaoliveira.com.br\/blog\/?p=6290"},"modified":"2016-11-26T18:34:41","modified_gmt":"2016-11-26T22:34:41","slug":"convite-festa-tradicional-boliviana-neste-domingo-em-porto-velho","status":"publish","type":"post","link":"http:\/\/blogdalucianaoliveira.com.br\/blog\/2016\/11\/26\/convite-festa-tradicional-boliviana-neste-domingo-em-porto-velho\/","title":{"rendered":"CONVITE: Festa tradicional boliviana neste domingo em Porto Velho"},"content":{"rendered":"<p><img data-recalc-dims=\"1\" loading=\"lazy\" decoding=\"async\" data-attachment-id=\"6291\" data-permalink=\"http:\/\/blogdalucianaoliveira.com.br\/blog\/2016\/11\/26\/convite-festa-tradicional-boliviana-neste-domingo-em-porto-velho\/img_8511\/\" data-orig-file=\"https:\/\/i0.wp.com\/blogdalucianaoliveira.com.br\/blog\/wp-content\/uploads\/2016\/11\/IMG_8511.jpg?fit=470%2C313\" data-orig-size=\"470,313\" data-comments-opened=\"0\" data-image-meta=\"{&quot;aperture&quot;:&quot;0&quot;,&quot;credit&quot;:&quot;&quot;,&quot;camera&quot;:&quot;&quot;,&quot;caption&quot;:&quot;&quot;,&quot;created_timestamp&quot;:&quot;0&quot;,&quot;copyright&quot;:&quot;&quot;,&quot;focal_length&quot;:&quot;0&quot;,&quot;iso&quot;:&quot;0&quot;,&quot;shutter_speed&quot;:&quot;0&quot;,&quot;title&quot;:&quot;&quot;,&quot;orientation&quot;:&quot;0&quot;}\" data-image-title=\"img_8511\" data-image-description=\"\" data-image-caption=\"\" data-medium-file=\"https:\/\/i0.wp.com\/blogdalucianaoliveira.com.br\/blog\/wp-content\/uploads\/2016\/11\/IMG_8511.jpg?fit=300%2C200\" data-large-file=\"https:\/\/i0.wp.com\/blogdalucianaoliveira.com.br\/blog\/wp-content\/uploads\/2016\/11\/IMG_8511.jpg?fit=470%2C313\" src=\"https:\/\/i0.wp.com\/blogdalucianaoliveira.com.br\/blog\/wp-content\/uploads\/2016\/11\/IMG_8511.jpg?resize=470%2C313\" alt=\"img_8511\" width=\"470\" height=\"313\" class=\"alignnone size-full wp-image-6291\" srcset=\"https:\/\/i0.wp.com\/blogdalucianaoliveira.com.br\/blog\/wp-content\/uploads\/2016\/11\/IMG_8511.jpg?w=470 470w, https:\/\/i0.wp.com\/blogdalucianaoliveira.com.br\/blog\/wp-content\/uploads\/2016\/11\/IMG_8511.jpg?resize=300%2C200 300w, https:\/\/i0.wp.com\/blogdalucianaoliveira.com.br\/blog\/wp-content\/uploads\/2016\/11\/IMG_8511.jpg?resize=450%2C300 450w\" sizes=\"auto, (max-width: 470px) 100vw, 470px\" \/><\/p>\n<p>O Centro Cultural Boliviano convida aos residentes bolivianos e \u00e0 popula\u00e7\u00e3o em geral para uma festa em celebra\u00e7\u00e3o \u00e0 funda\u00e7\u00e3o do Estado do Beni neste domingo 27 de novembro. <!--more--><\/p>\n<p>A festa come\u00e7a a partir das 11hs, no Clube da OAB, localizado na Av. Rio de Janeiro, n\u00ba 6.202, Bairro 3 Marias, em Porto Velho, com a seguinte agenda:<\/p>\n<p>1- homenagem p\u00f3stuma ao cantor beniano Ruben Parada, com apresenta\u00e7\u00e3o de sua trajet\u00f3ria musical e de alguns boleros;<\/p>\n<p>2- apresenta\u00e7\u00e3o do grupo musical<br \/>\n&#8220;Ritmo Son&#8221; vindo da Bol\u00edvia;<\/p>\n<p>3- apresenta\u00e7\u00e3o das seguintes dan\u00e7as t\u00edpicas: &#8220;Taquirari&#8221;, &#8220;Cueca&#8221; e &#8220;Munesqechay&#8221;;<\/p>\n<p>4- ser\u00e3o servidas as seguintes comidas t\u00edpicas: *&#8221;Picante de Gallina&#8221;, &#8220;Pique a lo Macho&#8221;, &#8220;Chancho al Horno&#8221; e &#8220;Majadito&#8221;;<\/p>\n<p>5- tamb\u00e9m ser\u00e3o servidas las famosas salte\u00f1as de la &#8220;Salte\u00f1aria Sabor Boliviano&#8221;, e &#8220;Chicha&#8221;, &#8220;Mocochinchi&#8221;, &#8221; Refresco de Tamarindo&#8221; e tiragostos bolivianos.<\/p>\n<p>O ingresso \u00e9 gratuito.<\/p>\n<p>*Juan Carlos Boado<br \/>\nPresidente do CCB<\/p>\n","protected":false},"excerpt":{"rendered":"<p>O Centro Cultural Boliviano convida aos residentes bolivianos e \u00e0 popula\u00e7\u00e3o em geral para uma festa em celebra\u00e7\u00e3o \u00e0 funda\u00e7\u00e3o do Estado do Beni neste domingo 27 de novembro.<\/p>\n","protected":false},"author":1,"featured_media":0,"comment_status":"closed","ping_status":"open","sticky":false,"template":"","format":"standard","meta":{"_exactmetrics_skip_tracking":false,"_exactmetrics_sitenote_active":false,"_exactmetrics_sitenote_note":"","_exactmetrics_sitenote_category":0,"jetpack_post_was_ever_published":false,"_jetpack_newsletter_access":"","_jetpack_dont_email_post_to_subs":false,"_jetpack_newsletter_tier_id":0,"_jetpack_memberships_contains_paywalled_content":false,"_jetpack_memberships_contains_paid_content":false,"footnotes":"","jetpack_publicize_message":"","jetpack_publicize_feature_enabled":true,"jetpack_social_post_already_shared":true,"jetpack_social_options":{"image_generator_settings":{"template":"highway","enabled":false},"version":2}},"categories":[1],"tags":[],"class_list":["post-6290","post","type-post","status-publish","format-standard","hentry","category-notas"],"jetpack_publicize_connections":[],"jetpack_sharing_enabled":true,"jetpack_featured_media_url":"","jetpack_shortlink":"https:\/\/wp.me\/p7wKYW-1Ds","jetpack-related-posts":[],"_links":{"self":[{"href":"http:\/\/blogdalucianaoliveira.com.br\/blog\/wp-json\/wp\/v2\/posts\/6290","targetHints":{"allow":["GET"]}}],"collection":[{"href":"http:\/\/blogdalucianaoliveira.com.br\/blog\/wp-json\/wp\/v2\/posts"}],"about":[{"href":"http:\/\/blogdalucianaoliveira.com.br\/blog\/wp-json\/wp\/v2\/types\/post"}],"author":[{"embeddable":true,"href":"http:\/\/blogdalucianaoliveira.com.br\/blog\/wp-json\/wp\/v2\/users\/1"}],"replies":[{"embeddable":true,"href":"http:\/\/blogdalucianaoliveira.com.br\/blog\/wp-json\/wp\/v2\/comments?post=6290"}],"version-history":[{"count":1,"href":"http:\/\/blogdalucianaoliveira.com.br\/blog\/wp-json\/wp\/v2\/posts\/6290\/revisions"}],"predecessor-version":[{"id":6292,"href":"http:\/\/blogdalucianaoliveira.com.br\/blog\/wp-json\/wp\/v2\/posts\/6290\/revisions\/6292"}],"wp:attachment":[{"href":"http:\/\/blogdalucianaoliveira.com.br\/blog\/wp-json\/wp\/v2\/media?parent=6290"}],"wp:term":[{"taxonomy":"category","embeddable":true,"href":"http:\/\/blogdalucianaoliveira.com.br\/blog\/wp-json\/wp\/v2\/categories?post=6290"},{"taxonomy":"post_tag","embeddable":true,"href":"http:\/\/blogdalucianaoliveira.com.br\/blog\/wp-json\/wp\/v2\/tags?post=6290"}],"curies":[{"name":"wp","href":"https:\/\/api.w.org\/{rel}","templated":true}]}}