{"id":6293,"date":"2016-11-26T22:34:30","date_gmt":"2016-11-27T02:34:30","guid":{"rendered":"http:\/\/blogdalucianaoliveira.com.br\/blog\/?p=6293"},"modified":"2016-11-26T22:34:30","modified_gmt":"2016-11-27T02:34:30","slug":"leia-pesquise-e-reflita-nao-perde-nada","status":"publish","type":"post","link":"http:\/\/blogdalucianaoliveira.com.br\/blog\/2016\/11\/26\/leia-pesquise-e-reflita-nao-perde-nada\/","title":{"rendered":"Leia, pesquise e reflita. N\u00e3o perde nada"},"content":{"rendered":"<p><img data-recalc-dims=\"1\" loading=\"lazy\" decoding=\"async\" data-attachment-id=\"6294\" data-permalink=\"http:\/\/blogdalucianaoliveira.com.br\/blog\/2016\/11\/26\/leia-pesquise-e-reflita-nao-perde-nada\/img_8514\/\" data-orig-file=\"https:\/\/i0.wp.com\/blogdalucianaoliveira.com.br\/blog\/wp-content\/uploads\/2016\/11\/IMG_8514.jpg?fit=720%2C606\" data-orig-size=\"720,606\" data-comments-opened=\"0\" data-image-meta=\"{&quot;aperture&quot;:&quot;0&quot;,&quot;credit&quot;:&quot;&quot;,&quot;camera&quot;:&quot;&quot;,&quot;caption&quot;:&quot;&quot;,&quot;created_timestamp&quot;:&quot;0&quot;,&quot;copyright&quot;:&quot;&quot;,&quot;focal_length&quot;:&quot;0&quot;,&quot;iso&quot;:&quot;0&quot;,&quot;shutter_speed&quot;:&quot;0&quot;,&quot;title&quot;:&quot;&quot;,&quot;orientation&quot;:&quot;1&quot;}\" data-image-title=\"img_8514\" data-image-description=\"\" data-image-caption=\"\" data-medium-file=\"https:\/\/i0.wp.com\/blogdalucianaoliveira.com.br\/blog\/wp-content\/uploads\/2016\/11\/IMG_8514.jpg?fit=300%2C253\" data-large-file=\"https:\/\/i0.wp.com\/blogdalucianaoliveira.com.br\/blog\/wp-content\/uploads\/2016\/11\/IMG_8514.jpg?fit=600%2C505\" src=\"https:\/\/i0.wp.com\/blogdalucianaoliveira.com.br\/blog\/wp-content\/uploads\/2016\/11\/IMG_8514.jpg?resize=600%2C505\" alt=\"img_8514\" width=\"600\" height=\"505\" class=\"alignnone size-full wp-image-6294\" srcset=\"https:\/\/i0.wp.com\/blogdalucianaoliveira.com.br\/blog\/wp-content\/uploads\/2016\/11\/IMG_8514.jpg?w=720 720w, https:\/\/i0.wp.com\/blogdalucianaoliveira.com.br\/blog\/wp-content\/uploads\/2016\/11\/IMG_8514.jpg?resize=300%2C253 300w, https:\/\/i0.wp.com\/blogdalucianaoliveira.com.br\/blog\/wp-content\/uploads\/2016\/11\/IMG_8514.jpg?resize=356%2C300 356w\" sizes=\"auto, (max-width: 600px) 100vw, 600px\" \/><\/p>\n<p>Por Pablo Vila\u00e7a<\/p>\n<p>Eu APOSTO que 99% destes que celebram a morte de Fidel n\u00e3o fazem ideia de quem foi Fulg\u00eancio Batista. Ou Jos\u00e9 Mart\u00ed. <!--more--><\/p>\n<p>Que n\u00e3o sabem como era o mundo nas d\u00e9cadas de 50-70, qual era a realidade cubana pr\u00e9-revolu\u00e7\u00e3o ou como era a pol\u00edtica internacional essencialmente unilateral dos EUA.<\/p>\n<p>N\u00e3o, Fidel n\u00e3o era um santo. N\u00e3o era uma figura que eu poderia louvar sem acrescentar V\u00c1RIOS asteriscos. <\/p>\n<p>Por\u00e9m, Fidel demonstrou que o Ocidente n\u00e3o precisava ser um empregado mal remunerado dos EUA &#8211; uma li\u00e7\u00e3o que em 2016 muitos aqui ainda n\u00e3o aprenderam. N\u00e3o \u00e9 \u00e0 toa que os EUA tentaram mat\u00e1-lo tantas vezes: ele era a representa\u00e7\u00e3o viva de que n\u00e3o precisamos nos curvar perante a &#8220;maior na\u00e7\u00e3o do planeta\u201d, aquela que &#8220;God blesses&#8221;.<\/p>\n<p>Mas n\u00e3o estou aqui pra tentar convencer ningu\u00e9m; em vez disso, convido que fa\u00e7am o que fiz h\u00e1 tantos anos: leiam sobre a revolu\u00e7\u00e3o cubana. Leiam sobre como Fidel se esfor\u00e7ou para combater o colonialismo na \u00c1frica. Como ajudou a Arg\u00e9lia na luta contra a Fran\u00e7a. Leiam sobre como combateu o avan\u00e7o do Apartheid na \u00c1frica num per\u00edodo em que os EUA apoiavam a \u00c1frica do Sul e o pavoroso Mobutu no Zaire (agora Congo). <\/p>\n<p>Se quer enxergar Fidel como um monstro e ponto final, pergunte-se por que o NEW YORK TIMES o chamou de \u201crevolucion\u00e1rio que desafiou os EUA\u201d. Pergunte-se por que o Papa Francisco lamentou sua morte. Por que Mandela era seu amigo e admirador. <\/p>\n<p>Tente ir al\u00e9m do que l\u00ea\/ouve na Globo.<\/p>\n<p>E, sim, Fidel, em v\u00e1rios aspectos, seguiu o \u201cou voc\u00ea morre um her\u00f3i ou vive o bastante pra se ver transformar em vil\u00e3o\u201d. Mas em outros aspectos, seguiu heroico.  <\/p>\n<p>Em poucas palavras: desconfie de quem resumir Fidel a um \u201cditador\u201d. E pesquise sobre. Um exemplo: \u201cFidel mergulhou Cuba na mis\u00e9ria!\u201d Pois bem: compare como viviam os pobres sob Batista e depois sob Fidel. Pergunte-se por que n\u00e3o h\u00e1 crian\u00e7as desabrigadas em Cuba. Por que seu \u00edndice de analfabetismo \u00e9 dos menores do mundo. Por que seu sistema de sa\u00fade \u00e9 t\u00e3o avan\u00e7ado a ponto de permitir a exporta\u00e7\u00e3o de m\u00e9dicos. <\/p>\n<p>E n\u00e3o se esque\u00e7a: Cuba \u00e9 uma ilha do tamanho de um alfinete que os EUA submeteram a um dos mais longos e intensos embargos da Hist\u00f3ria. \u00c9 f\u00e1cil voc\u00ea &#8211; como fez o congresso aqui em 2015 &#8211; barrar todas as iniciativas de um governo e depois dizer que ele \u201cfracassou\u201d. Mas \u00e9 correto? (E aos que dizem que exemplo de democracia s\u00e3o os EUA, ofere\u00e7o apenas um dado: Hillary j\u00e1 est\u00e1 mais de 2 milh\u00f5es de votos \u00e0 frente de Trump.)<\/p>\n<p>Enfim. N\u00e3o escutem Globo ou os neo-fascistas brasileiros. <\/p>\n<p>Mas tamb\u00e9m n\u00e3o me escutem. Pesquisem. Leiam. Formem suas pr\u00f3prias impress\u00f5es.<\/p>\n<p>Voc\u00ea pode perfeitamente condenar a censura pol\u00edtica em Cuba e ainda assim reconhecer os m\u00e9ritos da revolu\u00e7\u00e3o cubana e sua import\u00e2ncia.<\/p>\n","protected":false},"excerpt":{"rendered":"<p>Por Pablo Vila\u00e7a Eu APOSTO que 99% destes que celebram a morte de Fidel n\u00e3o fazem ideia de quem foi Fulg\u00eancio Batista. Ou Jos\u00e9 Mart\u00ed.<\/p>\n","protected":false},"author":1,"featured_media":0,"comment_status":"closed","ping_status":"open","sticky":false,"template":"","format":"standard","meta":{"_exactmetrics_skip_tracking":false,"_exactmetrics_sitenote_active":false,"_exactmetrics_sitenote_note":"","_exactmetrics_sitenote_category":0,"jetpack_post_was_ever_published":false,"_jetpack_newsletter_access":"","_jetpack_dont_email_post_to_subs":false,"_jetpack_newsletter_tier_id":0,"_jetpack_memberships_contains_paywalled_content":false,"_jetpack_memberships_contains_paid_content":false,"footnotes":"","jetpack_publicize_message":"","jetpack_publicize_feature_enabled":true,"jetpack_social_post_already_shared":true,"jetpack_social_options":{"image_generator_settings":{"template":"highway","enabled":false},"version":2}},"categories":[1],"tags":[],"class_list":["post-6293","post","type-post","status-publish","format-standard","hentry","category-notas"],"jetpack_publicize_connections":[],"jetpack_sharing_enabled":true,"jetpack_featured_media_url":"","jetpack_shortlink":"https:\/\/wp.me\/p7wKYW-1Dv","jetpack-related-posts":[],"_links":{"self":[{"href":"http:\/\/blogdalucianaoliveira.com.br\/blog\/wp-json\/wp\/v2\/posts\/6293","targetHints":{"allow":["GET"]}}],"collection":[{"href":"http:\/\/blogdalucianaoliveira.com.br\/blog\/wp-json\/wp\/v2\/posts"}],"about":[{"href":"http:\/\/blogdalucianaoliveira.com.br\/blog\/wp-json\/wp\/v2\/types\/post"}],"author":[{"embeddable":true,"href":"http:\/\/blogdalucianaoliveira.com.br\/blog\/wp-json\/wp\/v2\/users\/1"}],"replies":[{"embeddable":true,"href":"http:\/\/blogdalucianaoliveira.com.br\/blog\/wp-json\/wp\/v2\/comments?post=6293"}],"version-history":[{"count":1,"href":"http:\/\/blogdalucianaoliveira.com.br\/blog\/wp-json\/wp\/v2\/posts\/6293\/revisions"}],"predecessor-version":[{"id":6295,"href":"http:\/\/blogdalucianaoliveira.com.br\/blog\/wp-json\/wp\/v2\/posts\/6293\/revisions\/6295"}],"wp:attachment":[{"href":"http:\/\/blogdalucianaoliveira.com.br\/blog\/wp-json\/wp\/v2\/media?parent=6293"}],"wp:term":[{"taxonomy":"category","embeddable":true,"href":"http:\/\/blogdalucianaoliveira.com.br\/blog\/wp-json\/wp\/v2\/categories?post=6293"},{"taxonomy":"post_tag","embeddable":true,"href":"http:\/\/blogdalucianaoliveira.com.br\/blog\/wp-json\/wp\/v2\/tags?post=6293"}],"curies":[{"name":"wp","href":"https:\/\/api.w.org\/{rel}","templated":true}]}}