{"id":6296,"date":"2016-11-27T11:29:18","date_gmt":"2016-11-27T15:29:18","guid":{"rendered":"http:\/\/blogdalucianaoliveira.com.br\/blog\/?p=6296"},"modified":"2016-11-27T12:43:24","modified_gmt":"2016-11-27T16:43:24","slug":"fidel-acima-de-qualquer-opiniao-rasteira","status":"publish","type":"post","link":"http:\/\/blogdalucianaoliveira.com.br\/blog\/2016\/11\/27\/fidel-acima-de-qualquer-opiniao-rasteira\/","title":{"rendered":"Fidel, acima de qualquer opini\u00e3o rasteira"},"content":{"rendered":"<p><img data-recalc-dims=\"1\" loading=\"lazy\" decoding=\"async\" data-attachment-id=\"6297\" data-permalink=\"http:\/\/blogdalucianaoliveira.com.br\/blog\/2016\/11\/27\/fidel-acima-de-qualquer-opiniao-rasteira\/fidel\/\" data-orig-file=\"https:\/\/i0.wp.com\/blogdalucianaoliveira.com.br\/blog\/wp-content\/uploads\/2016\/11\/fidel.jpg?fit=1160%2C629\" data-orig-size=\"1160,629\" data-comments-opened=\"0\" data-image-meta=\"{&quot;aperture&quot;:&quot;0&quot;,&quot;credit&quot;:&quot;&quot;,&quot;camera&quot;:&quot;&quot;,&quot;caption&quot;:&quot;&quot;,&quot;created_timestamp&quot;:&quot;0&quot;,&quot;copyright&quot;:&quot;&quot;,&quot;focal_length&quot;:&quot;0&quot;,&quot;iso&quot;:&quot;0&quot;,&quot;shutter_speed&quot;:&quot;0&quot;,&quot;title&quot;:&quot;&quot;,&quot;orientation&quot;:&quot;0&quot;}\" data-image-title=\"fidel\" data-image-description=\"\" data-image-caption=\"\" data-medium-file=\"https:\/\/i0.wp.com\/blogdalucianaoliveira.com.br\/blog\/wp-content\/uploads\/2016\/11\/fidel.jpg?fit=300%2C163\" data-large-file=\"https:\/\/i0.wp.com\/blogdalucianaoliveira.com.br\/blog\/wp-content\/uploads\/2016\/11\/fidel.jpg?fit=600%2C325\" src=\"https:\/\/i0.wp.com\/blogdalucianaoliveira.com.br\/blog\/wp-content\/uploads\/2016\/11\/fidel.jpg?resize=600%2C325\" alt=\"fidel\" width=\"600\" height=\"325\" class=\"alignnone size-full wp-image-6297\" \/><\/p>\n<p>A morte de Fidel dominou o notic\u00e1rio e gerou convuls\u00e3o ideol\u00f3gica nas redes sociais. <\/p>\n<p>Como fosse poss\u00edvel, se instalou uma guerra pra definir o maior l\u00edder latino-americano: her\u00f3i ou vil\u00e3o? <!--more--><\/p>\n<p>N\u00e3o s\u00f3 os admiradores o colocaram como principal assunto no Twitter desde que a morte foi anunciada.<\/p>\n<p>Quem optou por festa, como os cubanos da pequena Little Havana em Miami, reduto dos eleitores de Donald Trump, ironicamente teve que engolir as condol\u00eancias do \u2018amigo\u2019 dele, o presidente russo Vladimir Putin, que definiu Fidel como \u201csincero e confi\u00e1vel.\u201d <\/p>\n<p>No Brasil, os eleitores da direita foram surpreendidos e muitos ficaram revoltados com o reconhecimento de seus l\u00edderes \u00e0 import\u00e2ncia hist\u00f3rica de Fidel. <\/p>\n<p>\u201cComo \u00e9 poss\u00edvel que vejam qualquer coisa boa num ditador sanguin\u00e1rio?\u201d, perguntaram em histeria coletiva. <\/p>\n<p>O debate sem fim. Sua morte n\u00e3o foi como ser\u00e1 a de um FCH qualquer.<\/p>\n<p>At\u00e9 o filho mais ilustre de Cuba deixar de ser not\u00edcia principal, o luto prevalecer\u00e1 \u00e0 festa e nada pode mudar isso.<\/p>\n<p>Ser\u00e3o nove dias de homenagens f\u00fanebres, com carreata por 13 cidades para levar as cinzas de Fidel at\u00e9 Santiago, onde ele nasceu, estudou e festejou a vit\u00f3ria contra o imperialismo ianque.<\/p>\n<p>Quem n\u00e3o consegue compreender a magnitude do homem e da obra n\u00e3o deveria se lan\u00e7ar ao debate cansativo e in\u00fatil. <\/p>\n<p>\u00c9 mais saud\u00e1vel aceitar o tra\u00e7ado hist\u00f3rico sem tentar compreender.<\/p>\n<p>Ali\u00e1s, como explicar a loucura de quem guerreia?<\/p>\n<p>Imagine lutar contra os EUA, sendo um pa\u00eds t\u00e3o pequeno e localizado a 140 km de dist\u00e2ncia?<\/p>\n<p>O que deveria chocar \u00e9 o que motiva a guerra, n\u00e3o quantos mataram ou morreram numa.<\/p>\n<p>Fidel condenou o comandante Huber Matos a cumprir 20 anos de cadeia, um amigo com quem dividiu as trincheiras na Sierra Maestra, s\u00f3 porque ele renunciou ao cargo por n\u00e3o concordar com o regime ditador.<\/p>\n<p>Um absurdo n\u00e9?<\/p>\n<p>Mas, quando o amigo saiu da pris\u00e3o, correu para os EUA e fundou a organiza\u00e7\u00e3o anticastrista Cuba Independente e Democr\u00e1tica (CID).<\/p>\n<p>Se Fidel tivesse admitido o insurgente livre no per\u00edodo de maior press\u00e3o contra Cuba, seria ou n\u00e3o uma amea\u00e7a \u00e0 revolu\u00e7\u00e3o? <\/p>\n<p>Como medir a for\u00e7a necess\u00e1ria para mudar a consci\u00eancia de um povo? Como garantir sua prote\u00e7\u00e3o do poderoso inimigo vizinho?<\/p>\n<p>Teria Cuba sobrevivido por meio s\u00e9culo \u00e0 persegui\u00e7\u00e3o de presidentes americanos nada pac\u00edficos?<\/p>\n<p>Fidel enlouqueceu na luta CONTRA a domina\u00e7\u00e3o. A loucura americana foi e segue sendo PELA domina\u00e7\u00e3o de territ\u00f3rios e riquezas.<\/p>\n<p>O que impressiona no debate sobre a morte de Fidel \u00e9 que loucura americana, que segue dizimando na\u00e7\u00f5es, \u00e9 relativizada.<\/p>\n<p>Poucos se disp\u00f5em \u00e0 compreender a ditadura como forma de defesa e o racionamento de alimentos provocado por embargos econ\u00f4micos.<br \/>\nMas, a ditadura com corrup\u00e7\u00e3o, repress\u00e3o, escassez de sa\u00fade e educa\u00e7\u00e3o e alta concentra\u00e7\u00e3o de riqueza, sim.<\/p>\n<p>Meu ex-professor no col\u00e9gio salesiano me cobrou um exemplo de l\u00edder americano que patrocinou mortes em guerras.<\/p>\n<p>\u00c9 ou n\u00e3o um debate insano? <\/p>\n<p>Espero que ele n\u00e3o tenha a resposta na Cuba sem Fidel.<\/p>\n<p>Que a hist\u00f3ria do l\u00edder revolucion\u00e1rio n\u00e3o o absolva devolvendo a ilha \u00e0 condi\u00e7\u00e3o de bordel dos EUA.<\/p>\n<p>Porque resumo Fidel como o homem que mostrou ao mundo que dinheiro n\u00e3o \u00e9 tudo e os EUA n\u00e3o podem tudo.<\/p>\n<p>E isso basta para que vislumbre o que fez de \u00fatil.<\/p>\n","protected":false},"excerpt":{"rendered":"<p>A morte de Fidel dominou o notic\u00e1rio e gerou convuls\u00e3o ideol\u00f3gica nas redes sociais. Como fosse poss\u00edvel, se instalou uma guerra pra definir o maior l\u00edder latino-americano: her\u00f3i ou vil\u00e3o?<\/p>\n","protected":false},"author":1,"featured_media":0,"comment_status":"closed","ping_status":"open","sticky":false,"template":"","format":"standard","meta":{"_exactmetrics_skip_tracking":false,"_exactmetrics_sitenote_active":false,"_exactmetrics_sitenote_note":"","_exactmetrics_sitenote_category":0,"jetpack_post_was_ever_published":false,"_jetpack_newsletter_access":"","_jetpack_dont_email_post_to_subs":false,"_jetpack_newsletter_tier_id":0,"_jetpack_memberships_contains_paywalled_content":false,"_jetpack_memberships_contains_paid_content":false,"footnotes":"","jetpack_publicize_message":"","jetpack_publicize_feature_enabled":true,"jetpack_social_post_already_shared":true,"jetpack_social_options":{"image_generator_settings":{"template":"highway","enabled":false},"version":2}},"categories":[1],"tags":[],"class_list":["post-6296","post","type-post","status-publish","format-standard","hentry","category-notas"],"jetpack_publicize_connections":[],"jetpack_sharing_enabled":true,"jetpack_featured_media_url":"","jetpack_shortlink":"https:\/\/wp.me\/p7wKYW-1Dy","jetpack-related-posts":[],"_links":{"self":[{"href":"http:\/\/blogdalucianaoliveira.com.br\/blog\/wp-json\/wp\/v2\/posts\/6296","targetHints":{"allow":["GET"]}}],"collection":[{"href":"http:\/\/blogdalucianaoliveira.com.br\/blog\/wp-json\/wp\/v2\/posts"}],"about":[{"href":"http:\/\/blogdalucianaoliveira.com.br\/blog\/wp-json\/wp\/v2\/types\/post"}],"author":[{"embeddable":true,"href":"http:\/\/blogdalucianaoliveira.com.br\/blog\/wp-json\/wp\/v2\/users\/1"}],"replies":[{"embeddable":true,"href":"http:\/\/blogdalucianaoliveira.com.br\/blog\/wp-json\/wp\/v2\/comments?post=6296"}],"version-history":[{"count":7,"href":"http:\/\/blogdalucianaoliveira.com.br\/blog\/wp-json\/wp\/v2\/posts\/6296\/revisions"}],"predecessor-version":[{"id":6308,"href":"http:\/\/blogdalucianaoliveira.com.br\/blog\/wp-json\/wp\/v2\/posts\/6296\/revisions\/6308"}],"wp:attachment":[{"href":"http:\/\/blogdalucianaoliveira.com.br\/blog\/wp-json\/wp\/v2\/media?parent=6296"}],"wp:term":[{"taxonomy":"category","embeddable":true,"href":"http:\/\/blogdalucianaoliveira.com.br\/blog\/wp-json\/wp\/v2\/categories?post=6296"},{"taxonomy":"post_tag","embeddable":true,"href":"http:\/\/blogdalucianaoliveira.com.br\/blog\/wp-json\/wp\/v2\/tags?post=6296"}],"curies":[{"name":"wp","href":"https:\/\/api.w.org\/{rel}","templated":true}]}}