{"id":6303,"date":"2016-11-27T11:44:41","date_gmt":"2016-11-27T15:44:41","guid":{"rendered":"http:\/\/blogdalucianaoliveira.com.br\/blog\/?p=6303"},"modified":"2016-11-27T11:44:41","modified_gmt":"2016-11-27T15:44:41","slug":"unir-convida-para-forum-sobre-ingresso-e-permanencia-de-estudantes-indigenas","status":"publish","type":"post","link":"http:\/\/blogdalucianaoliveira.com.br\/blog\/2016\/11\/27\/unir-convida-para-forum-sobre-ingresso-e-permanencia-de-estudantes-indigenas\/","title":{"rendered":"UNIR convida para F\u00f3rum sobre Ingresso e Perman\u00eancia de estudantes ind\u00edgenas"},"content":{"rendered":"<p><img data-recalc-dims=\"1\" loading=\"lazy\" decoding=\"async\" data-attachment-id=\"6305\" data-permalink=\"http:\/\/blogdalucianaoliveira.com.br\/blog\/2016\/11\/27\/unir-convida-para-forum-sobre-ingresso-e-permanencia-de-estudantes-indigenas\/ensino-indigena\/\" data-orig-file=\"https:\/\/i0.wp.com\/blogdalucianaoliveira.com.br\/blog\/wp-content\/uploads\/2016\/11\/ensino-indigena.jpg?fit=1200%2C800\" data-orig-size=\"1200,800\" data-comments-opened=\"0\" data-image-meta=\"{&quot;aperture&quot;:&quot;0&quot;,&quot;credit&quot;:&quot;&quot;,&quot;camera&quot;:&quot;&quot;,&quot;caption&quot;:&quot;&quot;,&quot;created_timestamp&quot;:&quot;0&quot;,&quot;copyright&quot;:&quot;&quot;,&quot;focal_length&quot;:&quot;0&quot;,&quot;iso&quot;:&quot;0&quot;,&quot;shutter_speed&quot;:&quot;0&quot;,&quot;title&quot;:&quot;&quot;,&quot;orientation&quot;:&quot;0&quot;}\" data-image-title=\"ensino-indigena\" data-image-description=\"\" data-image-caption=\"\" data-medium-file=\"https:\/\/i0.wp.com\/blogdalucianaoliveira.com.br\/blog\/wp-content\/uploads\/2016\/11\/ensino-indigena.jpg?fit=300%2C200\" data-large-file=\"https:\/\/i0.wp.com\/blogdalucianaoliveira.com.br\/blog\/wp-content\/uploads\/2016\/11\/ensino-indigena.jpg?fit=600%2C400\" src=\"https:\/\/i0.wp.com\/blogdalucianaoliveira.com.br\/blog\/wp-content\/uploads\/2016\/11\/ensino-indigena.jpg?resize=600%2C400\" alt=\"ensino-indigena\" width=\"600\" height=\"400\" class=\"alignnone size-full wp-image-6305\" \/><\/p>\n<p>O evento prev\u00ea a apresenta\u00e7\u00e3o de relatos e demandas, a reda\u00e7\u00e3o de um documento com as proposi\u00e7\u00f5es de pol\u00edtica de acesso e perman\u00eancia aos ind\u00edgenas no ensino superior e a forma\u00e7\u00e3o de uma Comiss\u00e3o de Estudantes Ind\u00edgenas para acompanhamento da Pol\u00edtica de Ingresso e Perman\u00eancia de estudantes ind\u00edgenas na UNIR.<!--more--><\/p>\n<p>O F\u00f3rum foi proposto no di\u00e1logo com a lideran\u00e7a ind\u00edgena Heliton Gavi\u00e3o, a Reitoria e entidades de apoio aos ind\u00edgenas. <\/p>\n<p>Sob a forma de projeto de extens\u00e3o das professoras Arneide Bandeira Cemin, Daniele Severo,  Gicele Sucupira e  o coletivo de estudantes ind\u00edgenas do campus UNIR- Porto Velho, o evento conta com o apoio da PROCEA.<\/p>\n<p>Mais informa\u00e7\u00f5es sobre o F\u00f3rum est\u00e3o dispon\u00edveis em: www.feindigena.unir.br<\/p>\n<p><img data-recalc-dims=\"1\" loading=\"lazy\" decoding=\"async\" data-attachment-id=\"6304\" data-permalink=\"http:\/\/blogdalucianaoliveira.com.br\/blog\/2016\/11\/27\/unir-convida-para-forum-sobre-ingresso-e-permanencia-de-estudantes-indigenas\/indio\/\" data-orig-file=\"https:\/\/i0.wp.com\/blogdalucianaoliveira.com.br\/blog\/wp-content\/uploads\/2016\/11\/indio.png?fit=1134%2C1400\" data-orig-size=\"1134,1400\" data-comments-opened=\"0\" data-image-meta=\"{&quot;aperture&quot;:&quot;0&quot;,&quot;credit&quot;:&quot;&quot;,&quot;camera&quot;:&quot;&quot;,&quot;caption&quot;:&quot;&quot;,&quot;created_timestamp&quot;:&quot;0&quot;,&quot;copyright&quot;:&quot;&quot;,&quot;focal_length&quot;:&quot;0&quot;,&quot;iso&quot;:&quot;0&quot;,&quot;shutter_speed&quot;:&quot;0&quot;,&quot;title&quot;:&quot;&quot;,&quot;orientation&quot;:&quot;0&quot;}\" data-image-title=\"indio\" data-image-description=\"\" data-image-caption=\"\" data-medium-file=\"https:\/\/i0.wp.com\/blogdalucianaoliveira.com.br\/blog\/wp-content\/uploads\/2016\/11\/indio.png?fit=243%2C300\" data-large-file=\"https:\/\/i0.wp.com\/blogdalucianaoliveira.com.br\/blog\/wp-content\/uploads\/2016\/11\/indio.png?fit=600%2C741\" src=\"https:\/\/i0.wp.com\/blogdalucianaoliveira.com.br\/blog\/wp-content\/uploads\/2016\/11\/indio.png?resize=600%2C741\" alt=\"indio\" width=\"600\" height=\"741\" class=\"alignnone size-full wp-image-6304\" srcset=\"https:\/\/i0.wp.com\/blogdalucianaoliveira.com.br\/blog\/wp-content\/uploads\/2016\/11\/indio.png?w=1134 1134w, https:\/\/i0.wp.com\/blogdalucianaoliveira.com.br\/blog\/wp-content\/uploads\/2016\/11\/indio.png?resize=243%2C300 243w, https:\/\/i0.wp.com\/blogdalucianaoliveira.com.br\/blog\/wp-content\/uploads\/2016\/11\/indio.png?resize=768%2C948 768w, https:\/\/i0.wp.com\/blogdalucianaoliveira.com.br\/blog\/wp-content\/uploads\/2016\/11\/indio.png?resize=829%2C1024 829w\" sizes=\"auto, (max-width: 600px) 100vw, 600px\" \/><\/p>\n","protected":false},"excerpt":{"rendered":"<p>O evento prev\u00ea a apresenta\u00e7\u00e3o de relatos e demandas, a reda\u00e7\u00e3o de um documento com as proposi\u00e7\u00f5es de pol\u00edtica de acesso e perman\u00eancia aos ind\u00edgenas no ensino superior e a forma\u00e7\u00e3o de uma Comiss\u00e3o de Estudantes Ind\u00edgenas para acompanhamento da Pol\u00edtica de Ingresso e Perman\u00eancia de estudantes ind\u00edgenas na UNIR.<\/p>\n","protected":false},"author":1,"featured_media":0,"comment_status":"closed","ping_status":"open","sticky":false,"template":"","format":"standard","meta":{"_exactmetrics_skip_tracking":false,"_exactmetrics_sitenote_active":false,"_exactmetrics_sitenote_note":"","_exactmetrics_sitenote_category":0,"jetpack_post_was_ever_published":false,"_jetpack_newsletter_access":"","_jetpack_dont_email_post_to_subs":false,"_jetpack_newsletter_tier_id":0,"_jetpack_memberships_contains_paywalled_content":false,"_jetpack_memberships_contains_paid_content":false,"footnotes":"","jetpack_publicize_message":"","jetpack_publicize_feature_enabled":true,"jetpack_social_post_already_shared":true,"jetpack_social_options":{"image_generator_settings":{"template":"highway","enabled":false},"version":2}},"categories":[1],"tags":[],"class_list":["post-6303","post","type-post","status-publish","format-standard","hentry","category-notas"],"jetpack_publicize_connections":[],"jetpack_sharing_enabled":true,"jetpack_featured_media_url":"","jetpack_shortlink":"https:\/\/wp.me\/p7wKYW-1DF","jetpack-related-posts":[],"_links":{"self":[{"href":"http:\/\/blogdalucianaoliveira.com.br\/blog\/wp-json\/wp\/v2\/posts\/6303","targetHints":{"allow":["GET"]}}],"collection":[{"href":"http:\/\/blogdalucianaoliveira.com.br\/blog\/wp-json\/wp\/v2\/posts"}],"about":[{"href":"http:\/\/blogdalucianaoliveira.com.br\/blog\/wp-json\/wp\/v2\/types\/post"}],"author":[{"embeddable":true,"href":"http:\/\/blogdalucianaoliveira.com.br\/blog\/wp-json\/wp\/v2\/users\/1"}],"replies":[{"embeddable":true,"href":"http:\/\/blogdalucianaoliveira.com.br\/blog\/wp-json\/wp\/v2\/comments?post=6303"}],"version-history":[{"count":1,"href":"http:\/\/blogdalucianaoliveira.com.br\/blog\/wp-json\/wp\/v2\/posts\/6303\/revisions"}],"predecessor-version":[{"id":6306,"href":"http:\/\/blogdalucianaoliveira.com.br\/blog\/wp-json\/wp\/v2\/posts\/6303\/revisions\/6306"}],"wp:attachment":[{"href":"http:\/\/blogdalucianaoliveira.com.br\/blog\/wp-json\/wp\/v2\/media?parent=6303"}],"wp:term":[{"taxonomy":"category","embeddable":true,"href":"http:\/\/blogdalucianaoliveira.com.br\/blog\/wp-json\/wp\/v2\/categories?post=6303"},{"taxonomy":"post_tag","embeddable":true,"href":"http:\/\/blogdalucianaoliveira.com.br\/blog\/wp-json\/wp\/v2\/tags?post=6303"}],"curies":[{"name":"wp","href":"https:\/\/api.w.org\/{rel}","templated":true}]}}