{"id":6309,"date":"2016-11-28T08:58:21","date_gmt":"2016-11-28T12:58:21","guid":{"rendered":"http:\/\/blogdalucianaoliveira.com.br\/blog\/?p=6309"},"modified":"2016-11-28T08:58:21","modified_gmt":"2016-11-28T12:58:21","slug":"pago-pela-odebrecht-via-marqueteiro-aecio-deve-desculpas-a-santana","status":"publish","type":"post","link":"http:\/\/blogdalucianaoliveira.com.br\/blog\/2016\/11\/28\/pago-pela-odebrecht-via-marqueteiro-aecio-deve-desculpas-a-santana\/","title":{"rendered":"PAGO PELA ODEBRECHT VIA MARQUETEIRO, A\u00c9CIO DEVE DESCULPAS A SANTANA"},"content":{"rendered":"<p><img data-recalc-dims=\"1\" loading=\"lazy\" decoding=\"async\" data-attachment-id=\"6310\" data-permalink=\"http:\/\/blogdalucianaoliveira.com.br\/blog\/2016\/11\/28\/pago-pela-odebrecht-via-marqueteiro-aecio-deve-desculpas-a-santana\/aec\/\" data-orig-file=\"https:\/\/i0.wp.com\/blogdalucianaoliveira.com.br\/blog\/wp-content\/uploads\/2016\/11\/aec.jpg?fit=1000%2C357\" data-orig-size=\"1000,357\" data-comments-opened=\"0\" data-image-meta=\"{&quot;aperture&quot;:&quot;0&quot;,&quot;credit&quot;:&quot;&quot;,&quot;camera&quot;:&quot;&quot;,&quot;caption&quot;:&quot;&quot;,&quot;created_timestamp&quot;:&quot;0&quot;,&quot;copyright&quot;:&quot;&quot;,&quot;focal_length&quot;:&quot;0&quot;,&quot;iso&quot;:&quot;0&quot;,&quot;shutter_speed&quot;:&quot;0&quot;,&quot;title&quot;:&quot;&quot;,&quot;orientation&quot;:&quot;0&quot;}\" data-image-title=\"aec\" data-image-description=\"\" data-image-caption=\"\" data-medium-file=\"https:\/\/i0.wp.com\/blogdalucianaoliveira.com.br\/blog\/wp-content\/uploads\/2016\/11\/aec.jpg?fit=300%2C107\" data-large-file=\"https:\/\/i0.wp.com\/blogdalucianaoliveira.com.br\/blog\/wp-content\/uploads\/2016\/11\/aec.jpg?fit=600%2C214\" src=\"https:\/\/i0.wp.com\/blogdalucianaoliveira.com.br\/blog\/wp-content\/uploads\/2016\/11\/aec.jpg?resize=600%2C214\" alt=\"aec\" width=\"600\" height=\"214\" class=\"alignnone size-full wp-image-6310\" srcset=\"https:\/\/i0.wp.com\/blogdalucianaoliveira.com.br\/blog\/wp-content\/uploads\/2016\/11\/aec.jpg?w=1000 1000w, https:\/\/i0.wp.com\/blogdalucianaoliveira.com.br\/blog\/wp-content\/uploads\/2016\/11\/aec.jpg?resize=300%2C107 300w, https:\/\/i0.wp.com\/blogdalucianaoliveira.com.br\/blog\/wp-content\/uploads\/2016\/11\/aec.jpg?resize=768%2C274 768w, https:\/\/i0.wp.com\/blogdalucianaoliveira.com.br\/blog\/wp-content\/uploads\/2016\/11\/aec.jpg?resize=800%2C286 800w\" sizes=\"auto, (max-width: 600px) 100vw, 600px\" \/><\/p>\n<p>Minas 247 \u2013 Em fevereiro deste ano, quando o marqueteiro Jo\u00e3o Santana, que fez a campanha presidencial de Dilma Rousseff, foi preso pelo juiz Sergio Moro, na Opera\u00e7\u00e3o Acaraj\u00e9, o senador A\u00e9cio Neves (PSDB-MG) soltou roj\u00f5es.<!--more--><\/p>\n<p>Santana era acusado de receber recursos da Odebrecht no exterior, que, aparentemente, nada tinham a ver com Dilma, mas sim com campanhas feitas pelo publicit\u00e1rio na \u00c1frica e na Am\u00e9rica Latina, mas ainda assim o presidente nacional do PSDB comemorou.<\/p>\n<p>&#8220;Ultrapassamos a fase testemunhal, das dela\u00e7\u00f5es, e chegamos \u00e0 fase documental. As investiga\u00e7\u00f5es mostram que o publicit\u00e1rio do PT recebeu dinheiro durante o per\u00edodo eleitoral&#8221;, disse ele. &#8220;\u00c9 um forte ind\u00edcio de que o que apontamos l\u00e1 atr\u00e1s, que a campanha recebeu dinheiro de propina, estava correto. Por isso, temos que ter a serenidade de n\u00e3o apenas fazer o embate pol\u00edtico, mas tratar as coisas no leito adequado: a Justi\u00e7a&#8221;, afirmou o tucano.<\/p>\n<p>Bom, sabe-se agora, pelas dela\u00e7\u00f5es da Odebrecht, reveladas pelo jornalista Renato Onofre, na revista Veja, que quem era pago pela Odebrecht, via seu marqueteiro Paulo Vasconcelos, era A\u00e9cio \u2013 e n\u00e3o Dilma (saiba mais aqui).<\/p>\n<p>Segundo a reportagem, Vasconcelos recebia recursos da Odebrecht, por servi\u00e7os n\u00e3o prestados, e bancava despesas pessoais de A\u00e9cio, agindo como uma esp\u00e9cie de caixa informal do presidente nacional do PSDB. De acordo com investigadores, est\u00e1 tudo &#8220;muito bem documentado&#8221; e A\u00e9cio ainda n\u00e3o questionou a reportagem de Veja.<\/p>\n<p>O senador, portanto, deve um pedido de desculpas \u00e0 sociedade brasileira e ao publicit\u00e1rio Jo\u00e3o Santana \u2013 al\u00e9m, \u00e9 claro, da presidente deposta Dilma Rousseff.<\/p>\n","protected":false},"excerpt":{"rendered":"<p>Minas 247 \u2013 Em fevereiro deste ano, quando o marqueteiro Jo\u00e3o Santana, que fez a campanha presidencial de Dilma Rousseff, foi preso pelo juiz Sergio Moro, na Opera\u00e7\u00e3o Acaraj\u00e9, o senador A\u00e9cio Neves (PSDB-MG) soltou roj\u00f5es.<\/p>\n","protected":false},"author":1,"featured_media":0,"comment_status":"closed","ping_status":"open","sticky":false,"template":"","format":"standard","meta":{"_exactmetrics_skip_tracking":false,"_exactmetrics_sitenote_active":false,"_exactmetrics_sitenote_note":"","_exactmetrics_sitenote_category":0,"jetpack_post_was_ever_published":false,"_jetpack_newsletter_access":"","_jetpack_dont_email_post_to_subs":false,"_jetpack_newsletter_tier_id":0,"_jetpack_memberships_contains_paywalled_content":false,"_jetpack_memberships_contains_paid_content":false,"footnotes":"","jetpack_publicize_message":"","jetpack_publicize_feature_enabled":true,"jetpack_social_post_already_shared":true,"jetpack_social_options":{"image_generator_settings":{"template":"highway","enabled":false},"version":2}},"categories":[1],"tags":[],"class_list":["post-6309","post","type-post","status-publish","format-standard","hentry","category-notas"],"jetpack_publicize_connections":[],"jetpack_sharing_enabled":true,"jetpack_featured_media_url":"","jetpack_shortlink":"https:\/\/wp.me\/p7wKYW-1DL","jetpack-related-posts":[],"_links":{"self":[{"href":"http:\/\/blogdalucianaoliveira.com.br\/blog\/wp-json\/wp\/v2\/posts\/6309","targetHints":{"allow":["GET"]}}],"collection":[{"href":"http:\/\/blogdalucianaoliveira.com.br\/blog\/wp-json\/wp\/v2\/posts"}],"about":[{"href":"http:\/\/blogdalucianaoliveira.com.br\/blog\/wp-json\/wp\/v2\/types\/post"}],"author":[{"embeddable":true,"href":"http:\/\/blogdalucianaoliveira.com.br\/blog\/wp-json\/wp\/v2\/users\/1"}],"replies":[{"embeddable":true,"href":"http:\/\/blogdalucianaoliveira.com.br\/blog\/wp-json\/wp\/v2\/comments?post=6309"}],"version-history":[{"count":1,"href":"http:\/\/blogdalucianaoliveira.com.br\/blog\/wp-json\/wp\/v2\/posts\/6309\/revisions"}],"predecessor-version":[{"id":6311,"href":"http:\/\/blogdalucianaoliveira.com.br\/blog\/wp-json\/wp\/v2\/posts\/6309\/revisions\/6311"}],"wp:attachment":[{"href":"http:\/\/blogdalucianaoliveira.com.br\/blog\/wp-json\/wp\/v2\/media?parent=6309"}],"wp:term":[{"taxonomy":"category","embeddable":true,"href":"http:\/\/blogdalucianaoliveira.com.br\/blog\/wp-json\/wp\/v2\/categories?post=6309"},{"taxonomy":"post_tag","embeddable":true,"href":"http:\/\/blogdalucianaoliveira.com.br\/blog\/wp-json\/wp\/v2\/tags?post=6309"}],"curies":[{"name":"wp","href":"https:\/\/api.w.org\/{rel}","templated":true}]}}