{"id":6312,"date":"2016-11-28T09:00:29","date_gmt":"2016-11-28T13:00:29","guid":{"rendered":"http:\/\/blogdalucianaoliveira.com.br\/blog\/?p=6312"},"modified":"2016-11-28T09:00:29","modified_gmt":"2016-11-28T13:00:29","slug":"folha-implode-divisao-da-chapa-dilma-temer","status":"publish","type":"post","link":"http:\/\/blogdalucianaoliveira.com.br\/blog\/2016\/11\/28\/folha-implode-divisao-da-chapa-dilma-temer\/","title":{"rendered":"FOLHA IMPLODE DIVIS\u00c3O DA CHAPA DILMA-TEMER"},"content":{"rendered":"<p><img data-recalc-dims=\"1\" loading=\"lazy\" decoding=\"async\" data-attachment-id=\"6313\" data-permalink=\"http:\/\/blogdalucianaoliveira.com.br\/blog\/2016\/11\/28\/folha-implode-divisao-da-chapa-dilma-temer\/dupla\/\" data-orig-file=\"https:\/\/i0.wp.com\/blogdalucianaoliveira.com.br\/blog\/wp-content\/uploads\/2016\/11\/dupla.jpg?fit=1002%2C357\" data-orig-size=\"1002,357\" data-comments-opened=\"0\" data-image-meta=\"{&quot;aperture&quot;:&quot;0&quot;,&quot;credit&quot;:&quot;&quot;,&quot;camera&quot;:&quot;&quot;,&quot;caption&quot;:&quot;&quot;,&quot;created_timestamp&quot;:&quot;0&quot;,&quot;copyright&quot;:&quot;&quot;,&quot;focal_length&quot;:&quot;0&quot;,&quot;iso&quot;:&quot;0&quot;,&quot;shutter_speed&quot;:&quot;0&quot;,&quot;title&quot;:&quot;&quot;,&quot;orientation&quot;:&quot;0&quot;}\" data-image-title=\"dupla\" data-image-description=\"\" data-image-caption=\"\" data-medium-file=\"https:\/\/i0.wp.com\/blogdalucianaoliveira.com.br\/blog\/wp-content\/uploads\/2016\/11\/dupla.jpg?fit=300%2C107\" data-large-file=\"https:\/\/i0.wp.com\/blogdalucianaoliveira.com.br\/blog\/wp-content\/uploads\/2016\/11\/dupla.jpg?fit=600%2C214\" src=\"https:\/\/i0.wp.com\/blogdalucianaoliveira.com.br\/blog\/wp-content\/uploads\/2016\/11\/dupla.jpg?resize=600%2C214\" alt=\"dupla\" width=\"600\" height=\"214\" class=\"alignnone size-full wp-image-6313\" srcset=\"https:\/\/i0.wp.com\/blogdalucianaoliveira.com.br\/blog\/wp-content\/uploads\/2016\/11\/dupla.jpg?w=1002 1002w, https:\/\/i0.wp.com\/blogdalucianaoliveira.com.br\/blog\/wp-content\/uploads\/2016\/11\/dupla.jpg?resize=300%2C107 300w, https:\/\/i0.wp.com\/blogdalucianaoliveira.com.br\/blog\/wp-content\/uploads\/2016\/11\/dupla.jpg?resize=768%2C274 768w, https:\/\/i0.wp.com\/blogdalucianaoliveira.com.br\/blog\/wp-content\/uploads\/2016\/11\/dupla.jpg?resize=800%2C285 800w\" sizes=\"auto, (max-width: 600px) 100vw, 600px\" \/><\/p>\n<p>247 &#8211; Dados divulgados pelo TSE (Tribunal Superior Eleitoral) mostram que as contas da campanha presidencial de Dilma Rousseff pagou os sal\u00e1rios de assessores pessoais de seu vice na chapa, e hoje presidente da Rep\u00fablica, Michel Temer. <!--more--><\/p>\n<p>A chefe de gabinete de Temer e o atual secret\u00e1rio de Comunica\u00e7\u00e3o da Presid\u00eancia foram, por exemplo, remunerados pela &#8220;candidata Dilma Rousseff&#8221; durante a disputa, embora o peemedebista tenha registrado uma conta pr\u00f3pria na Justi\u00e7a Eleitoral. Os resultados derrubam, mais uma vez, a tese de separa\u00e7\u00e3o das contas defendida por Temer para tentar escapar de uma eventual condena\u00e7\u00e3o dos n\u00fameros da campanha na Corte. <\/p>\n<p>As informa\u00e7\u00f5es s\u00e3o da Folha de S.Paulo.<\/p>\n<p>&#8220;Para evitar a cassa\u00e7\u00e3o de seu mandato, a assessoria jur\u00eddica de Temer solicitou que o ent\u00e3o vice tivesse seu caso julgado separadamente de Dilma, sob o argumento de que, com uma conta pr\u00f3pria, houvera &#8220;movimenta\u00e7\u00e3o distinta de recursos&#8221;.<\/p>\n<p>Mas, segundo comprovantes de dep\u00f3sitos e recibos apresentados ao tribunal, quatro colaboradores diretos de Temer \u2013a chefe de gabinete, dois assessores de imprensa e o assessor jur\u00eddico\u2013 receberam, juntos, R$ 543 mil de julho a outubro de 2014.<\/p>\n<p>Atual secret\u00e1rio de comunica\u00e7\u00e3o de Temer, M\u00e1rcio de Freitas Gomes recebeu R$ 109 mil transferidos da conta da campanha de Dilma, R$ 27,3 mil mensais. Outro assessor de imprensa de Temer, Bernardo Gustavo recebeu o mesmo valor.<\/p>\n<p>Derrotados no segundo turno, o PSDB e seus coligados entraram com tr\u00eas a\u00e7\u00f5es de impugna\u00e7\u00e3o da chapa Dilma\/Temer por abuso de poder pol\u00edtico e econ\u00f4mico nas elei\u00e7\u00f5es. Nas a\u00e7\u00f5es, requerem a posse dos senadores tucanos A\u00e9cio Neves (MG) e Aloysio Nunes Ferreira (SP) como presidente e vice.<\/p>\n<p>O processo passa agora por uma fase de complementa\u00e7\u00e3o de provas. A expectativa \u00e9 que v\u00e1 a julgamento pelo plen\u00e1rio do TSE no primeiro trimestre de 2017.&#8221;<\/p>\n","protected":false},"excerpt":{"rendered":"<p>247 &#8211; Dados divulgados pelo TSE (Tribunal Superior Eleitoral) mostram que as contas da campanha presidencial de Dilma Rousseff pagou os sal\u00e1rios de assessores pessoais de seu vice na chapa, e hoje presidente da Rep\u00fablica, Michel Temer.<\/p>\n","protected":false},"author":1,"featured_media":0,"comment_status":"closed","ping_status":"open","sticky":false,"template":"","format":"standard","meta":{"_exactmetrics_skip_tracking":false,"_exactmetrics_sitenote_active":false,"_exactmetrics_sitenote_note":"","_exactmetrics_sitenote_category":0,"jetpack_post_was_ever_published":false,"_jetpack_newsletter_access":"","_jetpack_dont_email_post_to_subs":false,"_jetpack_newsletter_tier_id":0,"_jetpack_memberships_contains_paywalled_content":false,"_jetpack_memberships_contains_paid_content":false,"footnotes":"","jetpack_publicize_message":"","jetpack_publicize_feature_enabled":true,"jetpack_social_post_already_shared":true,"jetpack_social_options":{"image_generator_settings":{"template":"highway","enabled":false},"version":2}},"categories":[1],"tags":[],"class_list":["post-6312","post","type-post","status-publish","format-standard","hentry","category-notas"],"jetpack_publicize_connections":[],"jetpack_sharing_enabled":true,"jetpack_featured_media_url":"","jetpack_shortlink":"https:\/\/wp.me\/p7wKYW-1DO","jetpack-related-posts":[],"_links":{"self":[{"href":"http:\/\/blogdalucianaoliveira.com.br\/blog\/wp-json\/wp\/v2\/posts\/6312","targetHints":{"allow":["GET"]}}],"collection":[{"href":"http:\/\/blogdalucianaoliveira.com.br\/blog\/wp-json\/wp\/v2\/posts"}],"about":[{"href":"http:\/\/blogdalucianaoliveira.com.br\/blog\/wp-json\/wp\/v2\/types\/post"}],"author":[{"embeddable":true,"href":"http:\/\/blogdalucianaoliveira.com.br\/blog\/wp-json\/wp\/v2\/users\/1"}],"replies":[{"embeddable":true,"href":"http:\/\/blogdalucianaoliveira.com.br\/blog\/wp-json\/wp\/v2\/comments?post=6312"}],"version-history":[{"count":1,"href":"http:\/\/blogdalucianaoliveira.com.br\/blog\/wp-json\/wp\/v2\/posts\/6312\/revisions"}],"predecessor-version":[{"id":6314,"href":"http:\/\/blogdalucianaoliveira.com.br\/blog\/wp-json\/wp\/v2\/posts\/6312\/revisions\/6314"}],"wp:attachment":[{"href":"http:\/\/blogdalucianaoliveira.com.br\/blog\/wp-json\/wp\/v2\/media?parent=6312"}],"wp:term":[{"taxonomy":"category","embeddable":true,"href":"http:\/\/blogdalucianaoliveira.com.br\/blog\/wp-json\/wp\/v2\/categories?post=6312"},{"taxonomy":"post_tag","embeddable":true,"href":"http:\/\/blogdalucianaoliveira.com.br\/blog\/wp-json\/wp\/v2\/tags?post=6312"}],"curies":[{"name":"wp","href":"https:\/\/api.w.org\/{rel}","templated":true}]}}