{"id":6315,"date":"2016-11-28T09:07:01","date_gmt":"2016-11-28T13:07:01","guid":{"rendered":"http:\/\/blogdalucianaoliveira.com.br\/blog\/?p=6315"},"modified":"2016-11-28T09:07:01","modified_gmt":"2016-11-28T13:07:01","slug":"depois-de-geddel-temer-tera-que-demitir-padilha","status":"publish","type":"post","link":"http:\/\/blogdalucianaoliveira.com.br\/blog\/2016\/11\/28\/depois-de-geddel-temer-tera-que-demitir-padilha\/","title":{"rendered":"DEPOIS DE GEDDEL, TEMER TER\u00c1 QUE DEMITIR PADILHA"},"content":{"rendered":"<p><img data-recalc-dims=\"1\" loading=\"lazy\" decoding=\"async\" data-attachment-id=\"6316\" data-permalink=\"http:\/\/blogdalucianaoliveira.com.br\/blog\/2016\/11\/28\/depois-de-geddel-temer-tera-que-demitir-padilha\/calero-no-fantastico-1132x630\/\" data-orig-file=\"https:\/\/i0.wp.com\/blogdalucianaoliveira.com.br\/blog\/wp-content\/uploads\/2016\/11\/calero-no-fantastico-1132x630.jpg?fit=1132%2C630\" data-orig-size=\"1132,630\" data-comments-opened=\"0\" data-image-meta=\"{&quot;aperture&quot;:&quot;0&quot;,&quot;credit&quot;:&quot;&quot;,&quot;camera&quot;:&quot;&quot;,&quot;caption&quot;:&quot;&quot;,&quot;created_timestamp&quot;:&quot;0&quot;,&quot;copyright&quot;:&quot;&quot;,&quot;focal_length&quot;:&quot;0&quot;,&quot;iso&quot;:&quot;0&quot;,&quot;shutter_speed&quot;:&quot;0&quot;,&quot;title&quot;:&quot;&quot;,&quot;orientation&quot;:&quot;0&quot;}\" data-image-title=\"calero-no-fantastico-1132&amp;#215;630\" data-image-description=\"\" data-image-caption=\"\" data-medium-file=\"https:\/\/i0.wp.com\/blogdalucianaoliveira.com.br\/blog\/wp-content\/uploads\/2016\/11\/calero-no-fantastico-1132x630.jpg?fit=300%2C167\" data-large-file=\"https:\/\/i0.wp.com\/blogdalucianaoliveira.com.br\/blog\/wp-content\/uploads\/2016\/11\/calero-no-fantastico-1132x630.jpg?fit=600%2C334\" src=\"https:\/\/i0.wp.com\/blogdalucianaoliveira.com.br\/blog\/wp-content\/uploads\/2016\/11\/calero-no-fantastico-1132x630.jpg?resize=600%2C334\" alt=\"calero-no-fantastico-1132x630\" width=\"600\" height=\"334\" class=\"alignnone size-full wp-image-6316\" srcset=\"https:\/\/i0.wp.com\/blogdalucianaoliveira.com.br\/blog\/wp-content\/uploads\/2016\/11\/calero-no-fantastico-1132x630.jpg?resize=1132%2C630 1132w, https:\/\/i0.wp.com\/blogdalucianaoliveira.com.br\/blog\/wp-content\/uploads\/2016\/11\/calero-no-fantastico-1132x630.jpg?resize=300%2C167 300w, https:\/\/i0.wp.com\/blogdalucianaoliveira.com.br\/blog\/wp-content\/uploads\/2016\/11\/calero-no-fantastico-1132x630.jpg?resize=768%2C427 768w, https:\/\/i0.wp.com\/blogdalucianaoliveira.com.br\/blog\/wp-content\/uploads\/2016\/11\/calero-no-fantastico-1132x630.jpg?resize=1024%2C570 1024w, https:\/\/i0.wp.com\/blogdalucianaoliveira.com.br\/blog\/wp-content\/uploads\/2016\/11\/calero-no-fantastico-1132x630.jpg?resize=539%2C300 539w\" sizes=\"auto, (max-width: 600px) 100vw, 600px\" \/><\/p>\n<p>247 \u2013 O esc\u00e2ndalo La Vue, o espig\u00e3o de 107 metros de altura, que agride o patrim\u00f4nio hist\u00f3rico de Salvador, n\u00e3o se encerra com a demiss\u00e3o de Geddel Faria Lima, o bra\u00e7o direito de Michel Temer que tem um im\u00f3vel de R$ 2,4 milh\u00f5es no empreendimento e pressionou seu colega Marcelo Calero a liberar obra embargada.<!--more--><\/p>\n<p>Em entrevista \u00e0 jornalista Renata Lo Prete, exibida nesta noite no Fant\u00e1stico, Calero deu um depoimento contundente, que deixa o governo Temer, j\u00e1 nas cordas, numa situa\u00e7\u00e3o ainda pior.<\/p>\n<p>Para continuar respirando por aparelhos, Temer ter\u00e1 que demitir outro de seus principais assessores: o chefe da Casa Civil, Eliseu Padilha. Isso porque Calero deixa claro que a Pol\u00edcia Federal e a procuradoria-geral da Rep\u00fablica j\u00e1 t\u00eam em seu poder grava\u00e7\u00f5es que comprometem Padilha.<\/p>\n<p>Calero apenas disse que n\u00e3o poderia confirmar para n\u00e3o atrapalhar as investiga\u00e7\u00f5es, mas fica claro que tanto Padilha como Geddel foram gravados, em liga\u00e7\u00f5es telef\u00f4nicas \u2013 o que \u00e9 perfeitamente legal.<\/p>\n<p>O ex-ministro da Cultura tamb\u00e9m mandou um recado para Temer, que o chamou de indigno por ter feito as grava\u00e7\u00f5es. &#8220;O servidor p\u00fablico tem que ser leal, mas n\u00e3o pode ser c\u00famplice.&#8221;<\/p>\n<p>Ele tamb\u00e9m repetiu que Temer pediu a ele que aceitasse as press\u00f5es ileg\u00edtimas de Geddel, ao dizer que &#8220;a pol\u00edtica tem dessas coisas.&#8221;<\/p>\n<p>Ou seja: o conselho de Temer era para que se buscasse a Advocacia-Geral da Uni\u00e3o, de modo a se buscar uma solu\u00e7\u00e3o jur\u00eddica que permitisse atender ao pedido de Geddel.<\/p>\n<p>Em coletiva nesta tarde, Temer disse apenas ter &#8220;arbitrado conflitos&#8221;, mas n\u00e3o havia conflito algum, apenas a press\u00e3o de um ministro corrupto, Geddel Vieira Lima, sobre um ministro honesto, Marcelo Calero, para que ele praticasse um ato de corrup\u00e7\u00e3o e liberasse uma obra ilegal.<\/p>\n<p>Calero tamb\u00e9m disse ter ficado chocado ao ver que, em plena crise econ\u00f4mica, a maior da hist\u00f3ria do Pa\u00eds, que foi causada pelo golpe de 2016, as principais autoridades da Rep\u00fablica se dedicam a interesses paroquiais.<\/p>\n<p>Em entrevista ao 247, o ex-ministro da AGU, Jos\u00e9 Eduardo Cardozo, diz que a participa\u00e7\u00e3o de Temer no epis\u00f3dio pode levar a seu impeachment por crime de responsabilidade, uma vez que seu eventual delito, o de patrocinar o interesse privado de Geddel, se deu no atual mandato.<\/p>\n<div class=\"jetpack-video-wrapper\"><span class=\"embed-youtube\" style=\"text-align:center; display: block;\"><iframe loading=\"lazy\" class=\"youtube-player\" width=\"600\" height=\"338\" src=\"https:\/\/www.youtube.com\/embed\/15YjdIm5Zfs?version=3&#038;rel=1&#038;showsearch=0&#038;showinfo=1&#038;iv_load_policy=1&#038;fs=1&#038;hl=pt-BR&#038;autohide=2&#038;wmode=transparent\" allowfullscreen=\"true\" style=\"border:0;\" sandbox=\"allow-scripts allow-same-origin allow-popups allow-presentation allow-popups-to-escape-sandbox\"><\/iframe><\/span><\/div>\n","protected":false},"excerpt":{"rendered":"<p>247 \u2013 O esc\u00e2ndalo La Vue, o espig\u00e3o de 107 metros de altura, que agride o patrim\u00f4nio hist\u00f3rico de Salvador, n\u00e3o se encerra com a demiss\u00e3o de Geddel Faria Lima, o bra\u00e7o direito de Michel Temer que tem um im\u00f3vel de R$ 2,4 milh\u00f5es no empreendimento e pressionou seu colega Marcelo Calero a liberar obra&#8230;<a class=\"more-link\" href=\"http:\/\/blogdalucianaoliveira.com.br\/blog\/2016\/11\/28\/depois-de-geddel-temer-tera-que-demitir-padilha\/\">Continue a leitura <span class=\"meta-nav\">&raquo;<\/span><\/a><\/p>\n","protected":false},"author":1,"featured_media":0,"comment_status":"closed","ping_status":"open","sticky":false,"template":"","format":"standard","meta":{"_exactmetrics_skip_tracking":false,"_exactmetrics_sitenote_active":false,"_exactmetrics_sitenote_note":"","_exactmetrics_sitenote_category":0,"jetpack_post_was_ever_published":false,"_jetpack_newsletter_access":"","_jetpack_dont_email_post_to_subs":false,"_jetpack_newsletter_tier_id":0,"_jetpack_memberships_contains_paywalled_content":false,"_jetpack_memberships_contains_paid_content":false,"footnotes":"","jetpack_publicize_message":"","jetpack_publicize_feature_enabled":true,"jetpack_social_post_already_shared":true,"jetpack_social_options":{"image_generator_settings":{"template":"highway","enabled":false},"version":2}},"categories":[1],"tags":[],"class_list":["post-6315","post","type-post","status-publish","format-standard","hentry","category-notas"],"jetpack_publicize_connections":[],"jetpack_sharing_enabled":true,"jetpack_featured_media_url":"","jetpack_shortlink":"https:\/\/wp.me\/p7wKYW-1DR","jetpack-related-posts":[],"_links":{"self":[{"href":"http:\/\/blogdalucianaoliveira.com.br\/blog\/wp-json\/wp\/v2\/posts\/6315","targetHints":{"allow":["GET"]}}],"collection":[{"href":"http:\/\/blogdalucianaoliveira.com.br\/blog\/wp-json\/wp\/v2\/posts"}],"about":[{"href":"http:\/\/blogdalucianaoliveira.com.br\/blog\/wp-json\/wp\/v2\/types\/post"}],"author":[{"embeddable":true,"href":"http:\/\/blogdalucianaoliveira.com.br\/blog\/wp-json\/wp\/v2\/users\/1"}],"replies":[{"embeddable":true,"href":"http:\/\/blogdalucianaoliveira.com.br\/blog\/wp-json\/wp\/v2\/comments?post=6315"}],"version-history":[{"count":1,"href":"http:\/\/blogdalucianaoliveira.com.br\/blog\/wp-json\/wp\/v2\/posts\/6315\/revisions"}],"predecessor-version":[{"id":6317,"href":"http:\/\/blogdalucianaoliveira.com.br\/blog\/wp-json\/wp\/v2\/posts\/6315\/revisions\/6317"}],"wp:attachment":[{"href":"http:\/\/blogdalucianaoliveira.com.br\/blog\/wp-json\/wp\/v2\/media?parent=6315"}],"wp:term":[{"taxonomy":"category","embeddable":true,"href":"http:\/\/blogdalucianaoliveira.com.br\/blog\/wp-json\/wp\/v2\/categories?post=6315"},{"taxonomy":"post_tag","embeddable":true,"href":"http:\/\/blogdalucianaoliveira.com.br\/blog\/wp-json\/wp\/v2\/tags?post=6315"}],"curies":[{"name":"wp","href":"https:\/\/api.w.org\/{rel}","templated":true}]}}