{"id":6354,"date":"2016-11-29T10:20:10","date_gmt":"2016-11-29T14:20:10","guid":{"rendered":"http:\/\/blogdalucianaoliveira.com.br\/blog\/?p=6354"},"modified":"2016-11-29T10:20:10","modified_gmt":"2016-11-29T14:20:10","slug":"nos-meus-40-e-poucos","status":"publish","type":"post","link":"http:\/\/blogdalucianaoliveira.com.br\/blog\/2016\/11\/29\/nos-meus-40-e-poucos\/","title":{"rendered":"NOS MEUS 40 E POUCOS"},"content":{"rendered":"<p><img data-recalc-dims=\"1\" loading=\"lazy\" decoding=\"async\" data-attachment-id=\"6355\" data-permalink=\"http:\/\/blogdalucianaoliveira.com.br\/blog\/2016\/11\/29\/nos-meus-40-e-poucos\/nive\/\" data-orig-file=\"https:\/\/i0.wp.com\/blogdalucianaoliveira.com.br\/blog\/wp-content\/uploads\/2016\/11\/nive.jpg?fit=513%2C480\" data-orig-size=\"513,480\" data-comments-opened=\"0\" data-image-meta=\"{&quot;aperture&quot;:&quot;0&quot;,&quot;credit&quot;:&quot;&quot;,&quot;camera&quot;:&quot;&quot;,&quot;caption&quot;:&quot;&quot;,&quot;created_timestamp&quot;:&quot;0&quot;,&quot;copyright&quot;:&quot;&quot;,&quot;focal_length&quot;:&quot;0&quot;,&quot;iso&quot;:&quot;0&quot;,&quot;shutter_speed&quot;:&quot;0&quot;,&quot;title&quot;:&quot;&quot;,&quot;orientation&quot;:&quot;0&quot;}\" data-image-title=\"nive\" data-image-description=\"\" data-image-caption=\"\" data-medium-file=\"https:\/\/i0.wp.com\/blogdalucianaoliveira.com.br\/blog\/wp-content\/uploads\/2016\/11\/nive.jpg?fit=300%2C281\" data-large-file=\"https:\/\/i0.wp.com\/blogdalucianaoliveira.com.br\/blog\/wp-content\/uploads\/2016\/11\/nive.jpg?fit=513%2C480\" src=\"https:\/\/i0.wp.com\/blogdalucianaoliveira.com.br\/blog\/wp-content\/uploads\/2016\/11\/nive.jpg?resize=513%2C480\" alt=\"nive\" width=\"513\" height=\"480\" class=\"alignnone size-full wp-image-6355\" srcset=\"https:\/\/i0.wp.com\/blogdalucianaoliveira.com.br\/blog\/wp-content\/uploads\/2016\/11\/nive.jpg?w=513 513w, https:\/\/i0.wp.com\/blogdalucianaoliveira.com.br\/blog\/wp-content\/uploads\/2016\/11\/nive.jpg?resize=300%2C281 300w, https:\/\/i0.wp.com\/blogdalucianaoliveira.com.br\/blog\/wp-content\/uploads\/2016\/11\/nive.jpg?resize=321%2C300 321w\" sizes=\"auto, (max-width: 513px) 100vw, 513px\" \/><\/p>\n<p>T\u00e1 bom vai, sei que muitos est\u00e3o surpresos com minha idade, nem tanto pela carca\u00e7a, mas pelas traquinagens que s\u00f3 quem me conhece, viu.<br \/>\nSempre digo que a cada ano minha bunda fica mais mole e a cabe\u00e7a mais dura, ent\u00e3o meu esp\u00edrito n\u00e3o envelheceu.<!--more--><\/p>\n<p>Quando mostrei com teimosia com que personalidade pretendia encarar a garganta do mundo, ouvia em todo canto: \u201c\u00f4&#8230; menina da cabe\u00e7a dura!\u201d<br \/>\nEnt\u00e3o, hoje \u00e9 anivers\u00e1rio daquela menina, n\u00e3o da arma\u00e7\u00e3o que sustenta o corpo dela.<\/p>\n<p>Depois dos 40 parei de contar a idade e n\u00e3o por frescura, mas desimport\u00e2ncia mesmo. Penso nisso quando chegar \u201cen la mitad de esta carretera\u201d, como cantava Mercedes, para contar as encruzilhadas que deixei pra tr\u00e1s. <\/p>\n<p>Me orgulho de n\u00e3o ter feito mal a ningu\u00e9m, ter me juntado a todos e a todas e de ter energia pra me doar pelo que muitos n\u00e3o compreendem. <\/p>\n<p>Depois dos 40 s\u00f3 tenho um compromisso: preparar o salto.<\/p>\n<p>\u201cN\u00e3o vejo nada que n\u00e3o tenha desabado<br \/>\nNem mesmo entendo como estou de p\u00e9<br \/>\nOlhando um outro num espelho pendurado<br \/>\nMe reconhe\u00e7o, mas n\u00e3o sei quem \u00e9<\/p>\n<p>N\u00e3o ou\u00e7o passos de ningu\u00e9m entre os escombros<br \/>\nNem mesmo insetos revirando o p\u00f3<br \/>\nUm vento seco me arrepia, encolho os ombros<br \/>\nMas na verdade estou queimando s\u00f3.\u201d<\/p>\n<p>\u00c9 uma m\u00fasica do genial Siba, um cantor pernambucano que gosto muito, mas n\u00e3o tanto quanto Alceu.<\/p>\n<p>Com as letras de Alceu escreveria o livro da minha vida, dessa Menina Tropicana que vive em ritmo Agalopado, com Arreio de Prata, um Cora\u00e7\u00e3o Bobo, um Anjo de Fogo encostado, em eterna Anuncia\u00e7\u00e3o do Frevo da Lula, de Janeiro a Janeiro, Embolada no Tempo, na Ciranda da Rosa Vermelha.<\/p>\n<p>S\u00e3o 40 e poucos anos de folia e o mesmo tanto de agonia.<br \/>\nEsse ano foi pesado feito mudan\u00e7a de ferreiro, mas sobrevivi com Sol e Chuva sem perder a vontade de rir e agradecer pelas coisas boas.<br \/>\n\u201cTenho dezembro, tenho janeiro e se n\u00e3o me engano, tenho fevereiro.\u201d<\/p>\n<p>At\u00e9 nascerem minhas plumas, \u00e9 certo que ainda vou me arranhar muito.<br \/>\nE tem coisas que simplesmente n\u00e3o aprendi e n\u00e3o fa\u00e7o quest\u00e3o de aprender, como fingir perd\u00e3o, tolerar gente metida a besta e frescuragem os pensamentos sinceros.<\/p>\n<p>O que sou, sou. <\/p>\n<p>Quem n\u00e3o gostar, que saia sem fechar o port\u00e3o do meu cora\u00e7\u00e3o, que avisa o entra e sai por conta do ferrolho velho todo enferrujado e folgado.<\/p>\n<p>Pense num lugar f\u00e1cil de entrar!<\/p>\n<p>Mas, n\u00e3o tem carimbo. <\/p>\n<p>Saiu? Pense num ligar dif\u00edcil de entrar!<\/p>\n","protected":false},"excerpt":{"rendered":"<p>T\u00e1 bom vai, sei que muitos est\u00e3o surpresos com minha idade, nem tanto pela carca\u00e7a, mas pelas traquinagens que s\u00f3 quem me conhece, viu. Sempre digo que a cada ano minha bunda fica mais mole e a cabe\u00e7a mais dura, ent\u00e3o meu esp\u00edrito n\u00e3o envelheceu.<\/p>\n","protected":false},"author":1,"featured_media":0,"comment_status":"closed","ping_status":"open","sticky":false,"template":"","format":"standard","meta":{"_exactmetrics_skip_tracking":false,"_exactmetrics_sitenote_active":false,"_exactmetrics_sitenote_note":"","_exactmetrics_sitenote_category":0,"jetpack_post_was_ever_published":false,"_jetpack_newsletter_access":"","_jetpack_dont_email_post_to_subs":false,"_jetpack_newsletter_tier_id":0,"_jetpack_memberships_contains_paywalled_content":false,"_jetpack_memberships_contains_paid_content":false,"footnotes":"","jetpack_publicize_message":"","jetpack_publicize_feature_enabled":true,"jetpack_social_post_already_shared":true,"jetpack_social_options":{"image_generator_settings":{"template":"highway","enabled":false},"version":2}},"categories":[1],"tags":[],"class_list":["post-6354","post","type-post","status-publish","format-standard","hentry","category-notas"],"jetpack_publicize_connections":[],"jetpack_sharing_enabled":true,"jetpack_featured_media_url":"","jetpack_shortlink":"https:\/\/wp.me\/p7wKYW-1Eu","jetpack-related-posts":[],"_links":{"self":[{"href":"http:\/\/blogdalucianaoliveira.com.br\/blog\/wp-json\/wp\/v2\/posts\/6354","targetHints":{"allow":["GET"]}}],"collection":[{"href":"http:\/\/blogdalucianaoliveira.com.br\/blog\/wp-json\/wp\/v2\/posts"}],"about":[{"href":"http:\/\/blogdalucianaoliveira.com.br\/blog\/wp-json\/wp\/v2\/types\/post"}],"author":[{"embeddable":true,"href":"http:\/\/blogdalucianaoliveira.com.br\/blog\/wp-json\/wp\/v2\/users\/1"}],"replies":[{"embeddable":true,"href":"http:\/\/blogdalucianaoliveira.com.br\/blog\/wp-json\/wp\/v2\/comments?post=6354"}],"version-history":[{"count":1,"href":"http:\/\/blogdalucianaoliveira.com.br\/blog\/wp-json\/wp\/v2\/posts\/6354\/revisions"}],"predecessor-version":[{"id":6356,"href":"http:\/\/blogdalucianaoliveira.com.br\/blog\/wp-json\/wp\/v2\/posts\/6354\/revisions\/6356"}],"wp:attachment":[{"href":"http:\/\/blogdalucianaoliveira.com.br\/blog\/wp-json\/wp\/v2\/media?parent=6354"}],"wp:term":[{"taxonomy":"category","embeddable":true,"href":"http:\/\/blogdalucianaoliveira.com.br\/blog\/wp-json\/wp\/v2\/categories?post=6354"},{"taxonomy":"post_tag","embeddable":true,"href":"http:\/\/blogdalucianaoliveira.com.br\/blog\/wp-json\/wp\/v2\/tags?post=6354"}],"curies":[{"name":"wp","href":"https:\/\/api.w.org\/{rel}","templated":true}]}}