{"id":6357,"date":"2016-11-29T10:29:54","date_gmt":"2016-11-29T14:29:54","guid":{"rendered":"http:\/\/blogdalucianaoliveira.com.br\/blog\/?p=6357"},"modified":"2016-11-29T10:29:54","modified_gmt":"2016-11-29T14:29:54","slug":"acidente-de-aviao-com-time-da-chapecoense-mata-75-na-colombia","status":"publish","type":"post","link":"http:\/\/blogdalucianaoliveira.com.br\/blog\/2016\/11\/29\/acidente-de-aviao-com-time-da-chapecoense-mata-75-na-colombia\/","title":{"rendered":"Acidente de avi\u00e3o com time da Chapecoense mata 75 na Col\u00f4mbia"},"content":{"rendered":"<p><img data-recalc-dims=\"1\" loading=\"lazy\" decoding=\"async\" data-attachment-id=\"6358\" data-permalink=\"http:\/\/blogdalucianaoliveira.com.br\/blog\/2016\/11\/29\/acidente-de-aviao-com-time-da-chapecoense-mata-75-na-colombia\/esporte-acidente-chapecoense-20161129-008\/\" data-orig-file=\"https:\/\/i0.wp.com\/blogdalucianaoliveira.com.br\/blog\/wp-content\/uploads\/2016\/11\/esporte-acidente-chapecoense-20161129-008.jpg?fit=920%2C613\" data-orig-size=\"920,613\" data-comments-opened=\"0\" data-image-meta=\"{&quot;aperture&quot;:&quot;0&quot;,&quot;credit&quot;:&quot;&quot;,&quot;camera&quot;:&quot;&quot;,&quot;caption&quot;:&quot;&quot;,&quot;created_timestamp&quot;:&quot;0&quot;,&quot;copyright&quot;:&quot;&quot;,&quot;focal_length&quot;:&quot;0&quot;,&quot;iso&quot;:&quot;0&quot;,&quot;shutter_speed&quot;:&quot;0&quot;,&quot;title&quot;:&quot;&quot;,&quot;orientation&quot;:&quot;0&quot;}\" data-image-title=\"esporte-acidente-chapecoense-20161129-008\" data-image-description=\"\" data-image-caption=\"\" data-medium-file=\"https:\/\/i0.wp.com\/blogdalucianaoliveira.com.br\/blog\/wp-content\/uploads\/2016\/11\/esporte-acidente-chapecoense-20161129-008.jpg?fit=300%2C200\" data-large-file=\"https:\/\/i0.wp.com\/blogdalucianaoliveira.com.br\/blog\/wp-content\/uploads\/2016\/11\/esporte-acidente-chapecoense-20161129-008.jpg?fit=600%2C400\" src=\"https:\/\/i0.wp.com\/blogdalucianaoliveira.com.br\/blog\/wp-content\/uploads\/2016\/11\/esporte-acidente-chapecoense-20161129-008.jpg?resize=600%2C400\" alt=\"esporte-acidente-chapecoense-20161129-008\" width=\"600\" height=\"400\" class=\"alignnone size-full wp-image-6358\" srcset=\"https:\/\/i0.wp.com\/blogdalucianaoliveira.com.br\/blog\/wp-content\/uploads\/2016\/11\/esporte-acidente-chapecoense-20161129-008.jpg?w=920 920w, https:\/\/i0.wp.com\/blogdalucianaoliveira.com.br\/blog\/wp-content\/uploads\/2016\/11\/esporte-acidente-chapecoense-20161129-008.jpg?resize=300%2C200 300w, https:\/\/i0.wp.com\/blogdalucianaoliveira.com.br\/blog\/wp-content\/uploads\/2016\/11\/esporte-acidente-chapecoense-20161129-008.jpg?resize=768%2C512 768w, https:\/\/i0.wp.com\/blogdalucianaoliveira.com.br\/blog\/wp-content\/uploads\/2016\/11\/esporte-acidente-chapecoense-20161129-008.jpg?resize=450%2C300 450w\" sizes=\"auto, (max-width: 600px) 100vw, 600px\" \/><\/p>\n<p>No UOL<\/p>\n<p>As autoridades colombianas confirmaram a morte de 75 pessoas no acidente a\u00e9reo com a delega\u00e7\u00e3o da Chapecoense na madrugada desta ter\u00e7a-feira (29), na cidade de La Uni\u00f3n, pr\u00f3ximo a Medell\u00edn, na Col\u00f4mbia. Ainda n\u00e3o h\u00e1 confirma\u00e7\u00e3o oficial do nome das v\u00edtimas.<!--more--><\/p>\n<p>De acordo com a Aeron\u00e1utica Civil da Col\u00f4mbia, seis pessoas foram resgatadas com vida do acidente, sendo tr\u00eas jogadores da Chapecoense: o lateral esquerdo Alan Ruschel, o goleiro Follmann e o zagueiro Neto. O jornalista Rafael Henzel e os tripulantes Ximena Suarez e Erwin Tumiri completam a lista de sobreviventes.<\/p>\n<p>Membro da equipe de resgate, a Cruz Vermelha da Col\u00f4mbia coloca o goleiro Danilo entre os sobreviventes. A entidade, que chegou a divulgar que o jogador n\u00e3o resistiu aos ferimentos no hospital, voltou atr\u00e1s e o incluiu na lista de feridos. O UOL Esporte entrou em contato com Chapecoense, CBF e autoridades colombianas, mas n\u00e3o conseguiu confirmar a informa\u00e7\u00e3o.<\/p>\n<p>As primeiras informa\u00e7\u00f5es sobre sobreviventes, divulgadas no in\u00edcio da manh\u00e3 pelo general Jos\u00e9 Acevedo Ossa, membro da pol\u00edcia local e respons\u00e1vel pelo resgate, e pelo prefeito de Medell\u00edn, Federico Guiti\u00e9rrez Zuluaga, afirmavam que apenas cinco pessoas haviam sido encontradas vivas. Posteriormente, por\u00e9m, o corpo de bombeiros divulgou o resgate do zagueiro Neto.<\/p>\n<p>&#8220;Milagres existem. Temos que tirar todos da aeronave. Encontramos mais uma pessoa viva na aeronave&#8221;, disse um dos bombeiros envolvidos, sobre o resgate de Neto.<\/p>\n<p>&#8220;Estamos trabalhando tamb\u00e9m para resgatar os corpos dos mortos e entregar \u00e0s suas fam\u00edlias. Conseguimos resgatar cinco pessoas com vida. Quando amanhecer, vamos retirar os corpos e iniciar o processo para enviar ao pa\u00eds de origem das pessoas. O procedimento do resgate de corpos estar\u00e1 a cargo da pol\u00edcia&#8221;, disse Ossa.<\/p>\n<p>&#8220;Socorristas trazem a informa\u00e7\u00e3o deste lugar de muito dif\u00edcil acesso. Estou fazendo a coordena\u00e7\u00e3o dos transladados dos corpos e chamando a pol\u00edcia legal. S\u00e3o quase cinco da manh\u00e3. Vamos trabalhar toda a noite. Expressamos nossa solidariedade \u00e0s fam\u00edlias, estamos de luto. Algumas v\u00edtimas t\u00eam diferentes nacionalidades. Prestamos solidariedade total. Lamento muito, estamos solid\u00e1rios. \u00c9 muito duro. N\u00e3o cabe tanta gente que est\u00e1 querendo trabalhar nos resgastes. N\u00e3o cabe mais ambul\u00e2ncia, mais carros. Temos que valorizar o trabalho de toda essa gente&#8221;, disse Zuluaga.<\/p>\n<p>O presidente do Atl\u00e9tico Nacional destacou solidariedade \u00e0 Chapecoense \u00e0 Telemedell\u00edn, TV colombiana. &#8220;Estamos falando com todos os departamentos administrativos e de crise que temos para ajudar e estamos trabalhando junto aos organismos de socorro. No momento podemos nos solidarizar. Desejamos o melhor. Creio que n\u00e3o temos cabe\u00e7a no momento (para falar de jogo)&#8221;, comentou.<\/p>\n<p>No voo estavam 81 pessoas, incluindo 72 passageiros e nove tripulantes. No total, eram 48 membros da Chapecoense, incluindo 22 jogadores, 21 jornalistas e tr\u00eas convidados, al\u00e9m da tripula\u00e7\u00e3o. O modelo do avi\u00e3o \u00e9 o Avro Regional Jet 85, tamb\u00e9m conhecido como Jumbolino, de matr\u00edcula CP-2933, produzido pela British Aerospace. O avi\u00e3o tem lugar para 95 pessoas.<\/p>\n<p>Alguns atletas da Chapecoense n\u00e3o viajaram com a delega\u00e7\u00e3o. A lista inclui os seguintes jogadores: Nen\u00e9m, Demerson, Marcelo Boeck, Andrei, Hyoran, Martinuccio, Nivaldo e Rafael Lima. Eles n\u00e3o vinham sendo utilizados pelo treinador Caio J\u00fanior. <\/p>\n<p>Na lista de convidados da Chapecoense para a viagem \u00e0 Col\u00f4mbia, o prefeito de Chapec\u00f3, Luciano Buligon, n\u00e3o estava no voo. Outros dois membros da delega\u00e7\u00e3o, Rodrigo Ernesto e Pablo Castro, tamb\u00e9m n\u00e3o estavam com o restante da equipe. Ambos cuidam da log\u00edstica do time, chegaram antes a Medell\u00edn e estavam no aeroporto para o receptivo.<\/p>\n","protected":false},"excerpt":{"rendered":"<p>No UOL As autoridades colombianas confirmaram a morte de 75 pessoas no acidente a\u00e9reo com a delega\u00e7\u00e3o da Chapecoense na madrugada desta ter\u00e7a-feira (29), na cidade de La Uni\u00f3n, pr\u00f3ximo a Medell\u00edn, na Col\u00f4mbia. Ainda n\u00e3o h\u00e1 confirma\u00e7\u00e3o oficial do nome das v\u00edtimas.<\/p>\n","protected":false},"author":1,"featured_media":0,"comment_status":"closed","ping_status":"open","sticky":false,"template":"","format":"standard","meta":{"_exactmetrics_skip_tracking":false,"_exactmetrics_sitenote_active":false,"_exactmetrics_sitenote_note":"","_exactmetrics_sitenote_category":0,"jetpack_post_was_ever_published":false,"_jetpack_newsletter_access":"","_jetpack_dont_email_post_to_subs":false,"_jetpack_newsletter_tier_id":0,"_jetpack_memberships_contains_paywalled_content":false,"_jetpack_memberships_contains_paid_content":false,"footnotes":"","jetpack_publicize_message":"","jetpack_publicize_feature_enabled":true,"jetpack_social_post_already_shared":true,"jetpack_social_options":{"image_generator_settings":{"template":"highway","enabled":false},"version":2}},"categories":[1],"tags":[],"class_list":["post-6357","post","type-post","status-publish","format-standard","hentry","category-notas"],"jetpack_publicize_connections":[],"jetpack_sharing_enabled":true,"jetpack_featured_media_url":"","jetpack_shortlink":"https:\/\/wp.me\/p7wKYW-1Ex","jetpack-related-posts":[],"_links":{"self":[{"href":"http:\/\/blogdalucianaoliveira.com.br\/blog\/wp-json\/wp\/v2\/posts\/6357","targetHints":{"allow":["GET"]}}],"collection":[{"href":"http:\/\/blogdalucianaoliveira.com.br\/blog\/wp-json\/wp\/v2\/posts"}],"about":[{"href":"http:\/\/blogdalucianaoliveira.com.br\/blog\/wp-json\/wp\/v2\/types\/post"}],"author":[{"embeddable":true,"href":"http:\/\/blogdalucianaoliveira.com.br\/blog\/wp-json\/wp\/v2\/users\/1"}],"replies":[{"embeddable":true,"href":"http:\/\/blogdalucianaoliveira.com.br\/blog\/wp-json\/wp\/v2\/comments?post=6357"}],"version-history":[{"count":1,"href":"http:\/\/blogdalucianaoliveira.com.br\/blog\/wp-json\/wp\/v2\/posts\/6357\/revisions"}],"predecessor-version":[{"id":6359,"href":"http:\/\/blogdalucianaoliveira.com.br\/blog\/wp-json\/wp\/v2\/posts\/6357\/revisions\/6359"}],"wp:attachment":[{"href":"http:\/\/blogdalucianaoliveira.com.br\/blog\/wp-json\/wp\/v2\/media?parent=6357"}],"wp:term":[{"taxonomy":"category","embeddable":true,"href":"http:\/\/blogdalucianaoliveira.com.br\/blog\/wp-json\/wp\/v2\/categories?post=6357"},{"taxonomy":"post_tag","embeddable":true,"href":"http:\/\/blogdalucianaoliveira.com.br\/blog\/wp-json\/wp\/v2\/tags?post=6357"}],"curies":[{"name":"wp","href":"https:\/\/api.w.org\/{rel}","templated":true}]}}