{"id":6360,"date":"2016-11-29T10:33:17","date_gmt":"2016-11-29T14:33:17","guid":{"rendered":"http:\/\/blogdalucianaoliveira.com.br\/blog\/?p=6360"},"modified":"2016-11-29T10:33:17","modified_gmt":"2016-11-29T14:33:17","slug":"anac-vetou-empresa-venezuelana-que-levaria-a-chapecoense-ate-medellin","status":"publish","type":"post","link":"http:\/\/blogdalucianaoliveira.com.br\/blog\/2016\/11\/29\/anac-vetou-empresa-venezuelana-que-levaria-a-chapecoense-ate-medellin\/","title":{"rendered":"ANAC vetou empresa venezuelana que levaria a Chapecoense at\u00e9 Medell\u00edn"},"content":{"rendered":"<p><img data-recalc-dims=\"1\" loading=\"lazy\" decoding=\"async\" data-attachment-id=\"6361\" data-permalink=\"http:\/\/blogdalucianaoliveira.com.br\/blog\/2016\/11\/29\/anac-vetou-empresa-venezuelana-que-levaria-a-chapecoense-ate-medellin\/chapeco\/\" data-orig-file=\"https:\/\/i0.wp.com\/blogdalucianaoliveira.com.br\/blog\/wp-content\/uploads\/2016\/11\/chapeco.jpg?fit=581%2C437\" data-orig-size=\"581,437\" data-comments-opened=\"0\" data-image-meta=\"{&quot;aperture&quot;:&quot;0&quot;,&quot;credit&quot;:&quot;&quot;,&quot;camera&quot;:&quot;&quot;,&quot;caption&quot;:&quot;&quot;,&quot;created_timestamp&quot;:&quot;0&quot;,&quot;copyright&quot;:&quot;&quot;,&quot;focal_length&quot;:&quot;0&quot;,&quot;iso&quot;:&quot;0&quot;,&quot;shutter_speed&quot;:&quot;0&quot;,&quot;title&quot;:&quot;&quot;,&quot;orientation&quot;:&quot;0&quot;}\" data-image-title=\"chapeco\" data-image-description=\"\" data-image-caption=\"\" data-medium-file=\"https:\/\/i0.wp.com\/blogdalucianaoliveira.com.br\/blog\/wp-content\/uploads\/2016\/11\/chapeco.jpg?fit=300%2C226\" data-large-file=\"https:\/\/i0.wp.com\/blogdalucianaoliveira.com.br\/blog\/wp-content\/uploads\/2016\/11\/chapeco.jpg?fit=581%2C437\" src=\"https:\/\/i0.wp.com\/blogdalucianaoliveira.com.br\/blog\/wp-content\/uploads\/2016\/11\/chapeco.jpg?resize=581%2C437\" alt=\"chapeco\" width=\"581\" height=\"437\" class=\"alignnone size-full wp-image-6361\" srcset=\"https:\/\/i0.wp.com\/blogdalucianaoliveira.com.br\/blog\/wp-content\/uploads\/2016\/11\/chapeco.jpg?w=581 581w, https:\/\/i0.wp.com\/blogdalucianaoliveira.com.br\/blog\/wp-content\/uploads\/2016\/11\/chapeco.jpg?resize=300%2C226 300w, https:\/\/i0.wp.com\/blogdalucianaoliveira.com.br\/blog\/wp-content\/uploads\/2016\/11\/chapeco.jpg?resize=399%2C300 399w\" sizes=\"auto, (max-width: 581px) 100vw, 581px\" \/><\/p>\n<p>Um imprevisto fez a Chapecoense mudar seus planos na viagem em dire\u00e7\u00e3o \u00e0 Col\u00f4mbia horas antes do acidente com o avi\u00e3o da delega\u00e7\u00e3o. O voo fretado que havia sido contratado para levar a equipe a Medell\u00edn, onde enfrentaria o Atl\u00e9tico Nacional pela final da Copa Sul-Americana, n\u00e3o foi autorizado pela Ag\u00eancia Nacional de Avia\u00e7\u00e3o Civil (Anac) para partir rumo a Col\u00f4mbia.<!--more--><\/p>\n<p>Segundo o entendimento da Anac, o voo deveria ser feito por uma empresa brasileira ou colombiana, e a empresa contratada pela Chapecoense era venezuelana. <\/p>\n<p>Assim, o time saiu de Guarulhos \u00e0s 15h15min em um voo comercial. Por volta das 00h30min (hor\u00e1rio de Bras\u00edlia), a aeronave reportou falhas el\u00e9tricas \u00e0 Torre de Controle da Aeron\u00e1utica Civil e sofreu o acidente no munic\u00edpio de La Uni\u00f3n, a 58km de Medell\u00edn.<\/p>\n<p>Via DC<\/p>\n","protected":false},"excerpt":{"rendered":"<p>Um imprevisto fez a Chapecoense mudar seus planos na viagem em dire\u00e7\u00e3o \u00e0 Col\u00f4mbia horas antes do acidente com o avi\u00e3o da delega\u00e7\u00e3o. O voo fretado que havia sido contratado para levar a equipe a Medell\u00edn, onde enfrentaria o Atl\u00e9tico Nacional pela final da Copa Sul-Americana, n\u00e3o foi autorizado pela Ag\u00eancia Nacional de Avia\u00e7\u00e3o Civil&#8230;<a class=\"more-link\" href=\"http:\/\/blogdalucianaoliveira.com.br\/blog\/2016\/11\/29\/anac-vetou-empresa-venezuelana-que-levaria-a-chapecoense-ate-medellin\/\">Continue a leitura <span class=\"meta-nav\">&raquo;<\/span><\/a><\/p>\n","protected":false},"author":1,"featured_media":0,"comment_status":"closed","ping_status":"open","sticky":false,"template":"","format":"standard","meta":{"_exactmetrics_skip_tracking":false,"_exactmetrics_sitenote_active":false,"_exactmetrics_sitenote_note":"","_exactmetrics_sitenote_category":0,"jetpack_post_was_ever_published":false,"_jetpack_newsletter_access":"","_jetpack_dont_email_post_to_subs":false,"_jetpack_newsletter_tier_id":0,"_jetpack_memberships_contains_paywalled_content":false,"_jetpack_memberships_contains_paid_content":false,"footnotes":"","jetpack_publicize_message":"","jetpack_publicize_feature_enabled":true,"jetpack_social_post_already_shared":true,"jetpack_social_options":{"image_generator_settings":{"template":"highway","enabled":false},"version":2}},"categories":[1],"tags":[],"class_list":["post-6360","post","type-post","status-publish","format-standard","hentry","category-notas"],"jetpack_publicize_connections":[],"jetpack_sharing_enabled":true,"jetpack_featured_media_url":"","jetpack_shortlink":"https:\/\/wp.me\/p7wKYW-1EA","jetpack-related-posts":[],"_links":{"self":[{"href":"http:\/\/blogdalucianaoliveira.com.br\/blog\/wp-json\/wp\/v2\/posts\/6360","targetHints":{"allow":["GET"]}}],"collection":[{"href":"http:\/\/blogdalucianaoliveira.com.br\/blog\/wp-json\/wp\/v2\/posts"}],"about":[{"href":"http:\/\/blogdalucianaoliveira.com.br\/blog\/wp-json\/wp\/v2\/types\/post"}],"author":[{"embeddable":true,"href":"http:\/\/blogdalucianaoliveira.com.br\/blog\/wp-json\/wp\/v2\/users\/1"}],"replies":[{"embeddable":true,"href":"http:\/\/blogdalucianaoliveira.com.br\/blog\/wp-json\/wp\/v2\/comments?post=6360"}],"version-history":[{"count":1,"href":"http:\/\/blogdalucianaoliveira.com.br\/blog\/wp-json\/wp\/v2\/posts\/6360\/revisions"}],"predecessor-version":[{"id":6362,"href":"http:\/\/blogdalucianaoliveira.com.br\/blog\/wp-json\/wp\/v2\/posts\/6360\/revisions\/6362"}],"wp:attachment":[{"href":"http:\/\/blogdalucianaoliveira.com.br\/blog\/wp-json\/wp\/v2\/media?parent=6360"}],"wp:term":[{"taxonomy":"category","embeddable":true,"href":"http:\/\/blogdalucianaoliveira.com.br\/blog\/wp-json\/wp\/v2\/categories?post=6360"},{"taxonomy":"post_tag","embeddable":true,"href":"http:\/\/blogdalucianaoliveira.com.br\/blog\/wp-json\/wp\/v2\/tags?post=6360"}],"curies":[{"name":"wp","href":"https:\/\/api.w.org\/{rel}","templated":true}]}}