{"id":6363,"date":"2016-11-29T11:12:04","date_gmt":"2016-11-29T15:12:04","guid":{"rendered":"http:\/\/blogdalucianaoliveira.com.br\/blog\/?p=6363"},"modified":"2016-11-29T11:12:04","modified_gmt":"2016-11-29T15:12:04","slug":"a-resposta-de-temer-a-crise-politica-agradar-os-patrocinadores-do-golpe","status":"publish","type":"post","link":"http:\/\/blogdalucianaoliveira.com.br\/blog\/2016\/11\/29\/a-resposta-de-temer-a-crise-politica-agradar-os-patrocinadores-do-golpe\/","title":{"rendered":"A resposta de Temer \u00e0 crise pol\u00edtica: agradar os patrocinadores do golpe"},"content":{"rendered":"<p><img data-recalc-dims=\"1\" loading=\"lazy\" decoding=\"async\" data-attachment-id=\"6364\" data-permalink=\"http:\/\/blogdalucianaoliveira.com.br\/blog\/2016\/11\/29\/a-resposta-de-temer-a-crise-politica-agradar-os-patrocinadores-do-golpe\/temero-2\/\" data-orig-file=\"https:\/\/i0.wp.com\/blogdalucianaoliveira.com.br\/blog\/wp-content\/uploads\/2016\/11\/temero.jpg?fit=638%2C530\" data-orig-size=\"638,530\" data-comments-opened=\"0\" data-image-meta=\"{&quot;aperture&quot;:&quot;0&quot;,&quot;credit&quot;:&quot;&quot;,&quot;camera&quot;:&quot;&quot;,&quot;caption&quot;:&quot;&quot;,&quot;created_timestamp&quot;:&quot;0&quot;,&quot;copyright&quot;:&quot;&quot;,&quot;focal_length&quot;:&quot;0&quot;,&quot;iso&quot;:&quot;0&quot;,&quot;shutter_speed&quot;:&quot;0&quot;,&quot;title&quot;:&quot;&quot;,&quot;orientation&quot;:&quot;0&quot;}\" data-image-title=\"temero\" data-image-description=\"\" data-image-caption=\"\" data-medium-file=\"https:\/\/i0.wp.com\/blogdalucianaoliveira.com.br\/blog\/wp-content\/uploads\/2016\/11\/temero.jpg?fit=300%2C249\" data-large-file=\"https:\/\/i0.wp.com\/blogdalucianaoliveira.com.br\/blog\/wp-content\/uploads\/2016\/11\/temero.jpg?fit=600%2C498\" src=\"https:\/\/i0.wp.com\/blogdalucianaoliveira.com.br\/blog\/wp-content\/uploads\/2016\/11\/temero.jpg?resize=600%2C498\" alt=\"temero\" width=\"600\" height=\"498\" class=\"alignnone size-full wp-image-6364\" srcset=\"https:\/\/i0.wp.com\/blogdalucianaoliveira.com.br\/blog\/wp-content\/uploads\/2016\/11\/temero.jpg?w=638 638w, https:\/\/i0.wp.com\/blogdalucianaoliveira.com.br\/blog\/wp-content\/uploads\/2016\/11\/temero.jpg?resize=300%2C249 300w, https:\/\/i0.wp.com\/blogdalucianaoliveira.com.br\/blog\/wp-content\/uploads\/2016\/11\/temero.jpg?resize=361%2C300 361w\" sizes=\"auto, (max-width: 600px) 100vw, 600px\" \/><\/p>\n<p>Por Pedro Breier, correspondente policial do Cafezinho<!--more--><\/p>\n<p>A democracia representativa, nos moldes atuais, \u00e9 um sistema que afasta a popula\u00e7\u00e3o da pol\u00edtica naturalmente.<\/p>\n<p>As pessoas votam de dois em dois anos e depois s\u00e3o alijadas das decis\u00f5es que seus representantes engravatados tomam.<\/p>\n<p>A prega\u00e7\u00e3o antipol\u00edtica do oligop\u00f3lio midi\u00e1tico e a falta de mecanismos legais e pr\u00e1ticos para que os cidad\u00e3os acompanhem mais de perto e influenciem o trabalho dos eleitos s\u00f3 fazem agravar o problema.<\/p>\n<p>Mas o golpe que derrubou o governo eleito em 2014 levou este d\u00e9ficit democr\u00e1tico a um patamar inacredit\u00e1vel.<\/p>\n<p>\u2018Temer faz ofensiva por reformas para reverter desgaste na pol\u00edtica\u2019 \u00e9 o t\u00edtulo de uma mat\u00e9ria da Folha.<\/p>\n<p>Depois de ser pego pressionando um ministro a atender os interesses pessoais de outro ministro (\u2018a pol\u00edtica tem dessas coisas, esse tipo de press\u00e3o\u2019, disse Temer a Calero), em uma atitude digna de prefeito corrupto de uma cidade provinciana qualquer, a solu\u00e7\u00e3o de Temer para que a m\u00eddia esque\u00e7a isso \u00e9 acelerar algumas reformas.<\/p>\n<p>Quais reformas?<\/p>\n<p>Congelamento dos investimentos p\u00fablicos, reforma da previd\u00eancia social, privatiza\u00e7\u00e3o de aeroportos e o fim da obrigatoriedade de a Petrobras ser a operadora \u00fanica dos campos do pr\u00e9-sal (a Folha informa, candidamente, que esta \u00faltima \u00e9 uma medida reivindicada pelas petroleiras estrangeiras para aumentar neg\u00f3cios no Brasil).<\/p>\n<p>Todas essas reformas s\u00e3o de interesse dos maiores patrocinadores do golpe, que s\u00e3o os bar\u00f5es da m\u00eddia e os grandes empres\u00e1rios.<\/p>\n<p>Repare na sequ\u00eancia de fatos: explode mais um grave esc\u00e2ndalo no governo Temer; a m\u00eddia conservadora d\u00e1 destaque; para que o assunto seja esquecido, Temer resolve acelerar os projetos de interesse da m\u00eddia e dos donos do dinheiro.<\/p>\n<p>O povo passa completamente ao largo de tudo isso. N\u00e3o \u00e9 sequer mencionado por ningu\u00e9m.<\/p>\n<p>E tamb\u00e9m n\u00e3o \u00e9 a fonte de legitimidade do governo, por raz\u00f5es \u00f3bvias.<\/p>\n<p>Justamente por n\u00e3o dever satisfa\u00e7\u00f5es a seus eleitores &#8211; Temer foi eleito para ser vice de Dilma &#8211; o presidente decorativo \u00e9 um fantoche dos que o colocaram no poder.<\/p>\n<p>Para abafar as crises, s\u00f3 resta a Temer ceder cada vez mais aos interesses dos financiadores do golpe.<\/p>\n<p>Para completar o quadro grotesco, o &#8216;conquistador da dona Marcela&#8217; solta esta p\u00e9rola, em discurso para empres\u00e1rios e investidores, ontem:<\/p>\n<p>Mas \u00e9 interessante que, de vez em quando, h\u00e1 uma certa instabilidade institucional com um fato ou outro. Como n\u00e3o temos institui\u00e7\u00f5es muito s\u00f3lidas, qualquer fatozinho, me permitam a express\u00e3o, abala as institui\u00e7\u00f5es.<br \/>\nO presidente da rep\u00fablica pressionar um ministro a usar suas atribui\u00e7\u00f5es para atender interesses particulares de outro ministro n\u00e3o \u00e9 um \u2018fatozinho\u2019, definitivamente, mas de qualquer forma fica a pergunta: por que ser\u00e1 que \u2018n\u00e3o temos institui\u00e7\u00f5es muito s\u00f3lidas\u2019, sr. vice conspirador e articulador de um golpe de Estado em pleno 2016?<\/p>\n<p>A bandalheira, a pusilanimidade e a cara de pau n\u00e3o t\u00eam limites no governo Temer.<\/p>\n","protected":false},"excerpt":{"rendered":"<p>Por Pedro Breier, correspondente policial do Cafezinho<\/p>\n","protected":false},"author":1,"featured_media":0,"comment_status":"closed","ping_status":"open","sticky":false,"template":"","format":"standard","meta":{"_exactmetrics_skip_tracking":false,"_exactmetrics_sitenote_active":false,"_exactmetrics_sitenote_note":"","_exactmetrics_sitenote_category":0,"jetpack_post_was_ever_published":false,"_jetpack_newsletter_access":"","_jetpack_dont_email_post_to_subs":false,"_jetpack_newsletter_tier_id":0,"_jetpack_memberships_contains_paywalled_content":false,"_jetpack_memberships_contains_paid_content":false,"footnotes":"","jetpack_publicize_message":"","jetpack_publicize_feature_enabled":true,"jetpack_social_post_already_shared":true,"jetpack_social_options":{"image_generator_settings":{"template":"highway","enabled":false},"version":2}},"categories":[1],"tags":[],"class_list":["post-6363","post","type-post","status-publish","format-standard","hentry","category-notas"],"jetpack_publicize_connections":[],"jetpack_sharing_enabled":true,"jetpack_featured_media_url":"","jetpack_shortlink":"https:\/\/wp.me\/p7wKYW-1ED","jetpack-related-posts":[],"_links":{"self":[{"href":"http:\/\/blogdalucianaoliveira.com.br\/blog\/wp-json\/wp\/v2\/posts\/6363","targetHints":{"allow":["GET"]}}],"collection":[{"href":"http:\/\/blogdalucianaoliveira.com.br\/blog\/wp-json\/wp\/v2\/posts"}],"about":[{"href":"http:\/\/blogdalucianaoliveira.com.br\/blog\/wp-json\/wp\/v2\/types\/post"}],"author":[{"embeddable":true,"href":"http:\/\/blogdalucianaoliveira.com.br\/blog\/wp-json\/wp\/v2\/users\/1"}],"replies":[{"embeddable":true,"href":"http:\/\/blogdalucianaoliveira.com.br\/blog\/wp-json\/wp\/v2\/comments?post=6363"}],"version-history":[{"count":1,"href":"http:\/\/blogdalucianaoliveira.com.br\/blog\/wp-json\/wp\/v2\/posts\/6363\/revisions"}],"predecessor-version":[{"id":6365,"href":"http:\/\/blogdalucianaoliveira.com.br\/blog\/wp-json\/wp\/v2\/posts\/6363\/revisions\/6365"}],"wp:attachment":[{"href":"http:\/\/blogdalucianaoliveira.com.br\/blog\/wp-json\/wp\/v2\/media?parent=6363"}],"wp:term":[{"taxonomy":"category","embeddable":true,"href":"http:\/\/blogdalucianaoliveira.com.br\/blog\/wp-json\/wp\/v2\/categories?post=6363"},{"taxonomy":"post_tag","embeddable":true,"href":"http:\/\/blogdalucianaoliveira.com.br\/blog\/wp-json\/wp\/v2\/tags?post=6363"}],"curies":[{"name":"wp","href":"https:\/\/api.w.org\/{rel}","templated":true}]}}