{"id":6366,"date":"2016-11-29T11:27:04","date_gmt":"2016-11-29T15:27:04","guid":{"rendered":"http:\/\/blogdalucianaoliveira.com.br\/blog\/?p=6366"},"modified":"2016-11-29T11:27:04","modified_gmt":"2016-11-29T15:27:04","slug":"o-mundo-do-futebol-chora-a-morte-dos-jogadores-da-chapecoense","status":"publish","type":"post","link":"http:\/\/blogdalucianaoliveira.com.br\/blog\/2016\/11\/29\/o-mundo-do-futebol-chora-a-morte-dos-jogadores-da-chapecoense\/","title":{"rendered":"O mundo do futebol chora a morte dos jogadores da Chapecoense"},"content":{"rendered":"<div class=\"jetpack-video-wrapper\"><span class=\"embed-youtube\" style=\"text-align:center; display: block;\"><iframe loading=\"lazy\" class=\"youtube-player\" width=\"600\" height=\"338\" src=\"https:\/\/www.youtube.com\/embed\/2XKDvf6JOTE?version=3&#038;rel=1&#038;showsearch=0&#038;showinfo=1&#038;iv_load_policy=1&#038;fs=1&#038;hl=pt-BR&#038;autohide=2&#038;wmode=transparent\" allowfullscreen=\"true\" style=\"border:0;\" sandbox=\"allow-scripts allow-same-origin allow-popups allow-presentation allow-popups-to-escape-sandbox\"><\/iframe><\/span><\/div>\n<p>Hoje, todos os clubes do Brasil s\u00e3o um s\u00f3. \u00c9 o que dizem as equipes brasileiras em suas redes sociais ap\u00f3s o acidente com o avi\u00e3o que levava a equipe da Chapecoense para disputar a final da Copa Sul-Americana na Col\u00f4mbia. <!--more--><\/p>\n<p>O campe\u00e3o nacional, Palmeiras, o rec\u00e9m-retornado \u00e0 S\u00e9rie A Vasco da Gama, o finalista da Copa do Brasil Gr\u00eamio. O futebol brasileiro parou nesta ter\u00e7a-feira, com um luto de sete dias decretado pela CBF \u2014 a final da Copa do Brasil foi adiada, assim como a \u00faltima rodada do Campeonato Brasileiro e eventos mais triviais, como a apresenta\u00e7\u00e3o oficial de Rog\u00e9rio Ceni como treinador do S\u00e3o Paulo. <\/p>\n<p>E o mundo inteiro, da Am\u00e9rica Latina \u00e0 Europa, presta sua homenagem aos jogadores que morreram a caminho da primeira final internacional da hist\u00f3ria do clube.<\/p>\n<p>&#8220;Todo nosso apoio e solidariedade \u00e0s v\u00edtimas e aos familiares afetados pela trag\u00e9dia&#8221;, escreveu o Barcelona. &#8220;Minhas ora\u00e7\u00f5es e solidariedade para os sobreviventes, fam\u00edlias e amigos da Chapecoense&#8221;, escreveu o jogador colombiano Radamel Falcao Garcia. &#8220;Minhas condol\u00eancias pelo acidente de avi\u00e3o. Momento duro para o futebol! Muito \u00e2nimo e for\u00e7a!&#8221;, escreveu Iker Casillas, goleiro do Porto. <\/p>\n<p>&#8220;Expressamos condol\u00eancias pelo acidente a\u00e9reo na Col\u00f4mbia e mostramos nosso apoio \u00e0s fam\u00edlias das v\u00edtimas&#8221;, disse a Juventus de Tur\u00edn no Twitter. &#8220;Comovidos pelo acidente do avi\u00e3o em que viajava a Chapecoense e nosso ex-jogador Cl\u00e9ber Santana&#8221;, afirmou o Atl\u00e9tico de Madri.<\/p>\n<p>A Confedera\u00e7\u00e3o Sul-Americana de Futebol (Conmebol) suspendeu todas suas atividades at\u00e9 segunda ordem e seu presidente, Alejandro Dom\u00ednguez, anunciou que se deslocava para Medell\u00edn. As ligas inglesa, espanhola e alem\u00e3, entre outras, publicaram mensagens de solidariedade ao time de Chapec\u00f3, assim como a Fifa, que disse que &#8220;os pensamentos da Fifa est\u00e3o com as v\u00edtimas, suas fam\u00edlias, torcedores da Chapecoense e organiza\u00e7\u00f5es de m\u00eddia no Brasil neste dia tr\u00e1gico&#8221;. O presidente da institui\u00e7\u00e3o, Gianni Infantino, disse que \u00e9 um dia muito triste para o futebol e disse que seus pensamentos est\u00e3o com as v\u00edtimas.<\/p>\n<p>Equipes como Bayern de Munique, Borussia Dortmund, Milan, Manchester United e Torino \u2014 estes \u00faltimos dois com tr\u00e1gicos acidentes a\u00e9reos em suas hist\u00f3rias \u2014 tamb\u00e9m manifestaram solidariedade pelo ocorrido. As condol\u00eancias partiram de outras estrelas mundiais, como os argentinos Sergio Ag\u00fcero e Lionel Messi, o ingl\u00eas Wayne Rooney, os brasileiros Neymar e Casemiro, o espanhol Sergio Ramos e ex-jogadores como Pel\u00e9, Maradona e Cafu.<\/p>\n<p><iframe src='\/\/players.brightcove.net\/624246174001\/82f79524-152c-485f-bcb0-09197a216c87_default\/index.html?videoId=5227930950001' allowfullscreen frameborder=0><\/iframe><\/p>\n","protected":false},"excerpt":{"rendered":"<p>Hoje, todos os clubes do Brasil s\u00e3o um s\u00f3. \u00c9 o que dizem as equipes brasileiras em suas redes sociais ap\u00f3s o acidente com o avi\u00e3o que levava a equipe da Chapecoense para disputar a final da Copa Sul-Americana na Col\u00f4mbia.<\/p>\n","protected":false},"author":1,"featured_media":0,"comment_status":"closed","ping_status":"open","sticky":false,"template":"","format":"standard","meta":{"_exactmetrics_skip_tracking":false,"_exactmetrics_sitenote_active":false,"_exactmetrics_sitenote_note":"","_exactmetrics_sitenote_category":0,"jetpack_post_was_ever_published":false,"_jetpack_newsletter_access":"","_jetpack_dont_email_post_to_subs":false,"_jetpack_newsletter_tier_id":0,"_jetpack_memberships_contains_paywalled_content":false,"_jetpack_memberships_contains_paid_content":false,"footnotes":"","jetpack_publicize_message":"","jetpack_publicize_feature_enabled":true,"jetpack_social_post_already_shared":true,"jetpack_social_options":{"image_generator_settings":{"template":"highway","enabled":false},"version":2}},"categories":[1],"tags":[],"class_list":["post-6366","post","type-post","status-publish","format-standard","hentry","category-notas"],"jetpack_publicize_connections":[],"jetpack_sharing_enabled":true,"jetpack_featured_media_url":"","jetpack_shortlink":"https:\/\/wp.me\/p7wKYW-1EG","jetpack-related-posts":[],"_links":{"self":[{"href":"http:\/\/blogdalucianaoliveira.com.br\/blog\/wp-json\/wp\/v2\/posts\/6366","targetHints":{"allow":["GET"]}}],"collection":[{"href":"http:\/\/blogdalucianaoliveira.com.br\/blog\/wp-json\/wp\/v2\/posts"}],"about":[{"href":"http:\/\/blogdalucianaoliveira.com.br\/blog\/wp-json\/wp\/v2\/types\/post"}],"author":[{"embeddable":true,"href":"http:\/\/blogdalucianaoliveira.com.br\/blog\/wp-json\/wp\/v2\/users\/1"}],"replies":[{"embeddable":true,"href":"http:\/\/blogdalucianaoliveira.com.br\/blog\/wp-json\/wp\/v2\/comments?post=6366"}],"version-history":[{"count":2,"href":"http:\/\/blogdalucianaoliveira.com.br\/blog\/wp-json\/wp\/v2\/posts\/6366\/revisions"}],"predecessor-version":[{"id":6368,"href":"http:\/\/blogdalucianaoliveira.com.br\/blog\/wp-json\/wp\/v2\/posts\/6366\/revisions\/6368"}],"wp:attachment":[{"href":"http:\/\/blogdalucianaoliveira.com.br\/blog\/wp-json\/wp\/v2\/media?parent=6366"}],"wp:term":[{"taxonomy":"category","embeddable":true,"href":"http:\/\/blogdalucianaoliveira.com.br\/blog\/wp-json\/wp\/v2\/categories?post=6366"},{"taxonomy":"post_tag","embeddable":true,"href":"http:\/\/blogdalucianaoliveira.com.br\/blog\/wp-json\/wp\/v2\/tags?post=6366"}],"curies":[{"name":"wp","href":"https:\/\/api.w.org\/{rel}","templated":true}]}}