{"id":6369,"date":"2016-11-29T11:32:41","date_gmt":"2016-11-29T15:32:41","guid":{"rendered":"http:\/\/blogdalucianaoliveira.com.br\/blog\/?p=6369"},"modified":"2016-11-29T11:32:41","modified_gmt":"2016-11-29T15:32:41","slug":"putin-nao-ira-ao-funeral-de-fidel","status":"publish","type":"post","link":"http:\/\/blogdalucianaoliveira.com.br\/blog\/2016\/11\/29\/putin-nao-ira-ao-funeral-de-fidel\/","title":{"rendered":"Putin n\u00e3o ir\u00e1 ao funeral de Fidel"},"content":{"rendered":"<p><img data-recalc-dims=\"1\" loading=\"lazy\" decoding=\"async\" data-attachment-id=\"6370\" data-permalink=\"http:\/\/blogdalucianaoliveira.com.br\/blog\/2016\/11\/29\/putin-nao-ira-ao-funeral-de-fidel\/cuba-castro-decease-memorials\/\" data-orig-file=\"https:\/\/i0.wp.com\/blogdalucianaoliveira.com.br\/blog\/wp-content\/uploads\/2016\/11\/CUBA-CASTRO-DECEASE-MEMORIALS.jpg?fit=699%2C420\" data-orig-size=\"699,420\" data-comments-opened=\"0\" data-image-meta=\"{&quot;aperture&quot;:&quot;0&quot;,&quot;credit&quot;:&quot;&quot;,&quot;camera&quot;:&quot;&quot;,&quot;caption&quot;:&quot;&quot;,&quot;created_timestamp&quot;:&quot;0&quot;,&quot;copyright&quot;:&quot;&quot;,&quot;focal_length&quot;:&quot;0&quot;,&quot;iso&quot;:&quot;0&quot;,&quot;shutter_speed&quot;:&quot;0&quot;,&quot;title&quot;:&quot;&quot;,&quot;orientation&quot;:&quot;0&quot;}\" data-image-title=\"cuba-castro-decease-memorials\" data-image-description=\"\" data-image-caption=\"\" data-medium-file=\"https:\/\/i0.wp.com\/blogdalucianaoliveira.com.br\/blog\/wp-content\/uploads\/2016\/11\/CUBA-CASTRO-DECEASE-MEMORIALS.jpg?fit=300%2C180\" data-large-file=\"https:\/\/i0.wp.com\/blogdalucianaoliveira.com.br\/blog\/wp-content\/uploads\/2016\/11\/CUBA-CASTRO-DECEASE-MEMORIALS.jpg?fit=600%2C361\" src=\"https:\/\/i0.wp.com\/blogdalucianaoliveira.com.br\/blog\/wp-content\/uploads\/2016\/11\/CUBA-CASTRO-DECEASE-MEMORIALS.jpg?resize=600%2C361\" alt=\"cuba-castro-decease-memorials\" width=\"600\" height=\"361\" class=\"alignnone size-full wp-image-6370\" srcset=\"https:\/\/i0.wp.com\/blogdalucianaoliveira.com.br\/blog\/wp-content\/uploads\/2016\/11\/CUBA-CASTRO-DECEASE-MEMORIALS.jpg?w=699 699w, https:\/\/i0.wp.com\/blogdalucianaoliveira.com.br\/blog\/wp-content\/uploads\/2016\/11\/CUBA-CASTRO-DECEASE-MEMORIALS.jpg?resize=300%2C180 300w, https:\/\/i0.wp.com\/blogdalucianaoliveira.com.br\/blog\/wp-content\/uploads\/2016\/11\/CUBA-CASTRO-DECEASE-MEMORIALS.jpg?resize=499%2C300 499w\" sizes=\"auto, (max-width: 600px) 100vw, 600px\" \/><\/p>\n<p>\u201cVladimir Putin tem uma agenda bastante apertada\u201d, afirmou nesta segunda-feira um porta-voz do Kremlin quando perguntado sobre a aus\u00eancia do presidente russo na cerim\u00f4nia de despedida de Fidel Castro nesta ter\u00e7a-feira em Havana. \u201cEle est\u00e1 preparando a mensagem \u00e0 Assembleia Nacional\u201d, acrescentou o assessor.<\/p>\n<p>No El Pa\u00eds<\/p>\n<p>A aus\u00eancia de Putin tem certa relev\u00e2ncia devido aos la\u00e7os que durante d\u00e9cadas uniram a Cuba socialista \u00e0 Uni\u00e3o Sovi\u00e9tica, e por ser Moscou um s\u00f3cio importante para Havana \u2013 ainda mais neste momento de retra\u00e7\u00e3o da ajuda econ\u00f4mica venezuelana \u00e0 ilha e de expectativa quanto ao futuro da rela\u00e7\u00e3o com os EUA, por causa da chegada de Donald Trump \u00e0 presid\u00eancia.<!--more--><\/p>\n<p>O representante oficial da R\u00fassia no funeral ser\u00e1 Viacheslav Volodin, presidente do Parlamento. O fato de Putin n\u00e3o ir ao funeral representa, de fato, um rev\u00e9s diplom\u00e1tico para o regime socialista, mas n\u00e3o significa que haja uma crise na rela\u00e7\u00e3o da R\u00fassia com Cuba. Ainda em 2015, ele se reuniu em Moscou com o presidente Ra\u00fal Castro, e os dois pa\u00edses mant\u00eam v\u00e1rios acordos de colabora\u00e7\u00e3o, ainda que essa rela\u00e7\u00e3o n\u00e3o seja t\u00e3o estreita quanto foi na d\u00e9cada de 1960, quando o Kremlin instalou m\u00edsseis nucleares em territ\u00f3rio cubano para amea\u00e7ar os EUA, deixando o mundo \u00e0 beira de um conflito generalizado.<\/p>\n<p>O Governo brasileiro se far\u00e1 representar por seu chanceler, Jos\u00e9 Serra, e pelo ministro da Cultura, Roberto Freire. Ap\u00f3s o an\u00fancio da morte do dirigente comunista, ocorrida na noite de sexta-feira, o presidente Michel Temer divulgou nota dizendo que \u201cFidel Castro foi um l\u00edder de convic\u00e7\u00f5es\u201d, que \u201cmarcou a segunda metade do s\u00e9culo XX com a defesa firme das ideias em que acreditava\u201d.<\/p>\n<p>Outras aus\u00eancias destacadas em Havana ser\u00e3o a da primeira-ministra brit\u00e2nica, Theresa May, e de seu hom\u00f3logo canadense, Justin Trudeau, que fez uma visita oficial \u00e0 ilha poucas semanas antes da morte de Castro e, depois dela, foi criticado por defini-lo como um \u201cl\u00edder not\u00e1vel\u201d. Tampouco estar\u00e1 presente o presidente franc\u00eas, Fran\u00e7ois Hollande, que visitou Cuba em 2015 e se mostrou muito interessado em aprimorar a rela\u00e7\u00e3o entre a Fran\u00e7a e a ilha.<\/p>\n<p>Chamativa, por\u00e9m mais previs\u00edvel, ser\u00e1 a aus\u00eancia do ainda presidente dos Estados Unidos, Barack Obama. Apesar de ter sido o respons\u00e1vel por normalizar as rela\u00e7\u00f5es com o regime cubano e de ter feito uma hist\u00f3rica visita \u00e0 ilha em mar\u00e7o para selar o novo status quo bilateral com Ra\u00fal Castro, seu mandato est\u00e1 acabando, e em menos de dois meses ele ceder\u00e1 o cargo ao republicano Trump. \u00c9 poss\u00edvel que o Governo dos EUA seja representado por John Kerry, secret\u00e1rio de Estado que reabriu a embaixada dos EUA em Havana em meados de 2015, mas ainda n\u00e3o h\u00e1 confirma\u00e7\u00e3o oficial disso.<\/p>\n<p>Entre as personalidades pol\u00edticas j\u00e1 confirmadas est\u00e3o os presidentes Enrique Pe\u00f1a Nieto (M\u00e9xico) e Juan Manuel Santos (Col\u00f4mbia), al\u00e9m do ex-rei Juan Carlos, da Espanha. L\u00edderes esquerdistas que foram importantes aliados de Castro igualmente confirmaram sua presen\u00e7a, caso do venezuelano Nicol\u00e1s Maduro, do boliviano Evo Morales, do equatoriano Rafael Correa e do nicaraguense Daniel Ortega.<\/p>\n","protected":false},"excerpt":{"rendered":"<p>\u201cVladimir Putin tem uma agenda bastante apertada\u201d, afirmou nesta segunda-feira um porta-voz do Kremlin quando perguntado sobre a aus\u00eancia do presidente russo na cerim\u00f4nia de despedida de Fidel Castro nesta ter\u00e7a-feira em Havana. \u201cEle est\u00e1 preparando a mensagem \u00e0 Assembleia Nacional\u201d, acrescentou o assessor. No El Pa\u00eds A aus\u00eancia de Putin tem certa relev\u00e2ncia devido&#8230;<a class=\"more-link\" href=\"http:\/\/blogdalucianaoliveira.com.br\/blog\/2016\/11\/29\/putin-nao-ira-ao-funeral-de-fidel\/\">Continue a leitura <span class=\"meta-nav\">&raquo;<\/span><\/a><\/p>\n","protected":false},"author":1,"featured_media":0,"comment_status":"closed","ping_status":"open","sticky":false,"template":"","format":"standard","meta":{"_exactmetrics_skip_tracking":false,"_exactmetrics_sitenote_active":false,"_exactmetrics_sitenote_note":"","_exactmetrics_sitenote_category":0,"jetpack_post_was_ever_published":false,"_jetpack_newsletter_access":"","_jetpack_dont_email_post_to_subs":false,"_jetpack_newsletter_tier_id":0,"_jetpack_memberships_contains_paywalled_content":false,"_jetpack_memberships_contains_paid_content":false,"footnotes":"","jetpack_publicize_message":"","jetpack_publicize_feature_enabled":true,"jetpack_social_post_already_shared":true,"jetpack_social_options":{"image_generator_settings":{"template":"highway","enabled":false},"version":2}},"categories":[1],"tags":[],"class_list":["post-6369","post","type-post","status-publish","format-standard","hentry","category-notas"],"jetpack_publicize_connections":[],"jetpack_sharing_enabled":true,"jetpack_featured_media_url":"","jetpack_shortlink":"https:\/\/wp.me\/p7wKYW-1EJ","jetpack-related-posts":[],"_links":{"self":[{"href":"http:\/\/blogdalucianaoliveira.com.br\/blog\/wp-json\/wp\/v2\/posts\/6369","targetHints":{"allow":["GET"]}}],"collection":[{"href":"http:\/\/blogdalucianaoliveira.com.br\/blog\/wp-json\/wp\/v2\/posts"}],"about":[{"href":"http:\/\/blogdalucianaoliveira.com.br\/blog\/wp-json\/wp\/v2\/types\/post"}],"author":[{"embeddable":true,"href":"http:\/\/blogdalucianaoliveira.com.br\/blog\/wp-json\/wp\/v2\/users\/1"}],"replies":[{"embeddable":true,"href":"http:\/\/blogdalucianaoliveira.com.br\/blog\/wp-json\/wp\/v2\/comments?post=6369"}],"version-history":[{"count":1,"href":"http:\/\/blogdalucianaoliveira.com.br\/blog\/wp-json\/wp\/v2\/posts\/6369\/revisions"}],"predecessor-version":[{"id":6371,"href":"http:\/\/blogdalucianaoliveira.com.br\/blog\/wp-json\/wp\/v2\/posts\/6369\/revisions\/6371"}],"wp:attachment":[{"href":"http:\/\/blogdalucianaoliveira.com.br\/blog\/wp-json\/wp\/v2\/media?parent=6369"}],"wp:term":[{"taxonomy":"category","embeddable":true,"href":"http:\/\/blogdalucianaoliveira.com.br\/blog\/wp-json\/wp\/v2\/categories?post=6369"},{"taxonomy":"post_tag","embeddable":true,"href":"http:\/\/blogdalucianaoliveira.com.br\/blog\/wp-json\/wp\/v2\/tags?post=6369"}],"curies":[{"name":"wp","href":"https:\/\/api.w.org\/{rel}","templated":true}]}}