{"id":6372,"date":"2016-11-29T11:53:33","date_gmt":"2016-11-29T15:53:33","guid":{"rendered":"http:\/\/blogdalucianaoliveira.com.br\/blog\/?p=6372"},"modified":"2016-11-29T11:53:33","modified_gmt":"2016-11-29T15:53:33","slug":"uns-vao-uns-tao-uns-sao-uns-dao-uns-nao-uns-hao-de-uns-pes-uns-maos-uns-cabeca-uns-so-coracao","status":"publish","type":"post","link":"http:\/\/blogdalucianaoliveira.com.br\/blog\/2016\/11\/29\/uns-vao-uns-tao-uns-sao-uns-dao-uns-nao-uns-hao-de-uns-pes-uns-maos-uns-cabeca-uns-so-coracao\/","title":{"rendered":"Uns v\u00e3o, uns t\u00e3o, uns s\u00e3o, uns d\u00e3o, uns n\u00e3o, uns h\u00e3o de. Uns p\u00e9s, uns m\u00e3os, uns cabe\u00e7a, uns s\u00f3 cora\u00e7\u00e3o"},"content":{"rendered":"<p>CALERO NEGA TER DENUNCIADO GEDDEL PARA BENEFICIAR PSDB<\/p>\n<p><img data-recalc-dims=\"1\" loading=\"lazy\" decoding=\"async\" data-attachment-id=\"6373\" data-permalink=\"http:\/\/blogdalucianaoliveira.com.br\/blog\/2016\/11\/29\/uns-vao-uns-tao-uns-sao-uns-dao-uns-nao-uns-hao-de-uns-pes-uns-maos-uns-cabeca-uns-so-coracao\/calero_temer-600x293\/\" data-orig-file=\"https:\/\/i0.wp.com\/blogdalucianaoliveira.com.br\/blog\/wp-content\/uploads\/2016\/11\/calero_temer-600x293.jpg?fit=600%2C293\" data-orig-size=\"600,293\" data-comments-opened=\"0\" data-image-meta=\"{&quot;aperture&quot;:&quot;0&quot;,&quot;credit&quot;:&quot;&quot;,&quot;camera&quot;:&quot;&quot;,&quot;caption&quot;:&quot;&quot;,&quot;created_timestamp&quot;:&quot;0&quot;,&quot;copyright&quot;:&quot;&quot;,&quot;focal_length&quot;:&quot;0&quot;,&quot;iso&quot;:&quot;0&quot;,&quot;shutter_speed&quot;:&quot;0&quot;,&quot;title&quot;:&quot;&quot;,&quot;orientation&quot;:&quot;0&quot;}\" data-image-title=\"calero_temer-600&amp;#215;293\" data-image-description=\"\" data-image-caption=\"\" data-medium-file=\"https:\/\/i0.wp.com\/blogdalucianaoliveira.com.br\/blog\/wp-content\/uploads\/2016\/11\/calero_temer-600x293.jpg?fit=300%2C147\" data-large-file=\"https:\/\/i0.wp.com\/blogdalucianaoliveira.com.br\/blog\/wp-content\/uploads\/2016\/11\/calero_temer-600x293.jpg?fit=600%2C293\" src=\"https:\/\/i0.wp.com\/blogdalucianaoliveira.com.br\/blog\/wp-content\/uploads\/2016\/11\/calero_temer-600x293.jpg?resize=600%2C293\" alt=\"calero_temer-600x293\" width=\"600\" height=\"293\" class=\"alignnone size-full wp-image-6373\" srcset=\"https:\/\/i0.wp.com\/blogdalucianaoliveira.com.br\/blog\/wp-content\/uploads\/2016\/11\/calero_temer-600x293.jpg?resize=600%2C293 600w, https:\/\/i0.wp.com\/blogdalucianaoliveira.com.br\/blog\/wp-content\/uploads\/2016\/11\/calero_temer-600x293.jpg?resize=300%2C147 300w\" sizes=\"auto, (max-width: 600px) 100vw, 600px\" \/><\/p>\n<p>247 &#8211; O ex-ministro da Cultura Marcelo Calero usou sua p\u00e1gina pessoal no Facebook para negar ter &#8220;agido a servi\u00e7o do PSDB&#8221; quando denunciou o tr\u00e1fico de influ\u00eancia exercido pelo tamb\u00e9m ex-ministro Geddel Vieira Lima (PMDB).<!--more--><\/p>\n<p>A negativa de Calero veio na esteira de diversas postagens feitas por meio das redes sociais que aforar que o antigo partido de Calero seria o maior beneficiado com a desestrutura\u00e7\u00e3o do governo Michel Temer.<\/p>\n<p>&#8220;Infelizmente, sabemos que fazer o certo tem o seu pre\u00e7o. Como disse em recente entrevista, sabia que qualquer coisa fariam ou far\u00e3o para minar minha reputa\u00e7\u00e3o e credibilidade, como se eu \u00e9 que tivesse feito algo de errado. Nossa deteriora\u00e7\u00e3o moral e \u00e9tica chegou a um n\u00edvel tal, que muita gente acha &#8216;imposs\u00edvel&#8217; algu\u00e9m simplesmente fazer o correto e buscam uma &#8216;explica\u00e7\u00e3o&#8217; que n\u00e3o existe. N\u00e3o podemos mais tolerar a esculhamba\u00e7\u00e3o que \u00e9 a pol\u00edtica do nosso Pa\u00eds&#8221;, postou Calero.<\/p>\n","protected":false},"excerpt":{"rendered":"<p>CALERO NEGA TER DENUNCIADO GEDDEL PARA BENEFICIAR PSDB 247 &#8211; O ex-ministro da Cultura Marcelo Calero usou sua p\u00e1gina pessoal no Facebook para negar ter &#8220;agido a servi\u00e7o do PSDB&#8221; quando denunciou o tr\u00e1fico de influ\u00eancia exercido pelo tamb\u00e9m ex-ministro Geddel Vieira Lima (PMDB).<\/p>\n","protected":false},"author":1,"featured_media":0,"comment_status":"closed","ping_status":"open","sticky":false,"template":"","format":"standard","meta":{"_exactmetrics_skip_tracking":false,"_exactmetrics_sitenote_active":false,"_exactmetrics_sitenote_note":"","_exactmetrics_sitenote_category":0,"jetpack_post_was_ever_published":false,"_jetpack_newsletter_access":"","_jetpack_dont_email_post_to_subs":false,"_jetpack_newsletter_tier_id":0,"_jetpack_memberships_contains_paywalled_content":false,"_jetpack_memberships_contains_paid_content":false,"footnotes":"","jetpack_publicize_message":"","jetpack_publicize_feature_enabled":true,"jetpack_social_post_already_shared":true,"jetpack_social_options":{"image_generator_settings":{"template":"highway","enabled":false},"version":2}},"categories":[1],"tags":[],"class_list":["post-6372","post","type-post","status-publish","format-standard","hentry","category-notas"],"jetpack_publicize_connections":[],"jetpack_sharing_enabled":true,"jetpack_featured_media_url":"","jetpack_shortlink":"https:\/\/wp.me\/p7wKYW-1EM","jetpack-related-posts":[],"_links":{"self":[{"href":"http:\/\/blogdalucianaoliveira.com.br\/blog\/wp-json\/wp\/v2\/posts\/6372","targetHints":{"allow":["GET"]}}],"collection":[{"href":"http:\/\/blogdalucianaoliveira.com.br\/blog\/wp-json\/wp\/v2\/posts"}],"about":[{"href":"http:\/\/blogdalucianaoliveira.com.br\/blog\/wp-json\/wp\/v2\/types\/post"}],"author":[{"embeddable":true,"href":"http:\/\/blogdalucianaoliveira.com.br\/blog\/wp-json\/wp\/v2\/users\/1"}],"replies":[{"embeddable":true,"href":"http:\/\/blogdalucianaoliveira.com.br\/blog\/wp-json\/wp\/v2\/comments?post=6372"}],"version-history":[{"count":1,"href":"http:\/\/blogdalucianaoliveira.com.br\/blog\/wp-json\/wp\/v2\/posts\/6372\/revisions"}],"predecessor-version":[{"id":6374,"href":"http:\/\/blogdalucianaoliveira.com.br\/blog\/wp-json\/wp\/v2\/posts\/6372\/revisions\/6374"}],"wp:attachment":[{"href":"http:\/\/blogdalucianaoliveira.com.br\/blog\/wp-json\/wp\/v2\/media?parent=6372"}],"wp:term":[{"taxonomy":"category","embeddable":true,"href":"http:\/\/blogdalucianaoliveira.com.br\/blog\/wp-json\/wp\/v2\/categories?post=6372"},{"taxonomy":"post_tag","embeddable":true,"href":"http:\/\/blogdalucianaoliveira.com.br\/blog\/wp-json\/wp\/v2\/tags?post=6372"}],"curies":[{"name":"wp","href":"https:\/\/api.w.org\/{rel}","templated":true}]}}