{"id":6387,"date":"2016-11-30T09:18:20","date_gmt":"2016-11-30T13:18:20","guid":{"rendered":"http:\/\/blogdalucianaoliveira.com.br\/blog\/?p=6387"},"modified":"2016-11-30T09:18:20","modified_gmt":"2016-11-30T13:18:20","slug":"senado-aprova-pec-dos-gastos-em-1o-turno","status":"publish","type":"post","link":"http:\/\/blogdalucianaoliveira.com.br\/blog\/2016\/11\/30\/senado-aprova-pec-dos-gastos-em-1o-turno\/","title":{"rendered":"SENADO APROVA PEC DOS GASTOS EM 1\u00ba TURNO"},"content":{"rendered":"<p><img data-recalc-dims=\"1\" loading=\"lazy\" decoding=\"async\" data-attachment-id=\"6388\" data-permalink=\"http:\/\/blogdalucianaoliveira.com.br\/blog\/2016\/11\/30\/senado-aprova-pec-dos-gastos-em-1o-turno\/img_8662\/\" data-orig-file=\"https:\/\/i0.wp.com\/blogdalucianaoliveira.com.br\/blog\/wp-content\/uploads\/2016\/11\/IMG_8662.jpg?fit=480%2C240\" data-orig-size=\"480,240\" data-comments-opened=\"0\" data-image-meta=\"{&quot;aperture&quot;:&quot;0&quot;,&quot;credit&quot;:&quot;&quot;,&quot;camera&quot;:&quot;&quot;,&quot;caption&quot;:&quot;&quot;,&quot;created_timestamp&quot;:&quot;0&quot;,&quot;copyright&quot;:&quot;&quot;,&quot;focal_length&quot;:&quot;0&quot;,&quot;iso&quot;:&quot;0&quot;,&quot;shutter_speed&quot;:&quot;0&quot;,&quot;title&quot;:&quot;&quot;,&quot;orientation&quot;:&quot;0&quot;}\" data-image-title=\"img_8662\" data-image-description=\"\" data-image-caption=\"\" data-medium-file=\"https:\/\/i0.wp.com\/blogdalucianaoliveira.com.br\/blog\/wp-content\/uploads\/2016\/11\/IMG_8662.jpg?fit=300%2C150\" data-large-file=\"https:\/\/i0.wp.com\/blogdalucianaoliveira.com.br\/blog\/wp-content\/uploads\/2016\/11\/IMG_8662.jpg?fit=480%2C240\" src=\"https:\/\/i0.wp.com\/blogdalucianaoliveira.com.br\/blog\/wp-content\/uploads\/2016\/11\/IMG_8662.jpg?resize=480%2C240\" alt=\"img_8662\" width=\"480\" height=\"240\" class=\"alignnone size-full wp-image-6388\" srcset=\"https:\/\/i0.wp.com\/blogdalucianaoliveira.com.br\/blog\/wp-content\/uploads\/2016\/11\/IMG_8662.jpg?w=480 480w, https:\/\/i0.wp.com\/blogdalucianaoliveira.com.br\/blog\/wp-content\/uploads\/2016\/11\/IMG_8662.jpg?resize=300%2C150 300w\" sizes=\"auto, (max-width: 480px) 100vw, 480px\" \/><\/p>\n<p>Por Lisandra Paraguassu<\/p>\n<p>BRAS\u00cdLIA (Reuters) &#8211; O Senado aprovou no in\u00edcio da madrugada desta quarta-feira em primeiro turno a Proposta de Emenda \u00e0 Constitui\u00e7\u00e3o (PEC) que limita o crescimento dos gastos p\u00fablicos por 20 anos, com 61 votos a favor do texto-base da proposta e apenas 14 contr\u00e1rios, dentro da margem el\u00e1stica que o governo projetava.<!--more--><\/p>\n<p>Os senadores tamb\u00e9m rejeitaram todos os destaques que poderiam alterar o texto j\u00e1 aprovado pela C\u00e2mara dos Deputados e conclu\u00edram os trabalhos iniciados ainda na ter\u00e7a, dia marcado por protestos contra a medida que levaram a confronto entre manifestantes e a pol\u00edcia e \u00e0 depreda\u00e7\u00e3o de v\u00e1rios pr\u00e9dios na Esplanada dos Minist\u00e9rios, al\u00e9m da vandaliza\u00e7\u00e3o de carros que estavam pr\u00f3ximos ao local.<\/p>\n<p>Considerada crucial pelo governo do presidente Michel Temer para reverter a trajet\u00f3ria de deteriora\u00e7\u00e3o das contas p\u00fablicas, a PEC foi chancelada em dois turnos na C\u00e2mara e precisa passar por tr\u00e2mite semelhante no Senado, com o aval de pelo menos 49 dos 81 senadores.<\/p>\n<p>A vota\u00e7\u00e3o em segundo turno no Senado deve ocorrer entre os dias 12 e 13 de dezembro e a promulga\u00e7\u00e3o, no dia 15, v\u00e9spera do recesso parlamentar.<\/p>\n<p>Apesar da tranquilidade da vit\u00f3ria do governo, o dia foi tenso no Senado, com as violentas manifesta\u00e7\u00f5es do lado de fora do Congresso. J\u00e1 no in\u00edcio da tarde, o presidente da Casa, Renan Calheiros (PMDB-AL), proibiu a entrada de representantes de manifestantes nas galerias do Senado, e foi cobrado pela oposi\u00e7\u00e3o.<\/p>\n<p>No entanto, tr\u00eas manifestantes romperam o cerco, ocuparam a parte reservada \u00e0 imprensa para protestar contra a PEC e foram retirados \u00e0 for\u00e7a pela seguran\u00e7a. O fato foi usado por Renan para justificar a proibi\u00e7\u00e3o.<\/p>\n<p>&#8220;Eu me dirigi ao plen\u00e1rio pensando em abrir as galerias. Mas a Glaucia (Morelli, uma das manifestantes) abriu um precedente terr\u00edvel e tentou influenciar a vota\u00e7\u00e3o, o que n\u00e3o pode acontecer&#8221;, justificou Renan.<\/p>\n<p>Apesar do debate ter se encerrado na \u00faltima quinta-feira, mais de 30 senadores se inscreveram para encaminhar a vota\u00e7\u00e3o &#8211; a grande maioria da oposi\u00e7\u00e3o e contr\u00e1ria \u00e0 PEC.<\/p>\n<p>&#8220;Estamos transformando o Senado no coveiro do futuro do Brasil. Esse \u00e9 um ajuste capenga. \u00c9 um ajuste que se faz apenas em cima dos gastos p\u00fablicos, escolhendo os mais pobres para pagar&#8221;, disse o l\u00edder do PT no Senado, Humberto Costa (PE). <\/p>\n<p>Incomodado com as cr\u00edticas, o l\u00edder do governo no Congresso, Romero Juc\u00e1 (PMDB-RR) pediu a palavra para defender a PEC.<\/p>\n<p>&#8220;Ser\u00e1 que algu\u00e9m acredita que se n\u00e3o limitarmos os gastos vamos ter investimentos no futuro? \u00c9 isso que queremos?&#8221;, disse. &#8220;Estamos analisando uma emenda para 20 anos, mas o processo n\u00e3o \u00e9 imut\u00e1vel. A PEC pode ser revista em 10 anos&#8221;, acrescentou.<\/p>\n<p>CRESCIMENTO LIMITADO \u00c0 INFLA\u00c7\u00c3O<\/p>\n<p>A PEC limita o crescimento dos gastos \u00e0 infla\u00e7\u00e3o do ano anterior. A exce\u00e7\u00e3o \u00e9 2017, quando essa expans\u00e3o ser\u00e1 de no m\u00e1ximo 7,2 por cento para as despesas prim\u00e1rias de cada um dos Poderes, Executivo, Legislativo e Judici\u00e1rio.<\/p>\n<p>As despesas com educa\u00e7\u00e3o e sa\u00fade ter\u00e3o a infla\u00e7\u00e3o como piso m\u00ednimo de crescimento. Para que subam mais, contudo, outras despesas devem aumentar menos, de modo que o limite global obede\u00e7a ao teto.<\/p>\n<p>Para o governo, a PEC \u00e9 fundamental para a estabiliza\u00e7\u00e3o da d\u00edvida bruta, hoje acima de 70 por cento do Produto Interno Bruto (PIB) e segue em trajet\u00f3ria ascendente diante dos sucessivos d\u00e9ficits fiscais.<\/p>\n<p>Os que s\u00e3o contr\u00e1rios \u00e0 proposta defendem que haver\u00e1 compress\u00e3o de gastos importantes, como educa\u00e7\u00e3o e sa\u00fade.<\/p>\n<p>A partir do 10\u00ba ano de vig\u00eancia do tamb\u00e9m chamado Novo Regime Fiscal, o presidente da Rep\u00fablica poder\u00e1 enviar projeto ao Congresso para alterar o \u00edndice de corre\u00e7\u00e3o utilizado para disciplinar as despesas, sendo que ser\u00e1 admitida apenas uma possibilidade de mudan\u00e7a por mandato presidencial. <\/p>\n<p>Apesar de defender a import\u00e2ncia da PEC, o pr\u00f3prio governo reconhece que outras reformas dever\u00e3o vir em seguida para promover o rearranjo das contas p\u00fablicas.<\/p>\n<p>Isso porque, mantidas as regras atuais, os gastos com Previd\u00eancia tendem a subir acima da infla\u00e7\u00e3o. Com a institui\u00e7\u00e3o da PEC, portanto, a tend\u00eancia \u00e9 que as despesas previdenci\u00e1rias pressionem outras \u00e1reas a crescer menos que a infla\u00e7\u00e3o para que, juntas, todas se enquadrem no novo regime.<\/p>\n<p>O governo tem dito que pretende encaminhar em breve ao Congresso Nacional uma proposta de reforma da Previd\u00eancia. <\/p>\n<p>(Reportagem adicional de Marcela Ayres)<\/p>\n","protected":false},"excerpt":{"rendered":"<p>Por Lisandra Paraguassu BRAS\u00cdLIA (Reuters) &#8211; O Senado aprovou no in\u00edcio da madrugada desta quarta-feira em primeiro turno a Proposta de Emenda \u00e0 Constitui\u00e7\u00e3o (PEC) que limita o crescimento dos gastos p\u00fablicos por 20 anos, com 61 votos a favor do texto-base da proposta e apenas 14 contr\u00e1rios, dentro da margem el\u00e1stica que o governo&#8230;<a class=\"more-link\" href=\"http:\/\/blogdalucianaoliveira.com.br\/blog\/2016\/11\/30\/senado-aprova-pec-dos-gastos-em-1o-turno\/\">Continue a leitura <span class=\"meta-nav\">&raquo;<\/span><\/a><\/p>\n","protected":false},"author":1,"featured_media":0,"comment_status":"closed","ping_status":"open","sticky":false,"template":"","format":"standard","meta":{"_exactmetrics_skip_tracking":false,"_exactmetrics_sitenote_active":false,"_exactmetrics_sitenote_note":"","_exactmetrics_sitenote_category":0,"jetpack_post_was_ever_published":false,"_jetpack_newsletter_access":"","_jetpack_dont_email_post_to_subs":false,"_jetpack_newsletter_tier_id":0,"_jetpack_memberships_contains_paywalled_content":false,"_jetpack_memberships_contains_paid_content":false,"footnotes":"","jetpack_publicize_message":"","jetpack_publicize_feature_enabled":true,"jetpack_social_post_already_shared":true,"jetpack_social_options":{"image_generator_settings":{"template":"highway","enabled":false},"version":2}},"categories":[1],"tags":[],"class_list":["post-6387","post","type-post","status-publish","format-standard","hentry","category-notas"],"jetpack_publicize_connections":[],"jetpack_sharing_enabled":true,"jetpack_featured_media_url":"","jetpack_shortlink":"https:\/\/wp.me\/p7wKYW-1F1","jetpack-related-posts":[],"_links":{"self":[{"href":"http:\/\/blogdalucianaoliveira.com.br\/blog\/wp-json\/wp\/v2\/posts\/6387","targetHints":{"allow":["GET"]}}],"collection":[{"href":"http:\/\/blogdalucianaoliveira.com.br\/blog\/wp-json\/wp\/v2\/posts"}],"about":[{"href":"http:\/\/blogdalucianaoliveira.com.br\/blog\/wp-json\/wp\/v2\/types\/post"}],"author":[{"embeddable":true,"href":"http:\/\/blogdalucianaoliveira.com.br\/blog\/wp-json\/wp\/v2\/users\/1"}],"replies":[{"embeddable":true,"href":"http:\/\/blogdalucianaoliveira.com.br\/blog\/wp-json\/wp\/v2\/comments?post=6387"}],"version-history":[{"count":2,"href":"http:\/\/blogdalucianaoliveira.com.br\/blog\/wp-json\/wp\/v2\/posts\/6387\/revisions"}],"predecessor-version":[{"id":6390,"href":"http:\/\/blogdalucianaoliveira.com.br\/blog\/wp-json\/wp\/v2\/posts\/6387\/revisions\/6390"}],"wp:attachment":[{"href":"http:\/\/blogdalucianaoliveira.com.br\/blog\/wp-json\/wp\/v2\/media?parent=6387"}],"wp:term":[{"taxonomy":"category","embeddable":true,"href":"http:\/\/blogdalucianaoliveira.com.br\/blog\/wp-json\/wp\/v2\/categories?post=6387"},{"taxonomy":"post_tag","embeddable":true,"href":"http:\/\/blogdalucianaoliveira.com.br\/blog\/wp-json\/wp\/v2\/tags?post=6387"}],"curies":[{"name":"wp","href":"https:\/\/api.w.org\/{rel}","templated":true}]}}