{"id":6391,"date":"2016-11-30T09:23:58","date_gmt":"2016-11-30T13:23:58","guid":{"rendered":"http:\/\/blogdalucianaoliveira.com.br\/blog\/?p=6391"},"modified":"2016-11-30T09:23:58","modified_gmt":"2016-11-30T13:23:58","slug":"pacote-contra-corrupcao-inclui-punicao-a-juizes-e-mp","status":"publish","type":"post","link":"http:\/\/blogdalucianaoliveira.com.br\/blog\/2016\/11\/30\/pacote-contra-corrupcao-inclui-punicao-a-juizes-e-mp\/","title":{"rendered":"PACOTE CONTRA CORRUP\u00c7\u00c3O INCLUI PUNI\u00c7\u00c3O A JU\u00cdZES E MP"},"content":{"rendered":"<p><img data-recalc-dims=\"1\" loading=\"lazy\" decoding=\"async\" data-attachment-id=\"6392\" data-permalink=\"http:\/\/blogdalucianaoliveira.com.br\/blog\/2016\/11\/30\/pacote-contra-corrupcao-inclui-punicao-a-juizes-e-mp\/img_8663\/\" data-orig-file=\"https:\/\/i0.wp.com\/blogdalucianaoliveira.com.br\/blog\/wp-content\/uploads\/2016\/11\/IMG_8663.jpg?fit=1001%2C357\" data-orig-size=\"1001,357\" data-comments-opened=\"0\" data-image-meta=\"{&quot;aperture&quot;:&quot;0&quot;,&quot;credit&quot;:&quot;&quot;,&quot;camera&quot;:&quot;&quot;,&quot;caption&quot;:&quot;&quot;,&quot;created_timestamp&quot;:&quot;0&quot;,&quot;copyright&quot;:&quot;&quot;,&quot;focal_length&quot;:&quot;0&quot;,&quot;iso&quot;:&quot;0&quot;,&quot;shutter_speed&quot;:&quot;0&quot;,&quot;title&quot;:&quot;&quot;,&quot;orientation&quot;:&quot;0&quot;}\" data-image-title=\"img_8663\" data-image-description=\"\" data-image-caption=\"\" data-medium-file=\"https:\/\/i0.wp.com\/blogdalucianaoliveira.com.br\/blog\/wp-content\/uploads\/2016\/11\/IMG_8663.jpg?fit=300%2C107\" data-large-file=\"https:\/\/i0.wp.com\/blogdalucianaoliveira.com.br\/blog\/wp-content\/uploads\/2016\/11\/IMG_8663.jpg?fit=600%2C214\" src=\"https:\/\/i0.wp.com\/blogdalucianaoliveira.com.br\/blog\/wp-content\/uploads\/2016\/11\/IMG_8663.jpg?resize=600%2C214\" alt=\"img_8663\" width=\"600\" height=\"214\" class=\"alignnone size-full wp-image-6392\" srcset=\"https:\/\/i0.wp.com\/blogdalucianaoliveira.com.br\/blog\/wp-content\/uploads\/2016\/11\/IMG_8663.jpg?w=1001 1001w, https:\/\/i0.wp.com\/blogdalucianaoliveira.com.br\/blog\/wp-content\/uploads\/2016\/11\/IMG_8663.jpg?resize=300%2C107 300w, https:\/\/i0.wp.com\/blogdalucianaoliveira.com.br\/blog\/wp-content\/uploads\/2016\/11\/IMG_8663.jpg?resize=768%2C274 768w, https:\/\/i0.wp.com\/blogdalucianaoliveira.com.br\/blog\/wp-content\/uploads\/2016\/11\/IMG_8663.jpg?resize=800%2C285 800w\" sizes=\"auto, (max-width: 600px) 100vw, 600px\" \/><\/p>\n<p>Bras\u00edlia 247 &#8211; A C\u00e2mara dos Deputados aprovou, por 313 votos a favor e 132 contra, na madrugada desta quarta-feira (30), uma emenda ao pacote anticorrup\u00e7\u00e3o que inclui na lei a possibilidade de ju\u00edzes e de membros do Minist\u00e9rio P\u00fablico serem processados por crimes de abuso de autoridade com base em  v\u00e1rias condutas. Para entrar em vigor, o texto precisa ainda ser aprovado no Senado e sancionado pelo presidente Michel Temer (PMDB).<!--more--><\/p>\n<p>A emenda foi duramente criticada pelo judici\u00e1rio e por investigadores e autoridades ligados \u00e0  Lava Jato, que acusam a iniciativa de tentar restringir a opera\u00e7\u00e3o.<\/p>\n<p>As informa\u00e7\u00f5es s\u00e3o da Folha de S.Paulo.<\/p>\n<p>&#8220;Durante a madrugada, uma fila de deputados que foram ou s\u00e3o alvos de investiga\u00e7\u00e3o se revezaram no microfone defendendo a proposta. &#8220;Quantos de n\u00f3s foram assassinados, vilipendiados, execrados. (&#8230;) N\u00e3o queremos acabar com a Lava Jato, queremos acabar com esse empoderamento absurdo&#8221;, discursou Alberto Fraga (DEM-DF). <\/p>\n<p>Um dos poucos a se manifestar contra, o relator do pacote, Onyx Lorenzoni (DEM-RS) afirmou que os deputados estavam votando contra a opera\u00e7\u00e3o baseada em Curitiba. &#8220;Votei n\u00e3o, n\u00e3o \u00e9 hora de retalia\u00e7\u00e3o&#8221;, discursou Major Ol\u00edmpio (SD-SP).<\/p>\n<p>O pacote de medidas anticorrup\u00e7\u00e3o do Minist\u00e9rio P\u00fablico teve o seu texto-base aprovado na madrugada desta quarta. As emendas estavam sendo analisadas durante a madrugada.<\/p>\n<p>Entre as condutas pass\u00edveis de puni\u00e7\u00e3o pela proposta do PDT est\u00e1 a apresenta\u00e7\u00e3o pelo Minist\u00e9rio P\u00fablico de a\u00e7\u00e3o de improbidade administrativa contra agentes p\u00fablicos &#8220;de maneira temer\u00e1ria&#8221;. A pena seria de seis meses a dois anos de reclus\u00e3o, multa e indeniza\u00e7\u00e3o por danos materiais e morais.&#8221;<\/p>\n","protected":false},"excerpt":{"rendered":"<p>Bras\u00edlia 247 &#8211; A C\u00e2mara dos Deputados aprovou, por 313 votos a favor e 132 contra, na madrugada desta quarta-feira (30), uma emenda ao pacote anticorrup\u00e7\u00e3o que inclui na lei a possibilidade de ju\u00edzes e de membros do Minist\u00e9rio P\u00fablico serem processados por crimes de abuso de autoridade com base em v\u00e1rias condutas. Para entrar&#8230;<a class=\"more-link\" href=\"http:\/\/blogdalucianaoliveira.com.br\/blog\/2016\/11\/30\/pacote-contra-corrupcao-inclui-punicao-a-juizes-e-mp\/\">Continue a leitura <span class=\"meta-nav\">&raquo;<\/span><\/a><\/p>\n","protected":false},"author":1,"featured_media":0,"comment_status":"closed","ping_status":"open","sticky":false,"template":"","format":"standard","meta":{"_exactmetrics_skip_tracking":false,"_exactmetrics_sitenote_active":false,"_exactmetrics_sitenote_note":"","_exactmetrics_sitenote_category":0,"jetpack_post_was_ever_published":false,"_jetpack_newsletter_access":"","_jetpack_dont_email_post_to_subs":false,"_jetpack_newsletter_tier_id":0,"_jetpack_memberships_contains_paywalled_content":false,"_jetpack_memberships_contains_paid_content":false,"footnotes":"","jetpack_publicize_message":"","jetpack_publicize_feature_enabled":true,"jetpack_social_post_already_shared":true,"jetpack_social_options":{"image_generator_settings":{"template":"highway","enabled":false},"version":2}},"categories":[1],"tags":[],"class_list":["post-6391","post","type-post","status-publish","format-standard","hentry","category-notas"],"jetpack_publicize_connections":[],"jetpack_sharing_enabled":true,"jetpack_featured_media_url":"","jetpack_shortlink":"https:\/\/wp.me\/p7wKYW-1F5","jetpack-related-posts":[],"_links":{"self":[{"href":"http:\/\/blogdalucianaoliveira.com.br\/blog\/wp-json\/wp\/v2\/posts\/6391","targetHints":{"allow":["GET"]}}],"collection":[{"href":"http:\/\/blogdalucianaoliveira.com.br\/blog\/wp-json\/wp\/v2\/posts"}],"about":[{"href":"http:\/\/blogdalucianaoliveira.com.br\/blog\/wp-json\/wp\/v2\/types\/post"}],"author":[{"embeddable":true,"href":"http:\/\/blogdalucianaoliveira.com.br\/blog\/wp-json\/wp\/v2\/users\/1"}],"replies":[{"embeddable":true,"href":"http:\/\/blogdalucianaoliveira.com.br\/blog\/wp-json\/wp\/v2\/comments?post=6391"}],"version-history":[{"count":1,"href":"http:\/\/blogdalucianaoliveira.com.br\/blog\/wp-json\/wp\/v2\/posts\/6391\/revisions"}],"predecessor-version":[{"id":6393,"href":"http:\/\/blogdalucianaoliveira.com.br\/blog\/wp-json\/wp\/v2\/posts\/6391\/revisions\/6393"}],"wp:attachment":[{"href":"http:\/\/blogdalucianaoliveira.com.br\/blog\/wp-json\/wp\/v2\/media?parent=6391"}],"wp:term":[{"taxonomy":"category","embeddable":true,"href":"http:\/\/blogdalucianaoliveira.com.br\/blog\/wp-json\/wp\/v2\/categories?post=6391"},{"taxonomy":"post_tag","embeddable":true,"href":"http:\/\/blogdalucianaoliveira.com.br\/blog\/wp-json\/wp\/v2\/tags?post=6391"}],"curies":[{"name":"wp","href":"https:\/\/api.w.org\/{rel}","templated":true}]}}