{"id":6394,"date":"2016-11-30T12:08:16","date_gmt":"2016-11-30T16:08:16","guid":{"rendered":"http:\/\/blogdalucianaoliveira.com.br\/blog\/?p=6394"},"modified":"2016-11-30T12:09:42","modified_gmt":"2016-11-30T16:09:42","slug":"carmen-lucia-encara-o-congresso-e-diz-que-nao-se-pode-calar-a-justica","status":"publish","type":"post","link":"http:\/\/blogdalucianaoliveira.com.br\/blog\/2016\/11\/30\/carmen-lucia-encara-o-congresso-e-diz-que-nao-se-pode-calar-a-justica\/","title":{"rendered":"C\u00c1RMEN L\u00daCIA ENCARA O CONGRESSO E DIZ QUE N\u00c3O SE PODE CALAR A JUSTI\u00c7A"},"content":{"rendered":"<p><img data-recalc-dims=\"1\" loading=\"lazy\" decoding=\"async\" data-attachment-id=\"6395\" data-permalink=\"http:\/\/blogdalucianaoliveira.com.br\/blog\/2016\/11\/30\/carmen-lucia-encara-o-congresso-e-diz-que-nao-se-pode-calar-a-justica\/carmem-3\/\" data-orig-file=\"https:\/\/i0.wp.com\/blogdalucianaoliveira.com.br\/blog\/wp-content\/uploads\/2016\/11\/carmem.jpg?fit=1000%2C357\" data-orig-size=\"1000,357\" data-comments-opened=\"0\" data-image-meta=\"{&quot;aperture&quot;:&quot;0&quot;,&quot;credit&quot;:&quot;&quot;,&quot;camera&quot;:&quot;&quot;,&quot;caption&quot;:&quot;&quot;,&quot;created_timestamp&quot;:&quot;0&quot;,&quot;copyright&quot;:&quot;&quot;,&quot;focal_length&quot;:&quot;0&quot;,&quot;iso&quot;:&quot;0&quot;,&quot;shutter_speed&quot;:&quot;0&quot;,&quot;title&quot;:&quot;&quot;,&quot;orientation&quot;:&quot;0&quot;}\" data-image-title=\"carmem\" data-image-description=\"\" data-image-caption=\"\" data-medium-file=\"https:\/\/i0.wp.com\/blogdalucianaoliveira.com.br\/blog\/wp-content\/uploads\/2016\/11\/carmem.jpg?fit=300%2C107\" data-large-file=\"https:\/\/i0.wp.com\/blogdalucianaoliveira.com.br\/blog\/wp-content\/uploads\/2016\/11\/carmem.jpg?fit=600%2C214\" src=\"https:\/\/i0.wp.com\/blogdalucianaoliveira.com.br\/blog\/wp-content\/uploads\/2016\/11\/carmem.jpg?resize=600%2C214\" alt=\"carmem\" width=\"600\" height=\"214\" class=\"alignnone size-full wp-image-6395\" srcset=\"https:\/\/i0.wp.com\/blogdalucianaoliveira.com.br\/blog\/wp-content\/uploads\/2016\/11\/carmem.jpg?w=1000 1000w, https:\/\/i0.wp.com\/blogdalucianaoliveira.com.br\/blog\/wp-content\/uploads\/2016\/11\/carmem.jpg?resize=300%2C107 300w, https:\/\/i0.wp.com\/blogdalucianaoliveira.com.br\/blog\/wp-content\/uploads\/2016\/11\/carmem.jpg?resize=768%2C274 768w, https:\/\/i0.wp.com\/blogdalucianaoliveira.com.br\/blog\/wp-content\/uploads\/2016\/11\/carmem.jpg?resize=800%2C286 800w\" sizes=\"auto, (max-width: 600px) 100vw, 600px\" \/><\/p>\n<p>247 \u2013 A presidente do Supremo Tribunal Federal, ministra C\u00e1rmen L\u00facia, criticou, em nota, a decis\u00e3o do Congresso Nacional, que, na noite de ontem, retalhou a proposta das &#8220;10 medidas contra a corrup\u00e7\u00e3o&#8221; e incluiu no pacote a puni\u00e7\u00e3o a ju\u00edzes e procuradores por abuso de autoridade.<!--more--><\/p>\n<p>Leia, abaixo, sua nota:<\/p>\n<p>A presidente do Supremo Tribunal Federal (STF) e do Conselho Nacional de Justi\u00e7a (CNJ), ministra C\u00e1rmen L\u00facia, reafirma o seu integral respeito ao princ\u00edpio da separa\u00e7\u00e3o de poderes. Mas n\u00e3o pode deixar de lamentar que, em oportunidade de avan\u00e7o legislativo para a defesa da \u00e9tica p\u00fablica, inclua-se, em proposta legislativa de iniciativa popular, texto que pode contrariar a independ\u00eancia do Poder Judici\u00e1rio.<\/p>\n<p>Hoje, os ju\u00edzes respondem pelos seus atos, na forma do estatuto constitucional da magistratura.<\/p>\n<p>A democracia depende de poderes fortes e independentes. O Judici\u00e1rio \u00e9, por imposi\u00e7\u00e3o constitucional, guarda da Constitui\u00e7\u00e3o e garantidor da democracia. O Judici\u00e1rio brasileiro vem cumprindo o seu papel. J\u00e1 se cassaram magistrados em tempos mais tristes. Pode-se tentar calar o juiz, mas nunca se conseguiu, nem se conseguir\u00e1, calar a Justi\u00e7a.<\/p>\n<p>http:\/\/content.jwplatform.com\/previews\/frBGAjks-DuilVqSN<\/p>\n","protected":false},"excerpt":{"rendered":"<p>247 \u2013 A presidente do Supremo Tribunal Federal, ministra C\u00e1rmen L\u00facia, criticou, em nota, a decis\u00e3o do Congresso Nacional, que, na noite de ontem, retalhou a proposta das &#8220;10 medidas contra a corrup\u00e7\u00e3o&#8221; e incluiu no pacote a puni\u00e7\u00e3o a ju\u00edzes e procuradores por abuso de autoridade.<\/p>\n","protected":false},"author":1,"featured_media":0,"comment_status":"closed","ping_status":"open","sticky":false,"template":"","format":"standard","meta":{"_exactmetrics_skip_tracking":false,"_exactmetrics_sitenote_active":false,"_exactmetrics_sitenote_note":"","_exactmetrics_sitenote_category":0,"jetpack_post_was_ever_published":false,"_jetpack_newsletter_access":"","_jetpack_dont_email_post_to_subs":false,"_jetpack_newsletter_tier_id":0,"_jetpack_memberships_contains_paywalled_content":false,"_jetpack_memberships_contains_paid_content":false,"footnotes":"","jetpack_publicize_message":"","jetpack_publicize_feature_enabled":true,"jetpack_social_post_already_shared":true,"jetpack_social_options":{"image_generator_settings":{"template":"highway","enabled":false},"version":2}},"categories":[1],"tags":[],"class_list":["post-6394","post","type-post","status-publish","format-standard","hentry","category-notas"],"jetpack_publicize_connections":[],"jetpack_sharing_enabled":true,"jetpack_featured_media_url":"","jetpack_shortlink":"https:\/\/wp.me\/p7wKYW-1F8","jetpack-related-posts":[],"_links":{"self":[{"href":"http:\/\/blogdalucianaoliveira.com.br\/blog\/wp-json\/wp\/v2\/posts\/6394","targetHints":{"allow":["GET"]}}],"collection":[{"href":"http:\/\/blogdalucianaoliveira.com.br\/blog\/wp-json\/wp\/v2\/posts"}],"about":[{"href":"http:\/\/blogdalucianaoliveira.com.br\/blog\/wp-json\/wp\/v2\/types\/post"}],"author":[{"embeddable":true,"href":"http:\/\/blogdalucianaoliveira.com.br\/blog\/wp-json\/wp\/v2\/users\/1"}],"replies":[{"embeddable":true,"href":"http:\/\/blogdalucianaoliveira.com.br\/blog\/wp-json\/wp\/v2\/comments?post=6394"}],"version-history":[{"count":2,"href":"http:\/\/blogdalucianaoliveira.com.br\/blog\/wp-json\/wp\/v2\/posts\/6394\/revisions"}],"predecessor-version":[{"id":6397,"href":"http:\/\/blogdalucianaoliveira.com.br\/blog\/wp-json\/wp\/v2\/posts\/6394\/revisions\/6397"}],"wp:attachment":[{"href":"http:\/\/blogdalucianaoliveira.com.br\/blog\/wp-json\/wp\/v2\/media?parent=6394"}],"wp:term":[{"taxonomy":"category","embeddable":true,"href":"http:\/\/blogdalucianaoliveira.com.br\/blog\/wp-json\/wp\/v2\/categories?post=6394"},{"taxonomy":"post_tag","embeddable":true,"href":"http:\/\/blogdalucianaoliveira.com.br\/blog\/wp-json\/wp\/v2\/tags?post=6394"}],"curies":[{"name":"wp","href":"https:\/\/api.w.org\/{rel}","templated":true}]}}