{"id":6402,"date":"2016-11-30T12:28:20","date_gmt":"2016-11-30T16:28:20","guid":{"rendered":"http:\/\/blogdalucianaoliveira.com.br\/blog\/?p=6402"},"modified":"2016-11-30T12:28:20","modified_gmt":"2016-11-30T16:28:20","slug":"matar-a-pec-55-antes-que-ela-nos-mate","status":"publish","type":"post","link":"http:\/\/blogdalucianaoliveira.com.br\/blog\/2016\/11\/30\/matar-a-pec-55-antes-que-ela-nos-mate\/","title":{"rendered":"Matar a PEC 55, antes que ela nos mate"},"content":{"rendered":"<p><img data-recalc-dims=\"1\" loading=\"lazy\" decoding=\"async\" data-attachment-id=\"6403\" data-permalink=\"http:\/\/blogdalucianaoliveira.com.br\/blog\/2016\/11\/30\/matar-a-pec-55-antes-que-ela-nos-mate\/nao\/\" data-orig-file=\"https:\/\/i0.wp.com\/blogdalucianaoliveira.com.br\/blog\/wp-content\/uploads\/2016\/11\/nao.jpg?fit=740%2C414\" data-orig-size=\"740,414\" data-comments-opened=\"0\" data-image-meta=\"{&quot;aperture&quot;:&quot;0&quot;,&quot;credit&quot;:&quot;&quot;,&quot;camera&quot;:&quot;&quot;,&quot;caption&quot;:&quot;&quot;,&quot;created_timestamp&quot;:&quot;0&quot;,&quot;copyright&quot;:&quot;&quot;,&quot;focal_length&quot;:&quot;0&quot;,&quot;iso&quot;:&quot;0&quot;,&quot;shutter_speed&quot;:&quot;0&quot;,&quot;title&quot;:&quot;&quot;,&quot;orientation&quot;:&quot;0&quot;}\" data-image-title=\"nao\" data-image-description=\"\" data-image-caption=\"\" data-medium-file=\"https:\/\/i0.wp.com\/blogdalucianaoliveira.com.br\/blog\/wp-content\/uploads\/2016\/11\/nao.jpg?fit=300%2C168\" data-large-file=\"https:\/\/i0.wp.com\/blogdalucianaoliveira.com.br\/blog\/wp-content\/uploads\/2016\/11\/nao.jpg?fit=600%2C336\" src=\"https:\/\/i0.wp.com\/blogdalucianaoliveira.com.br\/blog\/wp-content\/uploads\/2016\/11\/nao.jpg?resize=600%2C336\" alt=\"nao\" width=\"600\" height=\"336\" class=\"alignnone size-full wp-image-6403\" srcset=\"https:\/\/i0.wp.com\/blogdalucianaoliveira.com.br\/blog\/wp-content\/uploads\/2016\/11\/nao.jpg?w=740 740w, https:\/\/i0.wp.com\/blogdalucianaoliveira.com.br\/blog\/wp-content\/uploads\/2016\/11\/nao.jpg?resize=300%2C168 300w, https:\/\/i0.wp.com\/blogdalucianaoliveira.com.br\/blog\/wp-content\/uploads\/2016\/11\/nao.jpg?resize=536%2C300 536w\" sizes=\"auto, (max-width: 600px) 100vw, 600px\" \/><\/p>\n<p>Por Maria Izabel Azevedo Noronha, enviado ao Cafezinho<\/p>\n<p>O mundo chora por Fidel. Choramos todos a perda dos jogadores chapecoenses, v\u00edtimas da queda de um avi\u00e3o em solo colombiano. Junto com estes jogadores, choramos a perda de rep\u00f3rteres, cinegrafistas, a tripula\u00e7\u00e3o deste voo. Triste epis\u00f3dio.<!--more--><\/p>\n<p>Contudo, choraremos a nossa derrota e do povo brasileiro com aprova\u00e7\u00e3o da PEC 55, a PEC da morte. A morte de crian\u00e7as, jovens, idosos. A educa\u00e7\u00e3o reduzida a migalhas. A vida das pessoas comprometida por falta de emprego e, por conseguinte, falta de perspectivas.<\/p>\n<p>Para onde vamos? Que rumo tomar? Apesar da aparente incerteza de tudo, n\u00e3o podemos recuar. Estamos diante de um governo opressor, ileg\u00edtimo. Prego sem nenhum medo de ser acusada de irrespons\u00e1vel, a desobedi\u00eancia civil, que nada tem de ilegal ou de inconsequente.<\/p>\n<p>Desobedi\u00eancia Civil (em ingl\u00eas, civil disobedience) \u00e9 o t\u00edtulo um ensaio escrito por Henry David Thoreau em 1849. Ela se define como uma forma de protesto pol\u00edtico, feito pacificamente, que se op\u00f5e a alguma ordem que possui um comportamento de injusti\u00e7a ou contra um governo visto como opressor pelos desobedientes. Conceito formulado originalmente por Thoreau, foi aplicado com sucesso por Mahatma Gandhi no processo de independ\u00eancia da \u00cdndia e do Paquist\u00e3o e por Martin Luther King na luta pelos direitos civis e pelo fim da segrega\u00e7\u00e3o racial nos Estados Unidos. Na eventualidade de um governo vigente n\u00e3o satisfazer as exig\u00eancias de sua popula\u00e7\u00e3o, esta tem o direito de desobedec\u00ea-lo.<\/p>\n<p>Devemos refletir sobre isto. De certa forma, n\u00f3s professores \u2013 e os trabalhadores e movimentos sociais de uma forma geral &#8211; j\u00e1 praticamos a desobedi\u00eancia civil. Organizamos greves, lutas. Quantos atos desses n\u00e3o fizemos ao longo das \u00faltimas d\u00e9cadas? Assistimos e participamos de acampamentos, ocupa\u00e7\u00f5es de escolas, ocupa\u00e7\u00e3o e manifesta\u00e7\u00f5es na Assembleia Legislativa. Claro, tudo de forma organizada e coletiva.<\/p>\n<p>Quero dizer neste momento que temos que enfrentar os impactos desta PEC em nossas vidas, e nas vidas dos trabalhadores em geral. Antes que a PEC nos mate, n\u00f3s a mataremos nas ruas, nas escolas, nas f\u00e1bricas e em todos os espa\u00e7os onde possamos denunci\u00e1-la, ampliar a mobiliza\u00e7\u00e3o e lutar contra ela.<\/p>\n<p>Esta lei, apesar de tudo, tem uma vantagem: ela nos unir\u00e1. O Brasil vai ser paralisado. Haver\u00e1 congelamento dos investimentos nos servi\u00e7os p\u00fablicos e nos nossos sal\u00e1rios, mas a cesta b\u00e1sica n\u00e3o. Por isso, ela \u00e9 a PEC da morte.<\/p>\n<p>Avante! A luta ser\u00e1 intensa!!!<\/p>\n<p>Maria Izabel Azevedo Noronha<br \/>\nPresidenta da APEOESP<\/p>\n","protected":false},"excerpt":{"rendered":"<p>Por Maria Izabel Azevedo Noronha, enviado ao Cafezinho O mundo chora por Fidel. Choramos todos a perda dos jogadores chapecoenses, v\u00edtimas da queda de um avi\u00e3o em solo colombiano. Junto com estes jogadores, choramos a perda de rep\u00f3rteres, cinegrafistas, a tripula\u00e7\u00e3o deste voo. Triste epis\u00f3dio.<\/p>\n","protected":false},"author":1,"featured_media":0,"comment_status":"closed","ping_status":"open","sticky":false,"template":"","format":"standard","meta":{"_exactmetrics_skip_tracking":false,"_exactmetrics_sitenote_active":false,"_exactmetrics_sitenote_note":"","_exactmetrics_sitenote_category":0,"jetpack_post_was_ever_published":false,"_jetpack_newsletter_access":"","_jetpack_dont_email_post_to_subs":false,"_jetpack_newsletter_tier_id":0,"_jetpack_memberships_contains_paywalled_content":false,"_jetpack_memberships_contains_paid_content":false,"footnotes":"","jetpack_publicize_message":"","jetpack_publicize_feature_enabled":true,"jetpack_social_post_already_shared":true,"jetpack_social_options":{"image_generator_settings":{"template":"highway","enabled":false},"version":2}},"categories":[1],"tags":[],"class_list":["post-6402","post","type-post","status-publish","format-standard","hentry","category-notas"],"jetpack_publicize_connections":[],"jetpack_sharing_enabled":true,"jetpack_featured_media_url":"","jetpack_shortlink":"https:\/\/wp.me\/p7wKYW-1Fg","jetpack-related-posts":[],"_links":{"self":[{"href":"http:\/\/blogdalucianaoliveira.com.br\/blog\/wp-json\/wp\/v2\/posts\/6402","targetHints":{"allow":["GET"]}}],"collection":[{"href":"http:\/\/blogdalucianaoliveira.com.br\/blog\/wp-json\/wp\/v2\/posts"}],"about":[{"href":"http:\/\/blogdalucianaoliveira.com.br\/blog\/wp-json\/wp\/v2\/types\/post"}],"author":[{"embeddable":true,"href":"http:\/\/blogdalucianaoliveira.com.br\/blog\/wp-json\/wp\/v2\/users\/1"}],"replies":[{"embeddable":true,"href":"http:\/\/blogdalucianaoliveira.com.br\/blog\/wp-json\/wp\/v2\/comments?post=6402"}],"version-history":[{"count":1,"href":"http:\/\/blogdalucianaoliveira.com.br\/blog\/wp-json\/wp\/v2\/posts\/6402\/revisions"}],"predecessor-version":[{"id":6404,"href":"http:\/\/blogdalucianaoliveira.com.br\/blog\/wp-json\/wp\/v2\/posts\/6402\/revisions\/6404"}],"wp:attachment":[{"href":"http:\/\/blogdalucianaoliveira.com.br\/blog\/wp-json\/wp\/v2\/media?parent=6402"}],"wp:term":[{"taxonomy":"category","embeddable":true,"href":"http:\/\/blogdalucianaoliveira.com.br\/blog\/wp-json\/wp\/v2\/categories?post=6402"},{"taxonomy":"post_tag","embeddable":true,"href":"http:\/\/blogdalucianaoliveira.com.br\/blog\/wp-json\/wp\/v2\/tags?post=6402"}],"curies":[{"name":"wp","href":"https:\/\/api.w.org\/{rel}","templated":true}]}}