{"id":6416,"date":"2016-11-30T17:45:28","date_gmt":"2016-11-30T21:45:28","guid":{"rendered":"http:\/\/blogdalucianaoliveira.com.br\/blog\/?p=6416"},"modified":"2016-11-30T17:50:50","modified_gmt":"2016-11-30T21:50:50","slug":"a-revolucao-dos-juizes-e-membros-do-mp","status":"publish","type":"post","link":"http:\/\/blogdalucianaoliveira.com.br\/blog\/2016\/11\/30\/a-revolucao-dos-juizes-e-membros-do-mp\/","title":{"rendered":"A REVOLU\u00c7\u00c3O DOS JU\u00cdZES E MEMBROS DO MP"},"content":{"rendered":"<p><img data-recalc-dims=\"1\" loading=\"lazy\" decoding=\"async\" data-attachment-id=\"6417\" data-permalink=\"http:\/\/blogdalucianaoliveira.com.br\/blog\/2016\/11\/30\/a-revolucao-dos-juizes-e-membros-do-mp\/procuradores_lava_jato\/\" data-orig-file=\"https:\/\/i0.wp.com\/blogdalucianaoliveira.com.br\/blog\/wp-content\/uploads\/2016\/11\/procuradores_lava_jato.jpg?fit=1600%2C927\" data-orig-size=\"1600,927\" data-comments-opened=\"0\" data-image-meta=\"{&quot;aperture&quot;:&quot;0&quot;,&quot;credit&quot;:&quot;&quot;,&quot;camera&quot;:&quot;&quot;,&quot;caption&quot;:&quot;&quot;,&quot;created_timestamp&quot;:&quot;0&quot;,&quot;copyright&quot;:&quot;&quot;,&quot;focal_length&quot;:&quot;0&quot;,&quot;iso&quot;:&quot;0&quot;,&quot;shutter_speed&quot;:&quot;0&quot;,&quot;title&quot;:&quot;&quot;,&quot;orientation&quot;:&quot;1&quot;}\" data-image-title=\"procuradores_lava_jato\" data-image-description=\"\" data-image-caption=\"\" data-medium-file=\"https:\/\/i0.wp.com\/blogdalucianaoliveira.com.br\/blog\/wp-content\/uploads\/2016\/11\/procuradores_lava_jato.jpg?fit=300%2C174\" data-large-file=\"https:\/\/i0.wp.com\/blogdalucianaoliveira.com.br\/blog\/wp-content\/uploads\/2016\/11\/procuradores_lava_jato.jpg?fit=600%2C348\" src=\"https:\/\/i0.wp.com\/blogdalucianaoliveira.com.br\/blog\/wp-content\/uploads\/2016\/11\/procuradores_lava_jato.jpg?resize=600%2C348\" alt=\"procuradores_lava_jato\" width=\"600\" height=\"348\" class=\"alignnone size-full wp-image-6417\" srcset=\"https:\/\/i0.wp.com\/blogdalucianaoliveira.com.br\/blog\/wp-content\/uploads\/2016\/11\/procuradores_lava_jato.jpg?w=1600 1600w, https:\/\/i0.wp.com\/blogdalucianaoliveira.com.br\/blog\/wp-content\/uploads\/2016\/11\/procuradores_lava_jato.jpg?resize=300%2C174 300w, https:\/\/i0.wp.com\/blogdalucianaoliveira.com.br\/blog\/wp-content\/uploads\/2016\/11\/procuradores_lava_jato.jpg?resize=768%2C445 768w, https:\/\/i0.wp.com\/blogdalucianaoliveira.com.br\/blog\/wp-content\/uploads\/2016\/11\/procuradores_lava_jato.jpg?resize=518%2C300 518w, https:\/\/i0.wp.com\/blogdalucianaoliveira.com.br\/blog\/wp-content\/uploads\/2016\/11\/procuradores_lava_jato.jpg?w=1200 1200w\" sizes=\"auto, (max-width: 600px) 100vw, 600px\" \/><\/p>\n<p>No in\u00edcio deste ano, quando a Comiss\u00e3o Especial da C\u00e2mara analisava o relat\u00f3rio que autorizaria o processo de Impeachment da presidenta Dilma Rousseff, havia uma disputa de holofotes que seduziu ju\u00edzes e membros do Minist\u00e9rio P\u00fablico.<!--more--><\/p>\n<p>Muitos viraram ativistas para defender a atua\u00e7\u00e3o do juiz S\u00e9rgio Moro, que vinha sofrendo duras cr\u00edticas por ter exorbitado de suas fun\u00e7\u00f5es ao quebrar o sigilo da ent\u00e3o presidenta em conversas telef\u00f4nicas.<\/p>\n<p>Em v\u00e1rias cidades houve atos p\u00fablicos e at\u00e9 outdoors foram espalhados nas ruas com o rosto de magistrados e o chamamento de apoio ao juiz e \u00e0 for\u00e7a-tarefa da Opera\u00e7\u00e3o Lava Jato.<\/p>\n<p>A Associa\u00e7\u00e3o dos Ju\u00edzes Federais (Ajufe) divulgou em nota que \u201cas decis\u00f5es do magistrado foram todas fundamentadas e embasadas na lei.<br \/>\nN\u00e3o duvido que, fora o corporativismo desde sempre, muitos ativistas tenham acreditado realmente estar contribuindo com um esfor\u00e7o conjunto contra a corrup\u00e7\u00e3o e pelo fortalecimento da for\u00e7a-tarefa.<\/p>\n<p>Como no cl\u00e1ssico de George Orwell, A Revolu\u00e7\u00e3o dos Bichos, em que o fazendeiro levou a culpa pelo que vinha causando desgra\u00e7as \u00e0 granja, magistrados personalizaram em Dilma as amea\u00e7as \u00e0 Lava Jato.<\/p>\n<p>Quem tirou o fazendeiro e seus auxiliares do caminho foram os porcos.<br \/>\nTal como ocorre, os supostos salvadores da Rep\u00fablica, que tamb\u00e9m utilizaram a Opera\u00e7\u00e3o para faturar politicamente e concretizar o golpe, impuseram um estado de coisas muito pior. <\/p>\n<p>Os que expulsaram Dilma, colocaram em xeque o perseguido fortalecimento do judici\u00e1rio.<\/p>\n<p>Enquanto a casta de maior status do servi\u00e7o p\u00fablico dormia, deputados aprovaram a emenda ao Pacote de Medidas Contra a Corrup\u00e7\u00e3o que prev\u00ea puni\u00e7\u00e3o por abuso de autoridade a ju\u00edzes e membros do Minist\u00e9rio P\u00fablico.<\/p>\n<p>Como na obra de Orwell, descobriram que o inimigo ao lado pode representar um perigo maior e agora, assistem embasbacados \u00e0 tentativa de intimida\u00e7\u00e3o de parlamentares investigados. <\/p>\n<p>\u00c9 certo que precisam de freio, mas n\u00e3o sob o car\u00e1ter da retalia\u00e7\u00e3o.<br \/>\nTalvez agora compreendam o que Dilma quis dizer com ter garantido realmente autonomia para investigar. <\/p>\n<p>Na fic\u00e7\u00e3o o duelo bicho pelo bicho terminou pacificado s\u00f3 quando animais de quatro patas passaram a andar sobre duas, com forma de restabelecer a igualdade e a justi\u00e7a. <\/p>\n<p>Afinal, o maior inimigo n\u00e3o era o fazendeiro.<\/p>\n<p>Na realidade, a confus\u00e3o est\u00e1 apenas come\u00e7ando.<\/p>\n<p>Os procuradores que atuam na Opera\u00e7\u00e3o Lava Jato amea\u00e7am renunciar coletivamente caso a proposta &#8211; sobre o abuso de autoridade &#8211; seja sancionada por Michel Temer.<\/p>\n<p>A ministra do Supremo Tribunal Federal, C\u00e1rmen L\u00facia, criticou nesta ter\u00e7a-feira (29) o que chama de tentativa de &#8220;criminalizar o agir do juiz brasileiro&#8221; e alertou que toda ditadura &#8220;come\u00e7a rasgando a Constitui\u00e7\u00e3o&#8221;. <\/p>\n<p>Causa espanto que s\u00f3 agora a ministra vislumbre afronta \u00e0 Constitui\u00e7\u00e3o.<\/p>\n<p>&#8220;As vacas mugiam a can\u00e7\u00e3o, os cachorros latiam-na, as ovelhas baliam-na, os cavalos relinchavam-na, os patos grasnavam-na. Foi tal o enlevo, que cantaram cinco vezes corridas, de ponta a ponta, e teriam cantado a noite toda se n\u00e3o fossem interrompidos.&#8221; <\/p>\n<p>Em muitas ocasi\u00f5es ignoraram garantias constitucionais, mas foi h\u00e1 pouco, foi ontem, com a repress\u00e3o violenta ao protesto de estudantes contra a prova\u00e7\u00e3o da PEC 055, em Bras\u00edlia.<\/p>\n<p>A ministra n\u00e3o viu, nem os ju\u00edzes e membros do Minist\u00e9rio P\u00fablico, que de gr\u00e3o em gr\u00e3o, as galinhas encheram o papo se juntaram as raposas e o resultado \u00e9 esse grotesco cen\u00e1rio de poderes em confus\u00e3o e guerra. <\/p>\n","protected":false},"excerpt":{"rendered":"<p>No in\u00edcio deste ano, quando a Comiss\u00e3o Especial da C\u00e2mara analisava o relat\u00f3rio que autorizaria o processo de Impeachment da presidenta Dilma Rousseff, havia uma disputa de holofotes que seduziu ju\u00edzes e membros do Minist\u00e9rio P\u00fablico.<\/p>\n","protected":false},"author":1,"featured_media":0,"comment_status":"closed","ping_status":"open","sticky":false,"template":"","format":"standard","meta":{"_exactmetrics_skip_tracking":false,"_exactmetrics_sitenote_active":false,"_exactmetrics_sitenote_note":"","_exactmetrics_sitenote_category":0,"jetpack_post_was_ever_published":false,"_jetpack_newsletter_access":"","_jetpack_dont_email_post_to_subs":false,"_jetpack_newsletter_tier_id":0,"_jetpack_memberships_contains_paywalled_content":false,"_jetpack_memberships_contains_paid_content":false,"footnotes":"","jetpack_publicize_message":"","jetpack_publicize_feature_enabled":true,"jetpack_social_post_already_shared":true,"jetpack_social_options":{"image_generator_settings":{"template":"highway","enabled":false},"version":2}},"categories":[1],"tags":[],"class_list":["post-6416","post","type-post","status-publish","format-standard","hentry","category-notas"],"jetpack_publicize_connections":[],"jetpack_sharing_enabled":true,"jetpack_featured_media_url":"","jetpack_shortlink":"https:\/\/wp.me\/p7wKYW-1Fu","jetpack-related-posts":[],"_links":{"self":[{"href":"http:\/\/blogdalucianaoliveira.com.br\/blog\/wp-json\/wp\/v2\/posts\/6416","targetHints":{"allow":["GET"]}}],"collection":[{"href":"http:\/\/blogdalucianaoliveira.com.br\/blog\/wp-json\/wp\/v2\/posts"}],"about":[{"href":"http:\/\/blogdalucianaoliveira.com.br\/blog\/wp-json\/wp\/v2\/types\/post"}],"author":[{"embeddable":true,"href":"http:\/\/blogdalucianaoliveira.com.br\/blog\/wp-json\/wp\/v2\/users\/1"}],"replies":[{"embeddable":true,"href":"http:\/\/blogdalucianaoliveira.com.br\/blog\/wp-json\/wp\/v2\/comments?post=6416"}],"version-history":[{"count":3,"href":"http:\/\/blogdalucianaoliveira.com.br\/blog\/wp-json\/wp\/v2\/posts\/6416\/revisions"}],"predecessor-version":[{"id":6420,"href":"http:\/\/blogdalucianaoliveira.com.br\/blog\/wp-json\/wp\/v2\/posts\/6416\/revisions\/6420"}],"wp:attachment":[{"href":"http:\/\/blogdalucianaoliveira.com.br\/blog\/wp-json\/wp\/v2\/media?parent=6416"}],"wp:term":[{"taxonomy":"category","embeddable":true,"href":"http:\/\/blogdalucianaoliveira.com.br\/blog\/wp-json\/wp\/v2\/categories?post=6416"},{"taxonomy":"post_tag","embeddable":true,"href":"http:\/\/blogdalucianaoliveira.com.br\/blog\/wp-json\/wp\/v2\/tags?post=6416"}],"curies":[{"name":"wp","href":"https:\/\/api.w.org\/{rel}","templated":true}]}}