{"id":6587,"date":"2016-12-05T18:28:58","date_gmt":"2016-12-05T22:28:58","guid":{"rendered":"http:\/\/blogdalucianaoliveira.com.br\/blog\/?p=6587"},"modified":"2016-12-05T18:29:47","modified_gmt":"2016-12-05T22:29:47","slug":"cai-mais-um-golpista","status":"publish","type":"post","link":"http:\/\/blogdalucianaoliveira.com.br\/blog\/2016\/12\/05\/cai-mais-um-golpista\/","title":{"rendered":"CAI MAIS UM GOLPISTA"},"content":{"rendered":"<p><img data-recalc-dims=\"1\" loading=\"lazy\" decoding=\"async\" data-attachment-id=\"6588\" data-permalink=\"http:\/\/blogdalucianaoliveira.com.br\/blog\/2016\/12\/05\/cai-mais-um-golpista\/fdp\/\" data-orig-file=\"https:\/\/i0.wp.com\/blogdalucianaoliveira.com.br\/blog\/wp-content\/uploads\/2016\/12\/FDP.jpg?fit=1200%2C900\" data-orig-size=\"1200,900\" data-comments-opened=\"0\" data-image-meta=\"{&quot;aperture&quot;:&quot;4.5&quot;,&quot;credit&quot;:&quot;&quot;,&quot;camera&quot;:&quot;Canon EOS-1D X&quot;,&quot;caption&quot;:&quot;&quot;,&quot;created_timestamp&quot;:&quot;1418683858&quot;,&quot;copyright&quot;:&quot;&quot;,&quot;focal_length&quot;:&quot;35&quot;,&quot;iso&quot;:&quot;2000&quot;,&quot;shutter_speed&quot;:&quot;0.00625&quot;,&quot;title&quot;:&quot;&quot;,&quot;orientation&quot;:&quot;1&quot;}\" data-image-title=\"fdp\" data-image-description=\"\" data-image-caption=\"\" data-medium-file=\"https:\/\/i0.wp.com\/blogdalucianaoliveira.com.br\/blog\/wp-content\/uploads\/2016\/12\/FDP.jpg?fit=300%2C225\" data-large-file=\"https:\/\/i0.wp.com\/blogdalucianaoliveira.com.br\/blog\/wp-content\/uploads\/2016\/12\/FDP.jpg?fit=600%2C450\" src=\"https:\/\/i0.wp.com\/blogdalucianaoliveira.com.br\/blog\/wp-content\/uploads\/2016\/12\/FDP.jpg?resize=600%2C450\" alt=\"fdp\" width=\"600\" height=\"450\" class=\"alignnone size-full wp-image-6588\" srcset=\"https:\/\/i0.wp.com\/blogdalucianaoliveira.com.br\/blog\/wp-content\/uploads\/2016\/12\/FDP.jpg?w=1200 1200w, https:\/\/i0.wp.com\/blogdalucianaoliveira.com.br\/blog\/wp-content\/uploads\/2016\/12\/FDP.jpg?resize=300%2C225 300w, https:\/\/i0.wp.com\/blogdalucianaoliveira.com.br\/blog\/wp-content\/uploads\/2016\/12\/FDP.jpg?resize=768%2C576 768w, https:\/\/i0.wp.com\/blogdalucianaoliveira.com.br\/blog\/wp-content\/uploads\/2016\/12\/FDP.jpg?resize=1024%2C768 1024w, https:\/\/i0.wp.com\/blogdalucianaoliveira.com.br\/blog\/wp-content\/uploads\/2016\/12\/FDP.jpg?resize=400%2C300 400w\" sizes=\"auto, (max-width: 600px) 100vw, 600px\" \/><\/p>\n<p>STF AFASTA RENAN DA PRESID\u00caNCIA DO SENADO<!--more--><\/p>\n<p>247 &#8211; O ministro do Supremo Tribunal Federal (STF) Marco Aur\u00e9lio Mello concedeu liminar nesta segunda-feira (5) para afastar Renan Calheiros (PMDB-AL) da presid\u00eancia do Senado. A decis\u00e3o foi resposta a pedido do Rede Sustentabilidade. Ele entendeu que, como Renan Calheiros virou r\u00e9u, n\u00e3o pode continuar no cargo em raz\u00e3o de estar na linha sucess\u00f3ria da Presid\u00eancia da Rep\u00fablica.<\/p>\n<p>Ap\u00f3s a decis\u00e3o de afastar o peemedebista da presid\u00eancia do Senado, Marco Aur\u00e9lio dever\u00e1 levar a decis\u00e3o liminar (provis\u00f3ria) a referendo do plen\u00e1rio do Supremo, o que ainda n\u00e3o tem data para ocorrer.<\/p>\n<p>&#8220;Defiro a liminar pleiteada. Fa\u00e7o-o para afastar n\u00e3o do exerc\u00edcio do mandato de Senador, outorgado pelo povo alagoano, mas do cargo de Presidente do Senado o senador Renan Calheiros. Com a urg\u00eancia que o caso requer, deem cumprimento, por mandado, sob as penas da Lei, a esta decis\u00e3o&#8221;, afirma o ministro.<\/p>\n<p>Na semana passada, o plen\u00e1rio do Supremo decidiu, por oito votos a tr\u00eas, abrir a\u00e7\u00e3o penal e tornar Renan r\u00e9u pelo crime de peculato (apropria\u00e7\u00e3o de verba p\u00fablica).<\/p>\n<p>Abaixo mat\u00e9ria da Ag\u00eancia Brasil:<\/p>\n<p>Ministro do STF afasta Renan Calheiros do cargo de presidente do Senado<\/p>\n<p>O ministro do Supremo Tribunal Federal (STF) Marco Aur\u00e9lio decidiu hoje (5) afastar o presidente do Senado, Renan Calheiros (PMDB-AL), do cargo da presidente. O ministro atendeu a um pedido liminar feito pela Rede Sustentabilidade na manh\u00e3 desta segunda-feira.<\/p>\n<p>O pedido de afastamento foi feito pelo partido ap\u00f3s a decis\u00e3o proferida pela Corte na semana passada, que tornou Renan r\u00e9u pelo crime de peculato. De acordo com a legenda, a liminar era urgente porque o recesso no Supremo come\u00e7a no dia 19 de dezembro, e Renan deixar\u00e1 a presid\u00eancia no dia 1\u00ba de fevereiro do ano que vem, quando a Corte retorna ao trabalho.<\/p>\n<p>\u201cDefiro a liminar pleiteada. Fa\u00e7o-o para afastar n\u00e3o do exerc\u00edcio do mandato de Senador, outorgado pelo povo alagoano, mas do cargo de Presidente do Senado o senador Renan Calheiros\u201d, decidiu o ministro Marco Aur\u00e9lio.<\/p>\n<p>Julgamento<\/p>\n<p>No m\u00eas passado, a Corte come\u00e7ou a julgar a a\u00e7\u00e3o na qual a Rede pede que o Supremo declare que r\u00e9us n\u00e3o podem fazer parte da linha sucess\u00f3ria da Presid\u00eancia da Rep\u00fablica. At\u00e9 o momento, h\u00e1 maioria de seis votos pelo impedimento, mas o julgamento n\u00e3o foi encerrado em fun\u00e7\u00e3o de um pedido de vista do ministro Dias Toffoli.<\/p>\n<p>At\u00e9 o momento, votaram a favor de que r\u00e9us n\u00e3o possam ocupar a linha sucess\u00f3ria o relator, ministro Marco Aur\u00e9lio, e os ministros Edson Fachin, Teori Zavascki, Rosa Weber, Luiz Fux e Celso de Mello.<\/p>\n<p>Em nota divulgada na sexta-feira (2), o gabinete de Toffoli informou que o ministro tem at\u00e9 o dia 21 de dezembro para liberar o voto-vista, data na qual a Corte estar\u00e1 em recesso.<\/p>\n","protected":false},"excerpt":{"rendered":"<p>STF AFASTA RENAN DA PRESID\u00caNCIA DO SENADO<\/p>\n","protected":false},"author":1,"featured_media":6588,"comment_status":"closed","ping_status":"open","sticky":false,"template":"","format":"standard","meta":{"_exactmetrics_skip_tracking":false,"_exactmetrics_sitenote_active":false,"_exactmetrics_sitenote_note":"","_exactmetrics_sitenote_category":0,"jetpack_post_was_ever_published":false,"_jetpack_newsletter_access":"","_jetpack_dont_email_post_to_subs":false,"_jetpack_newsletter_tier_id":0,"_jetpack_memberships_contains_paywalled_content":false,"_jetpack_memberships_contains_paid_content":false,"footnotes":"","jetpack_publicize_message":"","jetpack_publicize_feature_enabled":true,"jetpack_social_post_already_shared":true,"jetpack_social_options":{"image_generator_settings":{"template":"highway","enabled":false},"version":2}},"categories":[1],"tags":[],"class_list":["post-6587","post","type-post","status-publish","format-standard","has-post-thumbnail","hentry","category-notas"],"jetpack_publicize_connections":[],"jetpack_sharing_enabled":true,"jetpack_featured_media_url":"https:\/\/i0.wp.com\/blogdalucianaoliveira.com.br\/blog\/wp-content\/uploads\/2016\/12\/FDP.jpg?fit=1200%2C900","jetpack_shortlink":"https:\/\/wp.me\/p7wKYW-1If","jetpack-related-posts":[],"_links":{"self":[{"href":"http:\/\/blogdalucianaoliveira.com.br\/blog\/wp-json\/wp\/v2\/posts\/6587","targetHints":{"allow":["GET"]}}],"collection":[{"href":"http:\/\/blogdalucianaoliveira.com.br\/blog\/wp-json\/wp\/v2\/posts"}],"about":[{"href":"http:\/\/blogdalucianaoliveira.com.br\/blog\/wp-json\/wp\/v2\/types\/post"}],"author":[{"embeddable":true,"href":"http:\/\/blogdalucianaoliveira.com.br\/blog\/wp-json\/wp\/v2\/users\/1"}],"replies":[{"embeddable":true,"href":"http:\/\/blogdalucianaoliveira.com.br\/blog\/wp-json\/wp\/v2\/comments?post=6587"}],"version-history":[{"count":1,"href":"http:\/\/blogdalucianaoliveira.com.br\/blog\/wp-json\/wp\/v2\/posts\/6587\/revisions"}],"predecessor-version":[{"id":6589,"href":"http:\/\/blogdalucianaoliveira.com.br\/blog\/wp-json\/wp\/v2\/posts\/6587\/revisions\/6589"}],"wp:featuredmedia":[{"embeddable":true,"href":"http:\/\/blogdalucianaoliveira.com.br\/blog\/wp-json\/wp\/v2\/media\/6588"}],"wp:attachment":[{"href":"http:\/\/blogdalucianaoliveira.com.br\/blog\/wp-json\/wp\/v2\/media?parent=6587"}],"wp:term":[{"taxonomy":"category","embeddable":true,"href":"http:\/\/blogdalucianaoliveira.com.br\/blog\/wp-json\/wp\/v2\/categories?post=6587"},{"taxonomy":"post_tag","embeddable":true,"href":"http:\/\/blogdalucianaoliveira.com.br\/blog\/wp-json\/wp\/v2\/tags?post=6587"}],"curies":[{"name":"wp","href":"https:\/\/api.w.org\/{rel}","templated":true}]}}