{"id":6590,"date":"2016-12-05T19:00:53","date_gmt":"2016-12-05T23:00:53","guid":{"rendered":"http:\/\/blogdalucianaoliveira.com.br\/blog\/?p=6590"},"modified":"2016-12-05T19:31:21","modified_gmt":"2016-12-05T23:31:21","slug":"golpistas-nao-passarao-e-mais-do-que-nunca-fora-temer","status":"publish","type":"post","link":"http:\/\/blogdalucianaoliveira.com.br\/blog\/2016\/12\/05\/golpistas-nao-passarao-e-mais-do-que-nunca-fora-temer\/","title":{"rendered":"Golpistas n\u00e3o passar\u00e3o. E mais do que nunca, Fora Temer"},"content":{"rendered":"<p><img data-recalc-dims=\"1\" loading=\"lazy\" decoding=\"async\" data-attachment-id=\"6591\" data-permalink=\"http:\/\/blogdalucianaoliveira.com.br\/blog\/2016\/12\/05\/golpistas-nao-passarao-e-mais-do-que-nunca-fora-temer\/final\/\" data-orig-file=\"https:\/\/i0.wp.com\/blogdalucianaoliveira.com.br\/blog\/wp-content\/uploads\/2016\/12\/final.png?fit=800%2C400\" data-orig-size=\"800,400\" data-comments-opened=\"0\" data-image-meta=\"{&quot;aperture&quot;:&quot;0&quot;,&quot;credit&quot;:&quot;&quot;,&quot;camera&quot;:&quot;&quot;,&quot;caption&quot;:&quot;&quot;,&quot;created_timestamp&quot;:&quot;0&quot;,&quot;copyright&quot;:&quot;&quot;,&quot;focal_length&quot;:&quot;0&quot;,&quot;iso&quot;:&quot;0&quot;,&quot;shutter_speed&quot;:&quot;0&quot;,&quot;title&quot;:&quot;&quot;,&quot;orientation&quot;:&quot;0&quot;}\" data-image-title=\"final\" data-image-description=\"\" data-image-caption=\"\" data-medium-file=\"https:\/\/i0.wp.com\/blogdalucianaoliveira.com.br\/blog\/wp-content\/uploads\/2016\/12\/final.png?fit=300%2C150\" data-large-file=\"https:\/\/i0.wp.com\/blogdalucianaoliveira.com.br\/blog\/wp-content\/uploads\/2016\/12\/final.png?fit=600%2C300\" src=\"https:\/\/i0.wp.com\/blogdalucianaoliveira.com.br\/blog\/wp-content\/uploads\/2016\/12\/final.png?resize=600%2C300\" alt=\"final\" width=\"600\" height=\"300\" class=\"alignnone size-full wp-image-6591\" srcset=\"https:\/\/i0.wp.com\/blogdalucianaoliveira.com.br\/blog\/wp-content\/uploads\/2016\/12\/final.png?w=800 800w, https:\/\/i0.wp.com\/blogdalucianaoliveira.com.br\/blog\/wp-content\/uploads\/2016\/12\/final.png?resize=300%2C150 300w, https:\/\/i0.wp.com\/blogdalucianaoliveira.com.br\/blog\/wp-content\/uploads\/2016\/12\/final.png?resize=768%2C384 768w, https:\/\/i0.wp.com\/blogdalucianaoliveira.com.br\/blog\/wp-content\/uploads\/2016\/12\/final.png?resize=600%2C300 600w\" sizes=\"auto, (max-width: 600px) 100vw, 600px\" \/><\/p>\n<p>Quando afastada definitivamente por 61 votos a 20 no Senado Federal, a presidenta Dilma Rousseff profetizou: &#8220;n\u00e3o gostaria de estar no lugar dos que se julgam vencedores. A hist\u00f3ria ser\u00e1 implac\u00e1vel com eles.&#8221;<!--more--><\/p>\n<p>E nesta segunda-feira (05), depois de Eduardo Cunha, caiu mais um articulador do golpe contra a democracia.<\/p>\n<p>Renan Calheiros, investigado em mais de uma dezena de den\u00fancias e que recentemente virou r\u00e9u pelo crime de peculato, foi afastado da presid\u00eancia do Senado por for\u00e7a de uma liminar do ministro Marco Aur\u00e9lio, do Supremo Tribunal Federal (STF).<\/p>\n<p>A bem da verdade, ele deveria ter sido afastado quando vazaram os \u00e1udios em que tramava contra a Lava Jato com ex-presidente da Transpetro, S\u00e9rgio Machado, por flagrante amea\u00e7a \u00e0 obstru\u00e7\u00e3o das investiga\u00e7\u00f5es.<\/p>\n<p>Antes tarde do que nunca, por uma iniciativa do partido Rede Sustentabilidade, ele teve que deixar o cargo em raz\u00e3o de estar na linha sucess\u00f3ria da Presid\u00eancia da Rep\u00fablica.<\/p>\n<p>A decis\u00e3o \u00e9 provis\u00f3ria e ainda passar\u00e1 pelo referendo do plen\u00e1rio do Supremo, o que ainda n\u00e3o tem data para ocorrer.<\/p>\n<p>\u201cDefiro a liminar pleiteada. Fa\u00e7o-o para afastar n\u00e3o do exerc\u00edcio do mandato de Senador, outorgado pelo povo alagoano, mas do cargo de Presidente do Senado o senador Renan Calheiros\u201d, decidiu o ministro Marco Aur\u00e9lio.<\/p>\n<p>O senador Jorge Viana, do PT, \u00e9 quem assume na condi\u00e7\u00e3o de primeiro vice-presidente.<\/p>\n<p>Sobre a a\u00e7\u00e3o pendente na qual a Rede pede que o Supremo declare que r\u00e9us n\u00e3o possam fazer parte da linha sucess\u00f3ria da Presid\u00eancia da Rep\u00fablica, o gabinete do ministro Dias Toffoli, informou que o ministro tem at\u00e9 o dia 21 de dezembro para liberar o voto-vista, data na qual a Corte estar\u00e1 em recesso.<\/p>\n<p>At\u00e9 l\u00e1, quem segue na ponta dos p\u00e9s, com \u00e1gua chegando ao pesco\u00e7o \u00e9 Michel Temer, o golpista que assumiu a presid\u00eancia para impor ao pa\u00eds um plano de governo recusado nas urnas.<\/p>\n<p>Mais do que nunca, Fora Temer! <\/p>\n<p>O soci\u00f3logo Emir Sader lan\u00e7ou uma aposta no facebook hoje, &#8220;quem sobra antes: o Temer ou o peru de natal?&#8221;<\/p>\n","protected":false},"excerpt":{"rendered":"<p>Quando afastada definitivamente por 61 votos a 20 no Senado Federal, a presidenta Dilma Rousseff profetizou: &#8220;n\u00e3o gostaria de estar no lugar dos que se julgam vencedores. A hist\u00f3ria ser\u00e1 implac\u00e1vel com eles.&#8221;<\/p>\n","protected":false},"author":1,"featured_media":6591,"comment_status":"closed","ping_status":"open","sticky":false,"template":"","format":"standard","meta":{"_exactmetrics_skip_tracking":false,"_exactmetrics_sitenote_active":false,"_exactmetrics_sitenote_note":"","_exactmetrics_sitenote_category":0,"jetpack_post_was_ever_published":false,"_jetpack_newsletter_access":"","_jetpack_dont_email_post_to_subs":false,"_jetpack_newsletter_tier_id":0,"_jetpack_memberships_contains_paywalled_content":false,"_jetpack_memberships_contains_paid_content":false,"footnotes":"","jetpack_publicize_message":"","jetpack_publicize_feature_enabled":true,"jetpack_social_post_already_shared":true,"jetpack_social_options":{"image_generator_settings":{"template":"highway","enabled":false},"version":2}},"categories":[1],"tags":[210,91,209],"class_list":["post-6590","post","type-post","status-publish","format-standard","has-post-thumbnail","hentry","category-notas","tag-afastamento","tag-golpista","tag-renan-calheiros"],"jetpack_publicize_connections":[],"jetpack_sharing_enabled":true,"jetpack_featured_media_url":"https:\/\/i0.wp.com\/blogdalucianaoliveira.com.br\/blog\/wp-content\/uploads\/2016\/12\/final.png?fit=800%2C400","jetpack_shortlink":"https:\/\/wp.me\/p7wKYW-1Ii","jetpack-related-posts":[],"_links":{"self":[{"href":"http:\/\/blogdalucianaoliveira.com.br\/blog\/wp-json\/wp\/v2\/posts\/6590","targetHints":{"allow":["GET"]}}],"collection":[{"href":"http:\/\/blogdalucianaoliveira.com.br\/blog\/wp-json\/wp\/v2\/posts"}],"about":[{"href":"http:\/\/blogdalucianaoliveira.com.br\/blog\/wp-json\/wp\/v2\/types\/post"}],"author":[{"embeddable":true,"href":"http:\/\/blogdalucianaoliveira.com.br\/blog\/wp-json\/wp\/v2\/users\/1"}],"replies":[{"embeddable":true,"href":"http:\/\/blogdalucianaoliveira.com.br\/blog\/wp-json\/wp\/v2\/comments?post=6590"}],"version-history":[{"count":6,"href":"http:\/\/blogdalucianaoliveira.com.br\/blog\/wp-json\/wp\/v2\/posts\/6590\/revisions"}],"predecessor-version":[{"id":6597,"href":"http:\/\/blogdalucianaoliveira.com.br\/blog\/wp-json\/wp\/v2\/posts\/6590\/revisions\/6597"}],"wp:featuredmedia":[{"embeddable":true,"href":"http:\/\/blogdalucianaoliveira.com.br\/blog\/wp-json\/wp\/v2\/media\/6591"}],"wp:attachment":[{"href":"http:\/\/blogdalucianaoliveira.com.br\/blog\/wp-json\/wp\/v2\/media?parent=6590"}],"wp:term":[{"taxonomy":"category","embeddable":true,"href":"http:\/\/blogdalucianaoliveira.com.br\/blog\/wp-json\/wp\/v2\/categories?post=6590"},{"taxonomy":"post_tag","embeddable":true,"href":"http:\/\/blogdalucianaoliveira.com.br\/blog\/wp-json\/wp\/v2\/tags?post=6590"}],"curies":[{"name":"wp","href":"https:\/\/api.w.org\/{rel}","templated":true}]}}