{"id":6599,"date":"2016-12-05T20:50:33","date_gmt":"2016-12-06T00:50:33","guid":{"rendered":"http:\/\/blogdalucianaoliveira.com.br\/blog\/?p=6599"},"modified":"2016-12-05T20:50:33","modified_gmt":"2016-12-06T00:50:33","slug":"homenageado-por-viver-plenamente-a-fe-crista","status":"publish","type":"post","link":"http:\/\/blogdalucianaoliveira.com.br\/blog\/2016\/12\/05\/homenageado-por-viver-plenamente-a-fe-crista\/","title":{"rendered":"HOMENAGEADO POR VIVER PLENAMENTE A F\u00c9 CRIST\u00c3"},"content":{"rendered":"<p><img data-recalc-dims=\"1\" loading=\"lazy\" decoding=\"async\" data-attachment-id=\"6600\" data-permalink=\"http:\/\/blogdalucianaoliveira.com.br\/blog\/2016\/12\/05\/homenageado-por-viver-plenamente-a-fe-crista\/dom-2\/\" data-orig-file=\"https:\/\/i0.wp.com\/blogdalucianaoliveira.com.br\/blog\/wp-content\/uploads\/2016\/12\/DOM-2.jpg?fit=3264%2C2448\" data-orig-size=\"3264,2448\" data-comments-opened=\"0\" data-image-meta=\"{&quot;aperture&quot;:&quot;2.2&quot;,&quot;credit&quot;:&quot;&quot;,&quot;camera&quot;:&quot;iPhone 6&quot;,&quot;caption&quot;:&quot;&quot;,&quot;created_timestamp&quot;:&quot;1480959431&quot;,&quot;copyright&quot;:&quot;&quot;,&quot;focal_length&quot;:&quot;4.15&quot;,&quot;iso&quot;:&quot;250&quot;,&quot;shutter_speed&quot;:&quot;0.0333333333333&quot;,&quot;title&quot;:&quot;&quot;,&quot;orientation&quot;:&quot;1&quot;}\" data-image-title=\"dom-2\" data-image-description=\"\" data-image-caption=\"\" data-medium-file=\"https:\/\/i0.wp.com\/blogdalucianaoliveira.com.br\/blog\/wp-content\/uploads\/2016\/12\/DOM-2.jpg?fit=300%2C225\" data-large-file=\"https:\/\/i0.wp.com\/blogdalucianaoliveira.com.br\/blog\/wp-content\/uploads\/2016\/12\/DOM-2.jpg?fit=600%2C450\" src=\"https:\/\/i0.wp.com\/blogdalucianaoliveira.com.br\/blog\/wp-content\/uploads\/2016\/12\/DOM-2.jpg?resize=600%2C450\" alt=\"dom-2\" width=\"600\" height=\"450\" class=\"alignnone size-full wp-image-6600\" srcset=\"https:\/\/i0.wp.com\/blogdalucianaoliveira.com.br\/blog\/wp-content\/uploads\/2016\/12\/DOM-2.jpg?w=3264 3264w, https:\/\/i0.wp.com\/blogdalucianaoliveira.com.br\/blog\/wp-content\/uploads\/2016\/12\/DOM-2.jpg?resize=300%2C225 300w, https:\/\/i0.wp.com\/blogdalucianaoliveira.com.br\/blog\/wp-content\/uploads\/2016\/12\/DOM-2.jpg?resize=768%2C576 768w, https:\/\/i0.wp.com\/blogdalucianaoliveira.com.br\/blog\/wp-content\/uploads\/2016\/12\/DOM-2.jpg?resize=1024%2C768 1024w, https:\/\/i0.wp.com\/blogdalucianaoliveira.com.br\/blog\/wp-content\/uploads\/2016\/12\/DOM-2.jpg?resize=400%2C300 400w, https:\/\/i0.wp.com\/blogdalucianaoliveira.com.br\/blog\/wp-content\/uploads\/2016\/12\/DOM-2.jpg?w=1200 1200w, https:\/\/i0.wp.com\/blogdalucianaoliveira.com.br\/blog\/wp-content\/uploads\/2016\/12\/DOM-2.jpg?w=1800 1800w\" sizes=\"auto, (max-width: 600px) 100vw, 600px\" \/><\/p>\n<p>Lazinho da Fetagro entrega t\u00edtulo honor\u00edfico a bispo Dom Ant\u00f4nio Possamai<!--more--><\/p>\n<p>A tarde desta segunda-feira (5) foi marcada pela realiza\u00e7\u00e3o de Sess\u00e3o Solene, no Plen\u00e1rio da Assembleia Legislativa, para entrega de t\u00edtulo honor\u00edfico de Cidad\u00e3o do Estado de Rond\u00f4nia ao bispo Dom Ant\u00f4nio Possamai, por indica\u00e7\u00e3o do deputado Lazinho da Fetagro (PT).<\/p>\n<p>O parlamentar agradeceu ao religioso pelos ensinamentos e lutas pela democracia, pela terra e pelos direitos dos cidad\u00e3os. Afirmou que com Dom Ant\u00f4nio aprendeu o verdadeiro sentido da palavra ora\u00e7\u00e3o, \u201corar e agir\u201d, onde levaram a palavra de Deus para fora das paredes da Igreja.<\/p>\n<p>\u201c\u00c9 com muito carinho e respeito que o recebo agora, aqui na Assembleia\u201d, afirmou Lazinho. Disse ser sabedor de sua humildade e que mesmo sendo amea\u00e7ado de morte, poderia ter recuado e n\u00e3o o fez. \u201cEste \u00e9 o primeiro t\u00edtulo que concedo nestes dois anos de mandato. N\u00e3o sei se haver\u00e1 outro, mas agrade\u00e7o muito pelo senhor estar aqui\u201d.<\/p>\n<p>O religioso Jos\u00e9 Aparecido de Oliveira, cantou a Dom Antonio Possamai, can\u00e7\u00e3o feita em sua homenagem. Tamb\u00e9m foram apresentados dois v\u00eddeos. O primeiro, produzido pela Arquidiocese de Ji-Paran\u00e1 onde autoridades e religiosos da cidade prestam sua homenagem. O segundo, homenagem pessoal do senador Acir Gurgacz (PDT-RO).<\/p>\n<p>O representante da Arquidiocese de Porto Velho, padre Miguel Fernandes Ramos de Moura, disse que desde que era mo\u00e7o, sendo ordenado padre, sonhava em conhecer os grandes bispos mission\u00e1rios da Igreja, e um deles era Dom Ant\u00f4nio Possamai. \u201cE hoje tenho o privil\u00e9gio, a b\u00ean\u00e7\u00e3o n\u00e3o s\u00f3 de conhec\u00ea-lo, mas de morar junto com ele\u201d, afirmou.<\/p>\n<p>O diretor da Escola Fam\u00edlia Agr\u00edcola Itapirema de Ji-Paran\u00e1, Pedro Jos\u00e9 dos Santos, disse que este sonho das escolas agr\u00edcolas foi um sonho de Dom Ant\u00f4nio e que agora \u00e9 realidade. Por isso, \u201csomos muito gratos por sua vis\u00e3o de incentivo aos agricultores\u201d.<\/p>\n<p>O pastor Aluizio Vidal, da Igreja Presbiteriana do Brasil, tamb\u00e9m prestou sua homenagem a Dom Ant\u00f4nio lendo trecho da B\u00edblia e concluiu afirmando que \u201ccomo evang\u00e9lico quero agradecer a Igreja cat\u00f3lica e ao senhor, Dom Ant\u00f4nio, por ser profeta, por n\u00e3o se deixar calar, por ter dado voz ao povo\u201d.<\/p>\n<p>Representando os movimentos sociais da via campesina Claudinei dos Santos disse que Dom Ant\u00f4nio Possamai se destaca pelo apre\u00e7o profundo ao estudo, especialmente da Regi\u00e3o Amaz\u00f4nica, compartilhando seus conhecimentos; por sua ousadia, onde pagou um pre\u00e7o muito alto por isso, sendo perseguido, inclusive. \u201cDom Ant\u00f4nio foi e continuar\u00e1 sendo um homem do seu tempo; obrigado por nos encorajar, meu amigo, meu companheiro\u201d.<\/p>\n<p>Representando a Diocese de Ji-Paran\u00e1, o padre Toninho Ramos, narrou a trajet\u00f3ria de Dom Ant\u00f4nio com a Diocese, onde sempre trabalhou com afinco e dedica\u00e7\u00e3o para a consolida\u00e7\u00e3o do trabalho evangelizador e de sensibiliza\u00e7\u00e3o dos menos favorecidos.<\/p>\n<p>A coordenadora do Conselho Indigenista Mission\u00e1rio, Irm\u00e3 Laura Vicun\u00e3 disse que a homenagem \u00e9 o reconhecimento do protagonismo de Dom Ant\u00f4nio. Citou como exemplo as mulheres campesinas e os ind\u00edgenas. \u201cAgradecemos por sua postura de irm\u00e3o, conselheiro e profeta\u201d.<\/p>\n<p>Tamb\u00e9m prestaram homenagem ao Bispo Dom Ant\u00f4nio, o pastor Jorge Klein, da Igreja Evang\u00e9lica Luterana; O reitor da Universidade Cat\u00f3lica, F\u00e1bio Heektheuer; a jornalista Luciana Oliveira, em que todos foram un\u00e2nimes em ressaltar a trajet\u00f3ria do homenageado e de suas lutas sociais.<\/p>\n<p>Ap\u00f3s receber a honraria do deputado Lazinho, o agora Cidad\u00e3o do Estado de Rond\u00f4nia, Dom Ant\u00f4nio Possamai disse que recebeu tanta homenagem e palavras bonitas que nem sabia que tinha feito tanto. \u201cSinto honrado e agradecido pelo t\u00edtulo recebido\u201d, argumentou.<\/p>\n<p>Dom Ant\u00f4nio narrou sua trajet\u00f3ria desde quando foi trabalhar como padre no Nordeste, tendo como Bispo Dom H\u00e9lder C\u00e2mara, \u201cA quem tive a honra de ser conselheiro\u201d. Em Rond\u00f4nia desde 1983, falou das dificuldades vivenciadas, onde como Bispo, que tem a miss\u00e3o de ser pastor do rebanho, e que ao defender os mais humildes, seguindo os preceitos do mestre Jesus, teve de sepultar muitas v\u00edtimas da viol\u00eancia, ou de pistoleiros ou do abandono.<\/p>\n<p>\u201cMuito obrigado, deputado Lazinho e a Assembleia que aprovou esta mo\u00e7\u00e3o\u201d e pediu a Nossa Senhora para que d\u00ea \u201cgra\u00e7as e b\u00ean\u00e7\u00e3os e que voc\u00eas como legisladores sejam sempre os bons pastores deste rebanho\u201d, finalizou Possamai.<\/p>\n<p>http:\/\/www.al.ro.leg.br\/institucional\/videos\/ale-tv-2013-sessao-solene-2013-05-12-16-2013-15h-2013-rondonia-4 <\/p>\n<p>Hist\u00f3rico<\/p>\n<p>Sobre o hist\u00f3rico de dom Ant\u00f4nio Possamai, o parlamentar informou que ele nasceu em Santa Catarina, na cidade de coloniza\u00e7\u00e3o italiana de Ascurra. Sua profiss\u00e3o religiosa teve in\u00edcio em 31 de janeiro de 1948 e sua ordena\u00e7\u00e3o presbiterial em 8 de dezembro de 1957.<\/p>\n<p>Cursou filosofia, teologia, renova\u00e7\u00e3o teol\u00f3gica e espiritualidade na Venezuela, foi diretor de estudos, p\u00e1roco e vig\u00e1rio paroquial. Vice-provincial dos salesianos em Porto Alegre (RS) e provincial em Recife (PE).<\/p>\n<p>Sua hist\u00f3ria em Rond\u00f4nia iniciou quando o processo de oficializa\u00e7\u00e3o eclesi\u00e1stica da Diocese de Ji-Paran\u00e1 come\u00e7ou, em 1978, quando foi criada a Prelazia de Rond\u00f4nia e sua constitui\u00e7\u00e3o oficial e instala\u00e7\u00e3o jur\u00eddica em 1983. Com isso, Possamai foi nomeado primeiro bispo diocesano em 4 de mar\u00e7o de 1983.<\/p>\n<p>Exerceu muitas atividades a servi\u00e7o da Confedera\u00e7\u00e3o dos Bispos do Brasil (CNBB), como a presid\u00eancia do Servi\u00e7o Pastoral dos Migrantes, presidente da Regional Norte I, vice-presidente da Comiss\u00e3o Episcopal para a Amaz\u00f4nia, membro delegado da Confer\u00eancia de Aparecida (Celam), exercendo o trabalho pastoral na Diocese de Ji-Paran\u00e1 at\u00e9 11 de abril de 2007, tendo como lema \u201co Senhor enviou-me a anunciar a boa nova aos pobres\u201d.<\/p>\n<p>Foram, no total, 24 anos dedicados por dom Ant\u00f4nio Possamai (1983 a 2007) \u00e0 frente da Diocese de Ji-Paran\u00e1, onde semeou esperan\u00e7a, atuando na defesa dos sem-terra, dos direitos humanos, dos \u00edndios, das comunidades e do meio ambiente, al\u00e9m de imenso trabalho social.<\/p>\n<p>Lazinho finaliza afirmando que Possamai buscou sempre responder aos desafios da realidade local, procurando unir f\u00e9 e vida, sempre se pronunciando com sabedoria. Hoje, aos 85 anos de vida, reside em Porto Velho, na Par\u00f3quia S\u00e3o Jo\u00e3o Bosco, em Porto Velho, \u201cmantendo seu testemunho de f\u00e9, bondade, cordialidade e principalmente, sua colegialidade espiritual\u201d.<\/p>\n<p>Fonte: Departamento de Comunica\u00e7\u00e3o da ALE\/RO<\/p>\n","protected":false},"excerpt":{"rendered":"<p>Lazinho da Fetagro entrega t\u00edtulo honor\u00edfico a bispo Dom Ant\u00f4nio Possamai<\/p>\n","protected":false},"author":1,"featured_media":0,"comment_status":"closed","ping_status":"open","sticky":false,"template":"","format":"standard","meta":{"_exactmetrics_skip_tracking":false,"_exactmetrics_sitenote_active":false,"_exactmetrics_sitenote_note":"","_exactmetrics_sitenote_category":0,"jetpack_post_was_ever_published":false,"_jetpack_newsletter_access":"","_jetpack_dont_email_post_to_subs":false,"_jetpack_newsletter_tier_id":0,"_jetpack_memberships_contains_paywalled_content":false,"_jetpack_memberships_contains_paid_content":false,"footnotes":"","jetpack_publicize_message":"","jetpack_publicize_feature_enabled":true,"jetpack_social_post_already_shared":true,"jetpack_social_options":{"image_generator_settings":{"template":"highway","enabled":false},"version":2}},"categories":[1],"tags":[],"class_list":["post-6599","post","type-post","status-publish","format-standard","hentry","category-notas"],"jetpack_publicize_connections":[],"jetpack_sharing_enabled":true,"jetpack_featured_media_url":"","jetpack_shortlink":"https:\/\/wp.me\/p7wKYW-1Ir","jetpack-related-posts":[],"_links":{"self":[{"href":"http:\/\/blogdalucianaoliveira.com.br\/blog\/wp-json\/wp\/v2\/posts\/6599","targetHints":{"allow":["GET"]}}],"collection":[{"href":"http:\/\/blogdalucianaoliveira.com.br\/blog\/wp-json\/wp\/v2\/posts"}],"about":[{"href":"http:\/\/blogdalucianaoliveira.com.br\/blog\/wp-json\/wp\/v2\/types\/post"}],"author":[{"embeddable":true,"href":"http:\/\/blogdalucianaoliveira.com.br\/blog\/wp-json\/wp\/v2\/users\/1"}],"replies":[{"embeddable":true,"href":"http:\/\/blogdalucianaoliveira.com.br\/blog\/wp-json\/wp\/v2\/comments?post=6599"}],"version-history":[{"count":1,"href":"http:\/\/blogdalucianaoliveira.com.br\/blog\/wp-json\/wp\/v2\/posts\/6599\/revisions"}],"predecessor-version":[{"id":6601,"href":"http:\/\/blogdalucianaoliveira.com.br\/blog\/wp-json\/wp\/v2\/posts\/6599\/revisions\/6601"}],"wp:attachment":[{"href":"http:\/\/blogdalucianaoliveira.com.br\/blog\/wp-json\/wp\/v2\/media?parent=6599"}],"wp:term":[{"taxonomy":"category","embeddable":true,"href":"http:\/\/blogdalucianaoliveira.com.br\/blog\/wp-json\/wp\/v2\/categories?post=6599"},{"taxonomy":"post_tag","embeddable":true,"href":"http:\/\/blogdalucianaoliveira.com.br\/blog\/wp-json\/wp\/v2\/tags?post=6599"}],"curies":[{"name":"wp","href":"https:\/\/api.w.org\/{rel}","templated":true}]}}