{"id":6603,"date":"2016-12-05T22:55:15","date_gmt":"2016-12-06T02:55:15","guid":{"rendered":"http:\/\/blogdalucianaoliveira.com.br\/blog\/?p=6603"},"modified":"2016-12-05T22:55:15","modified_gmt":"2016-12-06T02:55:15","slug":"afastamento-de-renan-foi-inconstitucional","status":"publish","type":"post","link":"http:\/\/blogdalucianaoliveira.com.br\/blog\/2016\/12\/05\/afastamento-de-renan-foi-inconstitucional\/","title":{"rendered":"AFASTAMENTO DE RENAN FOI INCONSTITUCIONAL"},"content":{"rendered":"<p><img data-recalc-dims=\"1\" loading=\"lazy\" decoding=\"async\" data-attachment-id=\"6604\" data-permalink=\"http:\/\/blogdalucianaoliveira.com.br\/blog\/2016\/12\/05\/afastamento-de-renan-foi-inconstitucional\/renan1\/\" data-orig-file=\"https:\/\/i0.wp.com\/blogdalucianaoliveira.com.br\/blog\/wp-content\/uploads\/2016\/12\/renan1.jpg?fit=1002%2C357\" data-orig-size=\"1002,357\" data-comments-opened=\"0\" data-image-meta=\"{&quot;aperture&quot;:&quot;0&quot;,&quot;credit&quot;:&quot;&quot;,&quot;camera&quot;:&quot;&quot;,&quot;caption&quot;:&quot;&quot;,&quot;created_timestamp&quot;:&quot;0&quot;,&quot;copyright&quot;:&quot;&quot;,&quot;focal_length&quot;:&quot;0&quot;,&quot;iso&quot;:&quot;0&quot;,&quot;shutter_speed&quot;:&quot;0&quot;,&quot;title&quot;:&quot;&quot;,&quot;orientation&quot;:&quot;0&quot;}\" data-image-title=\"renan1\" data-image-description=\"\" data-image-caption=\"\" data-medium-file=\"https:\/\/i0.wp.com\/blogdalucianaoliveira.com.br\/blog\/wp-content\/uploads\/2016\/12\/renan1.jpg?fit=300%2C107\" data-large-file=\"https:\/\/i0.wp.com\/blogdalucianaoliveira.com.br\/blog\/wp-content\/uploads\/2016\/12\/renan1.jpg?fit=600%2C214\" src=\"https:\/\/i0.wp.com\/blogdalucianaoliveira.com.br\/blog\/wp-content\/uploads\/2016\/12\/renan1.jpg?resize=600%2C214\" alt=\"renan1\" width=\"600\" height=\"214\" class=\"alignnone size-full wp-image-6604\" srcset=\"https:\/\/i0.wp.com\/blogdalucianaoliveira.com.br\/blog\/wp-content\/uploads\/2016\/12\/renan1.jpg?w=1002 1002w, https:\/\/i0.wp.com\/blogdalucianaoliveira.com.br\/blog\/wp-content\/uploads\/2016\/12\/renan1.jpg?resize=300%2C107 300w, https:\/\/i0.wp.com\/blogdalucianaoliveira.com.br\/blog\/wp-content\/uploads\/2016\/12\/renan1.jpg?resize=768%2C274 768w, https:\/\/i0.wp.com\/blogdalucianaoliveira.com.br\/blog\/wp-content\/uploads\/2016\/12\/renan1.jpg?resize=800%2C285 800w\" sizes=\"auto, (max-width: 600px) 100vw, 600px\" \/><\/p>\n<p>No 247<br \/>\nPor Lenio Luiz Streck<\/p>\n<p>Escrevo no calor dos acontecimentos.<\/p>\n<p>A decis\u00e3o do Ministro Marco Aurelio, afastando da presid\u00eancia do Senado o senador Renan Calheiros, mostrou-se um perigoso equ\u00edvoco.<!--more--><\/p>\n<p>N\u00e3o h\u00e1 previs\u00e3o constitucional para esse afastamento, como j\u00e1 n\u00e3o havia para o afastamento de Cunha.<\/p>\n<p>Estamos indo longe demais. O Supremo Tribunal Federal n\u00e3o \u00e9 o superego da na\u00e7\u00e3o.<\/p>\n<p>Vou invocar uma frase famosa que eu mesmo fico repetindo e que \u00e9 da autoria do Min. Marco Aurelio: os poderes da Rep\u00fablica s\u00e3o Legislativo, Executivo e Judici\u00e1rio e n\u00e3o o contr\u00e1rio.<\/p>\n<p>Pois bem, Ministro. Pois bem.<\/p>\n<p>De fato, hoje mais uma vez ficou demonstrado o extremo ativismo do STF, contra o qual eu achava que o Ministro Marco Aur\u00e9lio estava imunizado. Mas, n\u00e3o. Na decis\u00e3o, o Ministro fala das manifesta\u00e7\u00f5es de rua.<\/p>\n<p>Ora, a Suprema Corte n\u00e3o \u00e9 porta-voz do povo.<\/p>\n<p>Ao contr\u00e1rio: nela temos que ver a garantia contra maiorias exaltadas.<\/p>\n<p>A Constitui\u00e7\u00e3o \u00e9 o rem\u00e9dio contra maiorias. E o STF deve ser o guardi\u00e3o da Constitui\u00e7\u00e3o.<\/p>\n<p>Quem disse que a voz das ruas tem legitimidade? Somos duzentos milh\u00f5es de habitantes e menos de 400 mil foram \u00e0s ruas.<\/p>\n<p>Isso \u00e9 fundamenta\u00e7\u00e3o? Cad\u00ea a Constitui\u00e7\u00e3o?<\/p>\n<p>Sou insuspeito em falar sobre isso. E n\u00e3o tenho simpatia pelo Renan. Sou um conservador em rela\u00e7\u00e3o ao constitucionalismo. J\u00e1 muita gente me chamou de \u201coriginalista\u201d. N\u00e3o. N\u00e3o sou originalista. Sou um jurista que defende a Constitui\u00e7\u00e3o naquilo que o constitucionalismo foi cunhado pela tradi\u00e7\u00e3o democr\u00e1tica. Prote\u00e7\u00e3o contra injun\u00e7\u00f5es morais e politicas.<\/p>\n<p>O Supremo Tribunal Federal, desse modo, comporta-se moralmente. E direito n\u00e3o \u00e9 moral. A moral n\u00e3o corrige o direito. Quem deve tirar o Presidente do Senado \u00e9 o Senado.<\/p>\n<p>Seria inconceb\u00edvel que o Senado ou legislativo lato sensu quisesse tirar o Presidente da Suprema Corte. Onde est\u00e3o as rela\u00e7\u00f5es institucionais?<\/p>\n<p>Isso pode n\u00e3o acabar bem. Somos duzentos milh\u00f5es querendo trabalhar e progredir. Se h\u00e1 corrup\u00e7\u00e3o, devemos combat\u00ea-la a partir da lei.<\/p>\n<p>Fazer atalhos sempre s\u00e3o perigosos. Saludo.<\/p>\n<p>Lenio Luiz Streck \u00e9 professor dos cursos de p\u00f3s-gradua\u00e7\u00e3o em Direito da Unisinos.<\/p>\n","protected":false},"excerpt":{"rendered":"<p>No 247 Por Lenio Luiz Streck Escrevo no calor dos acontecimentos. A decis\u00e3o do Ministro Marco Aurelio, afastando da presid\u00eancia do Senado o senador Renan Calheiros, mostrou-se um perigoso equ\u00edvoco.<\/p>\n","protected":false},"author":1,"featured_media":0,"comment_status":"closed","ping_status":"open","sticky":false,"template":"","format":"standard","meta":{"_exactmetrics_skip_tracking":false,"_exactmetrics_sitenote_active":false,"_exactmetrics_sitenote_note":"","_exactmetrics_sitenote_category":0,"jetpack_post_was_ever_published":false,"_jetpack_newsletter_access":"","_jetpack_dont_email_post_to_subs":false,"_jetpack_newsletter_tier_id":0,"_jetpack_memberships_contains_paywalled_content":false,"_jetpack_memberships_contains_paid_content":false,"footnotes":"","jetpack_publicize_message":"","jetpack_publicize_feature_enabled":true,"jetpack_social_post_already_shared":true,"jetpack_social_options":{"image_generator_settings":{"template":"highway","enabled":false},"version":2}},"categories":[1],"tags":[],"class_list":["post-6603","post","type-post","status-publish","format-standard","hentry","category-notas"],"jetpack_publicize_connections":[],"jetpack_sharing_enabled":true,"jetpack_featured_media_url":"","jetpack_shortlink":"https:\/\/wp.me\/p7wKYW-1Iv","jetpack-related-posts":[],"_links":{"self":[{"href":"http:\/\/blogdalucianaoliveira.com.br\/blog\/wp-json\/wp\/v2\/posts\/6603","targetHints":{"allow":["GET"]}}],"collection":[{"href":"http:\/\/blogdalucianaoliveira.com.br\/blog\/wp-json\/wp\/v2\/posts"}],"about":[{"href":"http:\/\/blogdalucianaoliveira.com.br\/blog\/wp-json\/wp\/v2\/types\/post"}],"author":[{"embeddable":true,"href":"http:\/\/blogdalucianaoliveira.com.br\/blog\/wp-json\/wp\/v2\/users\/1"}],"replies":[{"embeddable":true,"href":"http:\/\/blogdalucianaoliveira.com.br\/blog\/wp-json\/wp\/v2\/comments?post=6603"}],"version-history":[{"count":1,"href":"http:\/\/blogdalucianaoliveira.com.br\/blog\/wp-json\/wp\/v2\/posts\/6603\/revisions"}],"predecessor-version":[{"id":6605,"href":"http:\/\/blogdalucianaoliveira.com.br\/blog\/wp-json\/wp\/v2\/posts\/6603\/revisions\/6605"}],"wp:attachment":[{"href":"http:\/\/blogdalucianaoliveira.com.br\/blog\/wp-json\/wp\/v2\/media?parent=6603"}],"wp:term":[{"taxonomy":"category","embeddable":true,"href":"http:\/\/blogdalucianaoliveira.com.br\/blog\/wp-json\/wp\/v2\/categories?post=6603"},{"taxonomy":"post_tag","embeddable":true,"href":"http:\/\/blogdalucianaoliveira.com.br\/blog\/wp-json\/wp\/v2\/tags?post=6603"}],"curies":[{"name":"wp","href":"https:\/\/api.w.org\/{rel}","templated":true}]}}