{"id":6739,"date":"2016-12-09T08:55:49","date_gmt":"2016-12-09T12:55:49","guid":{"rendered":"http:\/\/blogdalucianaoliveira.com.br\/blog\/?p=6739"},"modified":"2016-12-09T08:55:49","modified_gmt":"2016-12-09T12:55:49","slug":"onu-pec-de-temer-renan-e-stf-fere-direitos-humanos","status":"publish","type":"post","link":"http:\/\/blogdalucianaoliveira.com.br\/blog\/2016\/12\/09\/onu-pec-de-temer-renan-e-stf-fere-direitos-humanos\/","title":{"rendered":"ONU: PEC DE TEMER, RENAN E STF FERE DIREITOS HUMANOS"},"content":{"rendered":"<p><img data-recalc-dims=\"1\" loading=\"lazy\" decoding=\"async\" data-attachment-id=\"6740\" data-permalink=\"http:\/\/blogdalucianaoliveira.com.br\/blog\/2016\/12\/09\/onu-pec-de-temer-renan-e-stf-fere-direitos-humanos\/caos1\/\" data-orig-file=\"https:\/\/i0.wp.com\/blogdalucianaoliveira.com.br\/blog\/wp-content\/uploads\/2016\/12\/caos1.jpg?fit=1000%2C357\" data-orig-size=\"1000,357\" data-comments-opened=\"0\" data-image-meta=\"{&quot;aperture&quot;:&quot;0&quot;,&quot;credit&quot;:&quot;&quot;,&quot;camera&quot;:&quot;&quot;,&quot;caption&quot;:&quot;&quot;,&quot;created_timestamp&quot;:&quot;0&quot;,&quot;copyright&quot;:&quot;&quot;,&quot;focal_length&quot;:&quot;0&quot;,&quot;iso&quot;:&quot;0&quot;,&quot;shutter_speed&quot;:&quot;0&quot;,&quot;title&quot;:&quot;&quot;,&quot;orientation&quot;:&quot;0&quot;}\" data-image-title=\"caos1\" data-image-description=\"\" data-image-caption=\"\" data-medium-file=\"https:\/\/i0.wp.com\/blogdalucianaoliveira.com.br\/blog\/wp-content\/uploads\/2016\/12\/caos1.jpg?fit=300%2C107\" data-large-file=\"https:\/\/i0.wp.com\/blogdalucianaoliveira.com.br\/blog\/wp-content\/uploads\/2016\/12\/caos1.jpg?fit=600%2C214\" src=\"https:\/\/i0.wp.com\/blogdalucianaoliveira.com.br\/blog\/wp-content\/uploads\/2016\/12\/caos1.jpg?resize=600%2C214\" alt=\"caos1\" width=\"600\" height=\"214\" class=\"alignnone size-full wp-image-6740\" srcset=\"https:\/\/i0.wp.com\/blogdalucianaoliveira.com.br\/blog\/wp-content\/uploads\/2016\/12\/caos1.jpg?w=1000 1000w, https:\/\/i0.wp.com\/blogdalucianaoliveira.com.br\/blog\/wp-content\/uploads\/2016\/12\/caos1.jpg?resize=300%2C107 300w, https:\/\/i0.wp.com\/blogdalucianaoliveira.com.br\/blog\/wp-content\/uploads\/2016\/12\/caos1.jpg?resize=768%2C274 768w, https:\/\/i0.wp.com\/blogdalucianaoliveira.com.br\/blog\/wp-content\/uploads\/2016\/12\/caos1.jpg?resize=800%2C286 800w\" sizes=\"auto, (max-width: 600px) 100vw, 600px\" \/><\/p>\n<p>247 &#8211; A Organiza\u00e7\u00e3o das Na\u00e7\u00f5es Unidas (ONU) criticou nesta sexta-feira, 9, a proposta do governo de Michel Temer que congela por 20 anos os gastos p\u00fablicos, indexando-os \u00e0 infla\u00e7\u00e3o, a chamada PEC 55. <!--more--><\/p>\n<p>Em nota \u00e0 imprensa, o relator especial da ONU para extrema pobreza e direitos humanos, Philip Alson, diz que o efeito &#8220;inevit\u00e1vel&#8221; da medida ser\u00e1 o preju\u00edzo aos mais pobres nas pr\u00f3ximas d\u00e9cadas. <\/p>\n<p>&#8220;Se adotada, essa emenda bloquear\u00e1 gastos em n\u00edveis inadequados e rapidamente decrescentes na sa\u00fade, educa\u00e7\u00e3o e seguran\u00e7a social, portanto, colocando toda uma gera\u00e7\u00e3o futura em risco de receber uma prote\u00e7\u00e3o social muito abaixo dos n\u00edveis atuais&#8221;, afirma Alson.<\/p>\n<p>O Relator Especial nomeado pelo Conselho de Direitos Humanos da ONU recomendou ao Governo Brasileiro que garanta um debate p\u00fablico apropriado sobre a PEC 55, que estime seu impacto sobre os setores mais pobres da sociedade e que identifique outras alternativas para atingir os objetivos de austeridade.<\/p>\n<p>&#8220;Uma coisa \u00e9 certa&#8221;, ele ressaltou. &#8220;\u00c9 completamente inapropriado congelar somente o gasto social e atar as m\u00e3os de todos os pr\u00f3ximos governos por outras duas d\u00e9cadas. Se essa emenda for adotada, colocar\u00e1 o Brasil em uma categoria \u00fanica em mat\u00e9ria de retrocesso social&#8221;.<\/p>\n<p>O representante da ONU reitera que a PEC 55, que pode ser votada em segundo turno na pr\u00f3xima ter\u00e7a-feira, 13, \u00e9 uma medida radical, desprovida de toda nuance e compaix\u00e3o. &#8220;Vai atingir com mais for\u00e7a os brasileiros mais pobres e mais vulner\u00e1veis, aumentando os n\u00edveis de desigualdade em uma sociedade j\u00e1 extremamente desigual e, definitivamente, assinala que para o Brasil os direitos sociais ter\u00e3o muito baixa prioridade nos pr\u00f3ximos vinte anos.&#8221;<\/p>\n<p>Ele acrescentou: &#8220;Isso evidentemente viola as obriga\u00e7\u00f5es do Brasil de acordo com o Pacto Internacional dos Direitos Econ\u00f4micos, Sociais e Culturais que o pais ratificou em 1992, que veda a ado\u00e7\u00e3o de &#8220;medidas deliberadamente regressivas&#8221; a n\u00e3o ser que n\u00e3o exista nenhuma outra alternativa e que uma profunda considera\u00e7\u00e3o seja dada de modo a garantir que as medidas adotadas sejam necess\u00e1rias e proporcionais.&#8221;<\/p>\n<p>Philip Alston apontou que, nas ultimas d\u00e9cadas, o Brasil estabeleceu um impressionante sistema de prote\u00e7\u00e3o social voltado para erradicar a pobreza e o reconhecimento dos direitos \u00e0 educa\u00e7\u00e3o, sa\u00fade, trabalho e seguran\u00e7a social.<\/p>\n<p>&#8220;Essas pol\u00edticas contribu\u00edram substancialmente para reduzir os n\u00edveis de pobreza e desigualdade no pa\u00eds. Seria um erro hist\u00f3rico atrasar o rel\u00f3gio nesse momento,&#8221; disse ele.<\/p>\n<p>O Plano Nacional de Educa\u00e7\u00e3o no Brasil clama pelo aumento de 37 bilh\u00f5es de reais anualmente para prover uma educa\u00e7\u00e3o de qualidade para todos os estudantes, enquanto a PEC reduzir\u00e1 o gasto planejado em 47 bilh\u00f5es de reais nos pr\u00f3ximos oito anos. Com mais de 3,8 milh\u00f5es de crian\u00e7as fora da escola, o Brasil n\u00e3o pode ignorar o direito deles de ir \u00e0 escola, nem os direitos de todas as crian\u00e7as a uma educa\u00e7\u00e3o de qualidade.<\/p>\n<p>O debate sobre a PEC 55 foi apressadamente conduzido no Congresso Nacional pelo novo Governo com a limitada participa\u00e7\u00e3o dos grupos afetados, e sem considerar seu impacto nos direitos humanos. Um estudo recente sugere que 43% dos brasileiros n\u00e3o conhecem a emenda, e entre aqueles que conhecem, a maioria se op\u00f5e a ela.<\/p>\n<p>O relator especial, que est\u00e1 em contato com o Governo Brasileiro para entender melhor o processo e a substancia da emenda proposta, ressaltou que &#8220;mostrar prud\u00eancia econ\u00f4mica e fiscal e respeitar as normas internacionais de direitos humanos n\u00e3o s\u00e3o objetivos mutuamente excludentes, j\u00e1 que ambos focam na import\u00e2ncia de desenhar medidas cuidadosamente de forma a evitar ao m\u00e1ximo o impacto negativo sobre as pessoas.&#8221;<\/p>\n<p>&#8220;Efeitos diretamente negativos t\u00eam que ser equilibrados com potenciais ganhos a longo prazo, assim como esfor\u00e7os para proteger os mais vulner\u00e1veis e os mais pobres na sociedade&#8221;, disse ele.<\/p>\n<p>&#8220;Estudos econ\u00f4micos internacionais, incluindo pesquisas do Fundo Monet\u00e1rio internacional, mostram que a consolida\u00e7\u00e3o fiscal tipicamente tem efeitos de curto prazo, reduzindo a renda, aumentando o desemprego e a desigualdade de renda. E a longo prazo, n\u00e3o existe evid\u00eancia emp\u00edrica que sugira que essas medidas alcan\u00e7ar\u00e3o os objetivos sugeridos pelo Governo,&#8221; salientou o relator especial.<\/p>\n<p>O apelo de Alston \u00e0s autoridades brasileiras foi endossado tamb\u00e9m pelos a Relatora Especial sobre o Direito \u00e0 Educa\u00e7\u00e3o, Koumbou Boly Barry.<\/p>\n","protected":false},"excerpt":{"rendered":"<p>247 &#8211; A Organiza\u00e7\u00e3o das Na\u00e7\u00f5es Unidas (ONU) criticou nesta sexta-feira, 9, a proposta do governo de Michel Temer que congela por 20 anos os gastos p\u00fablicos, indexando-os \u00e0 infla\u00e7\u00e3o, a chamada PEC 55.<\/p>\n","protected":false},"author":1,"featured_media":0,"comment_status":"closed","ping_status":"open","sticky":false,"template":"","format":"standard","meta":{"_exactmetrics_skip_tracking":false,"_exactmetrics_sitenote_active":false,"_exactmetrics_sitenote_note":"","_exactmetrics_sitenote_category":0,"jetpack_post_was_ever_published":false,"_jetpack_newsletter_access":"","_jetpack_dont_email_post_to_subs":false,"_jetpack_newsletter_tier_id":0,"_jetpack_memberships_contains_paywalled_content":false,"_jetpack_memberships_contains_paid_content":false,"footnotes":"","jetpack_publicize_message":"","jetpack_publicize_feature_enabled":true,"jetpack_social_post_already_shared":true,"jetpack_social_options":{"image_generator_settings":{"template":"highway","enabled":false},"version":2}},"categories":[1],"tags":[],"class_list":["post-6739","post","type-post","status-publish","format-standard","hentry","category-notas"],"jetpack_publicize_connections":[],"jetpack_sharing_enabled":true,"jetpack_featured_media_url":"","jetpack_shortlink":"https:\/\/wp.me\/p7wKYW-1KH","jetpack-related-posts":[],"_links":{"self":[{"href":"http:\/\/blogdalucianaoliveira.com.br\/blog\/wp-json\/wp\/v2\/posts\/6739","targetHints":{"allow":["GET"]}}],"collection":[{"href":"http:\/\/blogdalucianaoliveira.com.br\/blog\/wp-json\/wp\/v2\/posts"}],"about":[{"href":"http:\/\/blogdalucianaoliveira.com.br\/blog\/wp-json\/wp\/v2\/types\/post"}],"author":[{"embeddable":true,"href":"http:\/\/blogdalucianaoliveira.com.br\/blog\/wp-json\/wp\/v2\/users\/1"}],"replies":[{"embeddable":true,"href":"http:\/\/blogdalucianaoliveira.com.br\/blog\/wp-json\/wp\/v2\/comments?post=6739"}],"version-history":[{"count":1,"href":"http:\/\/blogdalucianaoliveira.com.br\/blog\/wp-json\/wp\/v2\/posts\/6739\/revisions"}],"predecessor-version":[{"id":6741,"href":"http:\/\/blogdalucianaoliveira.com.br\/blog\/wp-json\/wp\/v2\/posts\/6739\/revisions\/6741"}],"wp:attachment":[{"href":"http:\/\/blogdalucianaoliveira.com.br\/blog\/wp-json\/wp\/v2\/media?parent=6739"}],"wp:term":[{"taxonomy":"category","embeddable":true,"href":"http:\/\/blogdalucianaoliveira.com.br\/blog\/wp-json\/wp\/v2\/categories?post=6739"},{"taxonomy":"post_tag","embeddable":true,"href":"http:\/\/blogdalucianaoliveira.com.br\/blog\/wp-json\/wp\/v2\/tags?post=6739"}],"curies":[{"name":"wp","href":"https:\/\/api.w.org\/{rel}","templated":true}]}}