{"id":6748,"date":"2016-12-09T09:16:17","date_gmt":"2016-12-09T13:16:17","guid":{"rendered":"http:\/\/blogdalucianaoliveira.com.br\/blog\/?p=6748"},"modified":"2016-12-09T09:16:17","modified_gmt":"2016-12-09T13:16:17","slug":"o-stf-conseguiu-o-milagre-de-unir-o-pais","status":"publish","type":"post","link":"http:\/\/blogdalucianaoliveira.com.br\/blog\/2016\/12\/09\/o-stf-conseguiu-o-milagre-de-unir-o-pais\/","title":{"rendered":"O STF conseguiu o milagre de unir o pa\u00eds"},"content":{"rendered":"<p><img data-recalc-dims=\"1\" loading=\"lazy\" decoding=\"async\" data-attachment-id=\"6749\" data-permalink=\"http:\/\/blogdalucianaoliveira.com.br\/blog\/2016\/12\/09\/o-stf-conseguiu-o-milagre-de-unir-o-pais\/stf-carmen-celso-de-mello-e-marco-aurelio-600x400\/\" data-orig-file=\"https:\/\/i0.wp.com\/blogdalucianaoliveira.com.br\/blog\/wp-content\/uploads\/2016\/12\/stf-carmen-celso-de-mello-e-marco-aur%C3%A9lio-600x400.jpg?fit=600%2C400\" data-orig-size=\"600,400\" data-comments-opened=\"0\" data-image-meta=\"{&quot;aperture&quot;:&quot;0&quot;,&quot;credit&quot;:&quot;&quot;,&quot;camera&quot;:&quot;&quot;,&quot;caption&quot;:&quot;&quot;,&quot;created_timestamp&quot;:&quot;0&quot;,&quot;copyright&quot;:&quot;&quot;,&quot;focal_length&quot;:&quot;0&quot;,&quot;iso&quot;:&quot;0&quot;,&quot;shutter_speed&quot;:&quot;0&quot;,&quot;title&quot;:&quot;&quot;,&quot;orientation&quot;:&quot;0&quot;}\" data-image-title=\"stf-carmen-celso-de-mello-e-marco-aurelio-600&amp;#215;400\" data-image-description=\"\" data-image-caption=\"\" data-medium-file=\"https:\/\/i0.wp.com\/blogdalucianaoliveira.com.br\/blog\/wp-content\/uploads\/2016\/12\/stf-carmen-celso-de-mello-e-marco-aur%C3%A9lio-600x400.jpg?fit=300%2C200\" data-large-file=\"https:\/\/i0.wp.com\/blogdalucianaoliveira.com.br\/blog\/wp-content\/uploads\/2016\/12\/stf-carmen-celso-de-mello-e-marco-aur%C3%A9lio-600x400.jpg?fit=600%2C400\" src=\"https:\/\/i0.wp.com\/blogdalucianaoliveira.com.br\/blog\/wp-content\/uploads\/2016\/12\/stf-carmen-celso-de-mello-e-marco-aur%C3%A9lio-600x400.jpg?resize=600%2C400\" alt=\"stf-carmen-celso-de-mello-e-marco-aurelio-600x400\" width=\"600\" height=\"400\" class=\"alignnone size-full wp-image-6749\" srcset=\"https:\/\/i0.wp.com\/blogdalucianaoliveira.com.br\/blog\/wp-content\/uploads\/2016\/12\/stf-carmen-celso-de-mello-e-marco-aur%C3%A9lio-600x400.jpg?resize=600%2C400 600w, https:\/\/i0.wp.com\/blogdalucianaoliveira.com.br\/blog\/wp-content\/uploads\/2016\/12\/stf-carmen-celso-de-mello-e-marco-aur%C3%A9lio-600x400.jpg?resize=300%2C200 300w, https:\/\/i0.wp.com\/blogdalucianaoliveira.com.br\/blog\/wp-content\/uploads\/2016\/12\/stf-carmen-celso-de-mello-e-marco-aur%C3%A9lio-600x400.jpg?resize=450%2C300 450w\" sizes=\"auto, (max-width: 600px) 100vw, 600px\" \/><\/p>\n<p>Por Kiko Nogueira<br \/>\nNo DCM<\/p>\n<p>Duas institui\u00e7\u00f5es conseguiram unir um pa\u00eds fragmentado profundamente: a Chapecoense e o STF.<!--more--><\/p>\n<p>No primeiro caso, a trag\u00e9dia fez com que mostr\u00e1ssemos uma faceta solid\u00e1ria e compassiva, \u00edntegra. Nem piadas, que na morte de Senna, por exemplo, surgiram em quest\u00e3o de horas, foram toleradas. Se existiram, ningu\u00e9m viu.<\/p>\n<p>No segundo, a trag\u00e9dia a nos unir foi o acord\u00e3o, que se \u00e9 que se pode chamar assim, em torno de Renan Calheiros no Supremo Tribunal Federal.<\/p>\n<p>Por seis votos a tr\u00eas, o afastamento de Renan da presid\u00eancia do Senado foi derrubado, mas ele fica proibido de ocupar a presid\u00eancia na aus\u00eancia de Temer.<\/p>\n<p>Os seis ministros que votaram a favor dele n\u00e3o acataram a liminar a\u00e7odada de Marco Aur\u00e9lio Mello. Desmoralizado, Marco Aur\u00e9lio falou \u00e0 Jovem Pan que partimos para \u201co famoso jeitinho brasileiro\u201d e que o Supremo saiu \u201cdesgastado\u201d do epis\u00f3dio.<\/p>\n<p>Antes, Gilmar Mendes j\u00e1 tinha pedido o impeachment do colega. De acordo com Lauro Jardim, do Globo, ao saber da decis\u00e3o de Marco Aur\u00e9lio, Renan conversou com um ministro que \u201co orientou a n\u00e3o receber o oficial de Justi\u00e7a\u201d.<\/p>\n<p>Ganha um sorvete de acerola quem souber o nome do homem.<\/p>\n<p>Renan mostra que pode tudo, inclusive desobedecer o mais alto tribunal. Em troca, o projeto de abuso de autoridade sai do regime de urg\u00eancia e Renan fica \u00e0 vontade para tocar a PEC 55 e terminar o servi\u00e7o com a aposentadoria.<\/p>\n<p>Teve a desfa\u00e7atez de cravar que a \u201ca separa\u00e7\u00e3o dos poderes continua inabalada\u201d.<\/p>\n<p>\u00c0 esquerda, \u00e0 direita e ao centro houve uma repulsa e uma decep\u00e7\u00e3o gigantescas \u2014 especialmente entre aqueles que ainda acreditavam na Corte depois de seu papel no golpe.<\/p>\n<p>Os coxas que pediram a cabe\u00e7a de Renan levaram uma traulitada do tamanho de sua indig\u00eancia mental. Segundo o Vem Pra Rua, \u201cest\u00e1 bem dif\u00edcil explicar essa decis\u00e3o aos brasileiros do bem\u201d.<\/p>\n<p>No Estad\u00e3o, Jos\u00e9 N\u00eaumanne Pinto, colunista e editorialista, escreveu que os chefes dos tr\u00eas Poderes da Rep\u00fablica deram uma \u201ccusparada no pov\u00e3o\u201d.<\/p>\n<p>\u201cC\u00e1rmen L\u00facia conspirou com o vice do Senado, Jorge Viana (PT-AC),  para atender \u00e0s conveni\u00eancias do chefe do Executivo, Temer, em conson\u00e2ncia com a cumplicidade muda do presidente da C\u00e2mara. Vergonha geral!\u201d, diz.<\/p>\n<p>Lula tinha avisado. Em mar\u00e7o, nos grampos vazados por Moro ao Jornal Nacional, ele lembrou que \u201cn\u00f3s temos uma Suprema Corte totalmente acovardada, um Superior Tribunal de Justi\u00e7a totalmente acovardado, um Parlamento totalmente acovardado\u201d.<\/p>\n<p>Na mosca.<\/p>\n<p>A turma de C\u00e1rmen L\u00facia fez o milagre de unificar o nosso Paraguai.<\/p>\n","protected":false},"excerpt":{"rendered":"<p>Por Kiko Nogueira No DCM Duas institui\u00e7\u00f5es conseguiram unir um pa\u00eds fragmentado profundamente: a Chapecoense e o STF.<\/p>\n","protected":false},"author":1,"featured_media":0,"comment_status":"closed","ping_status":"open","sticky":false,"template":"","format":"standard","meta":{"_exactmetrics_skip_tracking":false,"_exactmetrics_sitenote_active":false,"_exactmetrics_sitenote_note":"","_exactmetrics_sitenote_category":0,"jetpack_post_was_ever_published":false,"_jetpack_newsletter_access":"","_jetpack_dont_email_post_to_subs":false,"_jetpack_newsletter_tier_id":0,"_jetpack_memberships_contains_paywalled_content":false,"_jetpack_memberships_contains_paid_content":false,"footnotes":"","jetpack_publicize_message":"","jetpack_publicize_feature_enabled":true,"jetpack_social_post_already_shared":true,"jetpack_social_options":{"image_generator_settings":{"template":"highway","enabled":false},"version":2}},"categories":[1],"tags":[],"class_list":["post-6748","post","type-post","status-publish","format-standard","hentry","category-notas"],"jetpack_publicize_connections":[],"jetpack_sharing_enabled":true,"jetpack_featured_media_url":"","jetpack_shortlink":"https:\/\/wp.me\/p7wKYW-1KQ","jetpack-related-posts":[],"_links":{"self":[{"href":"http:\/\/blogdalucianaoliveira.com.br\/blog\/wp-json\/wp\/v2\/posts\/6748","targetHints":{"allow":["GET"]}}],"collection":[{"href":"http:\/\/blogdalucianaoliveira.com.br\/blog\/wp-json\/wp\/v2\/posts"}],"about":[{"href":"http:\/\/blogdalucianaoliveira.com.br\/blog\/wp-json\/wp\/v2\/types\/post"}],"author":[{"embeddable":true,"href":"http:\/\/blogdalucianaoliveira.com.br\/blog\/wp-json\/wp\/v2\/users\/1"}],"replies":[{"embeddable":true,"href":"http:\/\/blogdalucianaoliveira.com.br\/blog\/wp-json\/wp\/v2\/comments?post=6748"}],"version-history":[{"count":1,"href":"http:\/\/blogdalucianaoliveira.com.br\/blog\/wp-json\/wp\/v2\/posts\/6748\/revisions"}],"predecessor-version":[{"id":6750,"href":"http:\/\/blogdalucianaoliveira.com.br\/blog\/wp-json\/wp\/v2\/posts\/6748\/revisions\/6750"}],"wp:attachment":[{"href":"http:\/\/blogdalucianaoliveira.com.br\/blog\/wp-json\/wp\/v2\/media?parent=6748"}],"wp:term":[{"taxonomy":"category","embeddable":true,"href":"http:\/\/blogdalucianaoliveira.com.br\/blog\/wp-json\/wp\/v2\/categories?post=6748"},{"taxonomy":"post_tag","embeddable":true,"href":"http:\/\/blogdalucianaoliveira.com.br\/blog\/wp-json\/wp\/v2\/tags?post=6748"}],"curies":[{"name":"wp","href":"https:\/\/api.w.org\/{rel}","templated":true}]}}