{"id":6751,"date":"2016-12-09T09:25:30","date_gmt":"2016-12-09T13:25:30","guid":{"rendered":"http:\/\/blogdalucianaoliveira.com.br\/blog\/?p=6751"},"modified":"2016-12-09T09:25:30","modified_gmt":"2016-12-09T13:25:30","slug":"temer-de-inutil-util-a-util-inutil-e-enfim-inutil-inutil","status":"publish","type":"post","link":"http:\/\/blogdalucianaoliveira.com.br\/blog\/2016\/12\/09\/temer-de-inutil-util-a-util-inutil-e-enfim-inutil-inutil\/","title":{"rendered":"Temer: de \u201cin\u00fatil \u00fatil\u201d, a \u201c\u00fatil in\u00fatil\u201d e, enfim, \u2018in\u00fatil in\u00fatil\u201d"},"content":{"rendered":"<p><img data-recalc-dims=\"1\" loading=\"lazy\" decoding=\"async\" data-attachment-id=\"6752\" data-permalink=\"http:\/\/blogdalucianaoliveira.com.br\/blog\/2016\/12\/09\/temer-de-inutil-util-a-util-inutil-e-enfim-inutil-inutil\/inutil\/\" data-orig-file=\"https:\/\/i0.wp.com\/blogdalucianaoliveira.com.br\/blog\/wp-content\/uploads\/2016\/12\/inutil.jpg?fit=600%2C298\" data-orig-size=\"600,298\" data-comments-opened=\"0\" data-image-meta=\"{&quot;aperture&quot;:&quot;0&quot;,&quot;credit&quot;:&quot;&quot;,&quot;camera&quot;:&quot;&quot;,&quot;caption&quot;:&quot;&quot;,&quot;created_timestamp&quot;:&quot;0&quot;,&quot;copyright&quot;:&quot;&quot;,&quot;focal_length&quot;:&quot;0&quot;,&quot;iso&quot;:&quot;0&quot;,&quot;shutter_speed&quot;:&quot;0&quot;,&quot;title&quot;:&quot;&quot;,&quot;orientation&quot;:&quot;0&quot;}\" data-image-title=\"inutil\" data-image-description=\"\" data-image-caption=\"\" data-medium-file=\"https:\/\/i0.wp.com\/blogdalucianaoliveira.com.br\/blog\/wp-content\/uploads\/2016\/12\/inutil.jpg?fit=300%2C149\" data-large-file=\"https:\/\/i0.wp.com\/blogdalucianaoliveira.com.br\/blog\/wp-content\/uploads\/2016\/12\/inutil.jpg?fit=600%2C298\" src=\"https:\/\/i0.wp.com\/blogdalucianaoliveira.com.br\/blog\/wp-content\/uploads\/2016\/12\/inutil.jpg?resize=600%2C298\" alt=\"inutil\" width=\"600\" height=\"298\" class=\"alignnone size-full wp-image-6752\" srcset=\"https:\/\/i0.wp.com\/blogdalucianaoliveira.com.br\/blog\/wp-content\/uploads\/2016\/12\/inutil.jpg?w=600 600w, https:\/\/i0.wp.com\/blogdalucianaoliveira.com.br\/blog\/wp-content\/uploads\/2016\/12\/inutil.jpg?resize=300%2C149 300w\" sizes=\"auto, (max-width: 600px) 100vw, 600px\" \/><\/p>\n<p>Por Fernando Brito<br \/>\nNo Tijola\u00e7o<\/p>\n<p>A carreira pol\u00edtica de Michel Temer se fez na obscuridade dos acordos pol\u00edticos, dos neg\u00f3cios de (e com o ) Estado, das articula\u00e7\u00f5es internas do PMDB e do que tudo o que isso quer dizer.<!--more--><\/p>\n<p>Foi isso, e nada mais, o que o levou aos cargos, ao mandatos e, finalmente, \u00e0 necessidade de coloc\u00e1-lo como candidato a vice de Dilma, duas vezes: porque ele era considerado uma \u201cinutilidade \u00fatil\u201d, capaz de manter o PMDB \u201cquieto\u201d com umas migalhas \u2013 algumas delas pessoais, como Moreira Franco e Eliseu Padilha.<\/p>\n<p>O resto se resolvia com a vaidade e a pompa oca de quem sempre as apreciou muito.<\/p>\n<p>Eduardo Cunha, a insurrei\u00e7\u00e3o tucana contra o resultado eleitoral e o rolo compressor da m\u00eddia \u00e9 que mudaram a sua natureza e o estimularam a ser, agora, um \u201c\u00fatil in\u00fatil\u201d presidente da Rep\u00fablica.<\/p>\n<p>Tudo o que se festeja da suposta \u201chabilidade\u201d pol\u00edtica de Michel Temer \u2013 o homem que ia \u201cunir o Brasil \u2013  resiste ao desligamento do trator midi\u00e1tico, que \u00e9 o que empurra a PEC dos Cortes e a Reforma da Previd\u00eancia.<\/p>\n<p>O epis\u00f3dio da indica\u00e7\u00e3o do tucano Antonio Imbassahy para o lugar de Geddel Vieira Lima como ministro da Secretaria de Governo, cuja fun\u00e7\u00e3o \u00e9 justamente articular e obter apoio entre os deputados e ver sua escolha barrada justamente pela rea\u00e7\u00e3o negativa de sua mais numerosa bancada de apoio, o \u201ccentr\u00e3o\u201d \u00e9 a maior prova de que, sem seus asseclas palacianos \u2013 um abatido literalmente e outro abatido pelas den\u00fancias \u2013 , Temer n\u00e3o sabe se mover no Congresso.<\/p>\n<p>No Congresso, porque transformou Renan Calheiros \u2013 que a uma semana do recesso e do fim pr\u00e1tico de seu mandato \u2013 de \u201cpato manco\u201d, aquele que n\u00e3o ganha nem mesmo cafezinho mais em \u201cdono da barraquinha\u201d da C\u00e2mara Alta da Rep\u00fablica.<\/p>\n<p>Na Reforma da Previd\u00eancia, de novo, errou na m\u00e3o e conseguiu perder apoio at\u00e9 entre os mais incondicionais defensores do arrocho. Regras de transi\u00e7\u00e3o abiloladamente abruptas, garfadas nas pens\u00f5es e nos benef\u00edcios a pessoas com defici\u00eancia conseguiram, mesmo com o discurso monoc\u00f3rdio endossado pela m\u00eddia de que \u201ca previd\u00eancia vai quebrar\u201d, despertar insatisfa\u00e7\u00e3o por toda a parte.<\/p>\n<p>Tanto que, nos jornais de hoje, j\u00e1 se admite uma \u201crevis\u00e3o\u201d das regras. Um, ali\u00e1s, j\u00e1 foi feita naquele esquema do \u201ctroca a vers\u00e3o\u201d, excluindo policiais militares e  bombeiros da regras ditas \u201cgerais\u201d.<\/p>\n<p>Pode rever, mas n\u00e3o vai se livrar do desgaste que vai corroe-lo at\u00e9 a negocia\u00e7\u00e3o \u201cpara valer\u201d, que come\u00e7a em fevereiro, com o fim do recesso parlamentar. Como disse o Vin\u00edcius de Moares, \u201cse foi pra desfazer, porque \u00e9 que fez\u201d.<\/p>\n<p>Fez porque precisa \u201cmostrar servi\u00e7o\u201d ao capital financeiro, que n\u00e3o quer \u201csangue ralo\u201d no sangue econ\u00f4mico que sua a este pa\u00eds.<\/p>\n<p>Temer, que foi um \u201cin\u00fatil \u00fatil\u201d e passou a ser um \u201c\u00fatil in\u00fatil\u201d faz for\u00e7a para continuar a ser considerado um \u201cin\u00fatil in\u00fatil\u201d.<\/p>\n","protected":false},"excerpt":{"rendered":"<p>Por Fernando Brito No Tijola\u00e7o A carreira pol\u00edtica de Michel Temer se fez na obscuridade dos acordos pol\u00edticos, dos neg\u00f3cios de (e com o ) Estado, das articula\u00e7\u00f5es internas do PMDB e do que tudo o que isso quer dizer.<\/p>\n","protected":false},"author":1,"featured_media":0,"comment_status":"closed","ping_status":"open","sticky":false,"template":"","format":"standard","meta":{"_exactmetrics_skip_tracking":false,"_exactmetrics_sitenote_active":false,"_exactmetrics_sitenote_note":"","_exactmetrics_sitenote_category":0,"jetpack_post_was_ever_published":false,"_jetpack_newsletter_access":"","_jetpack_dont_email_post_to_subs":false,"_jetpack_newsletter_tier_id":0,"_jetpack_memberships_contains_paywalled_content":false,"_jetpack_memberships_contains_paid_content":false,"footnotes":"","jetpack_publicize_message":"","jetpack_publicize_feature_enabled":true,"jetpack_social_post_already_shared":true,"jetpack_social_options":{"image_generator_settings":{"template":"highway","enabled":false},"version":2}},"categories":[1],"tags":[],"class_list":["post-6751","post","type-post","status-publish","format-standard","hentry","category-notas"],"jetpack_publicize_connections":[],"jetpack_sharing_enabled":true,"jetpack_featured_media_url":"","jetpack_shortlink":"https:\/\/wp.me\/p7wKYW-1KT","jetpack-related-posts":[],"_links":{"self":[{"href":"http:\/\/blogdalucianaoliveira.com.br\/blog\/wp-json\/wp\/v2\/posts\/6751","targetHints":{"allow":["GET"]}}],"collection":[{"href":"http:\/\/blogdalucianaoliveira.com.br\/blog\/wp-json\/wp\/v2\/posts"}],"about":[{"href":"http:\/\/blogdalucianaoliveira.com.br\/blog\/wp-json\/wp\/v2\/types\/post"}],"author":[{"embeddable":true,"href":"http:\/\/blogdalucianaoliveira.com.br\/blog\/wp-json\/wp\/v2\/users\/1"}],"replies":[{"embeddable":true,"href":"http:\/\/blogdalucianaoliveira.com.br\/blog\/wp-json\/wp\/v2\/comments?post=6751"}],"version-history":[{"count":1,"href":"http:\/\/blogdalucianaoliveira.com.br\/blog\/wp-json\/wp\/v2\/posts\/6751\/revisions"}],"predecessor-version":[{"id":6753,"href":"http:\/\/blogdalucianaoliveira.com.br\/blog\/wp-json\/wp\/v2\/posts\/6751\/revisions\/6753"}],"wp:attachment":[{"href":"http:\/\/blogdalucianaoliveira.com.br\/blog\/wp-json\/wp\/v2\/media?parent=6751"}],"wp:term":[{"taxonomy":"category","embeddable":true,"href":"http:\/\/blogdalucianaoliveira.com.br\/blog\/wp-json\/wp\/v2\/categories?post=6751"},{"taxonomy":"post_tag","embeddable":true,"href":"http:\/\/blogdalucianaoliveira.com.br\/blog\/wp-json\/wp\/v2\/tags?post=6751"}],"curies":[{"name":"wp","href":"https:\/\/api.w.org\/{rel}","templated":true}]}}