{"id":6754,"date":"2016-12-09T10:40:25","date_gmt":"2016-12-09T14:40:25","guid":{"rendered":"http:\/\/blogdalucianaoliveira.com.br\/blog\/?p=6754"},"modified":"2016-12-09T10:46:54","modified_gmt":"2016-12-09T14:46:54","slug":"campanha-sugere-boicote-a-boca-livre-da-imprensa-com-senador-valdir-raupp","status":"publish","type":"post","link":"http:\/\/blogdalucianaoliveira.com.br\/blog\/2016\/12\/09\/campanha-sugere-boicote-a-boca-livre-da-imprensa-com-senador-valdir-raupp\/","title":{"rendered":"CAMPANHA SUGERE BOICOTE \u00c0 BOCA LIVRE DA IMPRENSA COM SENADOR VALDIR RAUPP"},"content":{"rendered":"<p><img data-recalc-dims=\"1\" loading=\"lazy\" decoding=\"async\" data-attachment-id=\"6755\" data-permalink=\"http:\/\/blogdalucianaoliveira.com.br\/blog\/2016\/12\/09\/campanha-sugere-boicote-a-boca-livre-da-imprensa-com-senador-valdir-raupp\/jantar3\/\" data-orig-file=\"https:\/\/i0.wp.com\/blogdalucianaoliveira.com.br\/blog\/wp-content\/uploads\/2016\/12\/jantar3.jpg?fit=300%2C225\" data-orig-size=\"300,225\" data-comments-opened=\"0\" data-image-meta=\"{&quot;aperture&quot;:&quot;0&quot;,&quot;credit&quot;:&quot;&quot;,&quot;camera&quot;:&quot;&quot;,&quot;caption&quot;:&quot;&quot;,&quot;created_timestamp&quot;:&quot;0&quot;,&quot;copyright&quot;:&quot;&quot;,&quot;focal_length&quot;:&quot;0&quot;,&quot;iso&quot;:&quot;0&quot;,&quot;shutter_speed&quot;:&quot;0&quot;,&quot;title&quot;:&quot;&quot;,&quot;orientation&quot;:&quot;0&quot;}\" data-image-title=\"jantar3\" data-image-description=\"\" data-image-caption=\"\" data-medium-file=\"https:\/\/i0.wp.com\/blogdalucianaoliveira.com.br\/blog\/wp-content\/uploads\/2016\/12\/jantar3.jpg?fit=300%2C225\" data-large-file=\"https:\/\/i0.wp.com\/blogdalucianaoliveira.com.br\/blog\/wp-content\/uploads\/2016\/12\/jantar3.jpg?fit=300%2C225\" src=\"https:\/\/i0.wp.com\/blogdalucianaoliveira.com.br\/blog\/wp-content\/uploads\/2016\/12\/jantar3.jpg?resize=300%2C225\" alt=\"jantar3\" width=\"300\" height=\"225\" class=\"alignnone size-full wp-image-6755\" \/><\/p>\n<p>O tradicional jantar natalino que o senador Valdir Raupp (PMDB) oferece h\u00e1 18 anos aos profissionais da imprensa rondoniense pode ser marcado por constrangimento.<!--more--><\/p>\n<p>S\u00e3o poucos os que resistem \u00e0 comezaina com direito \u00e0 selfies com o casal Valdir e Marinha Raupp, representantes do Estado na C\u00e2mara e Senado.<\/p>\n<p>Os profissionais da imprensa s\u00e3o atra\u00eddos pela boca e com a desculpa de que o jantar \u00e9 uma forma de homenage\u00e1-los. <\/p>\n<p>Rola at\u00e9 sorteio de brindes e o casal Raupp fatura com a divulga\u00e7\u00e3o das a\u00e7\u00f5es parlamentares durante do ano.<\/p>\n<p>S\u00f3 que este regabofe, com data prevista para o pr\u00f3ximo dia 16, em local ainda n\u00e3o divulgado, tem gerado pol\u00eamica na redes sociais.<\/p>\n<p>Um boicote est\u00e1 sendo sugerido nas redes sociais, porque muita gente n\u00e3o quer saber de publicidade da presta\u00e7\u00e3o de contas do mandato do senador, mas explica\u00e7\u00f5es sobre seu suposto envolvimento no esquema criminoso que sangrou a Petrobras.<\/p>\n<p><img data-recalc-dims=\"1\" loading=\"lazy\" decoding=\"async\" data-attachment-id=\"6756\" data-permalink=\"http:\/\/blogdalucianaoliveira.com.br\/blog\/2016\/12\/09\/campanha-sugere-boicote-a-boca-livre-da-imprensa-com-senador-valdir-raupp\/boia\/\" data-orig-file=\"https:\/\/i0.wp.com\/blogdalucianaoliveira.com.br\/blog\/wp-content\/uploads\/2016\/12\/boia.jpg?fit=750%2C179\" data-orig-size=\"750,179\" data-comments-opened=\"0\" data-image-meta=\"{&quot;aperture&quot;:&quot;0&quot;,&quot;credit&quot;:&quot;&quot;,&quot;camera&quot;:&quot;&quot;,&quot;caption&quot;:&quot;&quot;,&quot;created_timestamp&quot;:&quot;0&quot;,&quot;copyright&quot;:&quot;&quot;,&quot;focal_length&quot;:&quot;0&quot;,&quot;iso&quot;:&quot;0&quot;,&quot;shutter_speed&quot;:&quot;0&quot;,&quot;title&quot;:&quot;&quot;,&quot;orientation&quot;:&quot;0&quot;}\" data-image-title=\"boia\" data-image-description=\"\" data-image-caption=\"\" data-medium-file=\"https:\/\/i0.wp.com\/blogdalucianaoliveira.com.br\/blog\/wp-content\/uploads\/2016\/12\/boia.jpg?fit=300%2C72\" data-large-file=\"https:\/\/i0.wp.com\/blogdalucianaoliveira.com.br\/blog\/wp-content\/uploads\/2016\/12\/boia.jpg?fit=600%2C143\" src=\"https:\/\/i0.wp.com\/blogdalucianaoliveira.com.br\/blog\/wp-content\/uploads\/2016\/12\/boia.jpg?resize=600%2C143\" alt=\"boia\" width=\"600\" height=\"143\" class=\"alignnone size-full wp-image-6756\" srcset=\"https:\/\/i0.wp.com\/blogdalucianaoliveira.com.br\/blog\/wp-content\/uploads\/2016\/12\/boia.jpg?w=750 750w, https:\/\/i0.wp.com\/blogdalucianaoliveira.com.br\/blog\/wp-content\/uploads\/2016\/12\/boia.jpg?resize=300%2C72 300w\" sizes=\"auto, (max-width: 600px) 100vw, 600px\" \/><\/p>\n<p><img data-recalc-dims=\"1\" loading=\"lazy\" decoding=\"async\" data-attachment-id=\"6757\" data-permalink=\"http:\/\/blogdalucianaoliveira.com.br\/blog\/2016\/12\/09\/campanha-sugere-boicote-a-boca-livre-da-imprensa-com-senador-valdir-raupp\/boia1\/\" data-orig-file=\"https:\/\/i0.wp.com\/blogdalucianaoliveira.com.br\/blog\/wp-content\/uploads\/2016\/12\/boia1.jpg?fit=750%2C171\" data-orig-size=\"750,171\" data-comments-opened=\"0\" data-image-meta=\"{&quot;aperture&quot;:&quot;0&quot;,&quot;credit&quot;:&quot;&quot;,&quot;camera&quot;:&quot;&quot;,&quot;caption&quot;:&quot;&quot;,&quot;created_timestamp&quot;:&quot;0&quot;,&quot;copyright&quot;:&quot;&quot;,&quot;focal_length&quot;:&quot;0&quot;,&quot;iso&quot;:&quot;0&quot;,&quot;shutter_speed&quot;:&quot;0&quot;,&quot;title&quot;:&quot;&quot;,&quot;orientation&quot;:&quot;0&quot;}\" data-image-title=\"boia1\" data-image-description=\"\" data-image-caption=\"\" data-medium-file=\"https:\/\/i0.wp.com\/blogdalucianaoliveira.com.br\/blog\/wp-content\/uploads\/2016\/12\/boia1.jpg?fit=300%2C68\" data-large-file=\"https:\/\/i0.wp.com\/blogdalucianaoliveira.com.br\/blog\/wp-content\/uploads\/2016\/12\/boia1.jpg?fit=600%2C137\" src=\"https:\/\/i0.wp.com\/blogdalucianaoliveira.com.br\/blog\/wp-content\/uploads\/2016\/12\/boia1.jpg?resize=600%2C137\" alt=\"boia1\" width=\"600\" height=\"137\" class=\"alignnone size-full wp-image-6757\" srcset=\"https:\/\/i0.wp.com\/blogdalucianaoliveira.com.br\/blog\/wp-content\/uploads\/2016\/12\/boia1.jpg?w=750 750w, https:\/\/i0.wp.com\/blogdalucianaoliveira.com.br\/blog\/wp-content\/uploads\/2016\/12\/boia1.jpg?resize=300%2C68 300w\" sizes=\"auto, (max-width: 600px) 100vw, 600px\" \/><\/p>\n<p>Ele j\u00e1 foi citado por delatores da Lava Jato, como o ex-diretor da Petrobras Paulo Roberto Costa, o lobista Fernando Soares, conhecido como Fernando Baiano, e o doleiro Alberto Youssef.<\/p>\n<p>O ex-diretor financeiro da BR, Nestor Cerver\u00f3 afirmou que Valdir Raupp \u201ctinha influ\u00eancia na indica\u00e7\u00e3o de fornecedores da \u00e1rea de TI da subsidi\u00e1ria da estatal petrol\u00edfera.\u201d<\/p>\n<p>At\u00e9 um irm\u00e3o do senador est\u00e1 na mira da For\u00e7a-tarefa da Lava Jato, por ter recebido para sua campanha a deputado estadual em 2014, cerca de 900 mil reais em doa\u00e7\u00f5es de empresas citadas no esquema de propinas da Petrobras.<\/p>\n<p>Na den\u00fancia apresentada pela Procuradoria Geral da Rep\u00fablica (PGR) ao Supremo Tribunal Federal (STF), dentro da Lava Jato, Valdir Raupp  \u00e9 acusado de corrup\u00e7\u00e3o passiva e lavagem de dinheiro junto com um cunhado, Paulo Roberto Rocha, e uma ex-funcion\u00e1ria, Maria Cleia de Oliveira.<\/p>\n<p>O senador nega tudo e declarou em nota \u201cque a den\u00fancia oferecida pelo Minist\u00e9rio P\u00fablico, lamentavelmente, tem equivocada interpreta\u00e7\u00e3o dos fatos.\u201d<\/p>\n<p>Durante a revela\u00e7\u00e3o dos fatos, poucos profissionais e ve\u00edculos da imprensa rondoniense deram destaque \u00e0s den\u00fancias dos delatores.<\/p>\n<p>O boicote ao tradicional regabofe oferecido pelo senador aos jornalistas ganha for\u00e7a nas redes sociais, principalmente por quem dispensou a boca livre.<\/p>\n<p>H\u00e1 quem sempre tenha visto o jantar de confraterniza\u00e7\u00e3o como um verdadeiro cala boca, \u00e0 imprensa.<\/p>\n","protected":false},"excerpt":{"rendered":"<p>O tradicional jantar natalino que o senador Valdir Raupp (PMDB) oferece h\u00e1 18 anos aos profissionais da imprensa rondoniense pode ser marcado por constrangimento.<\/p>\n","protected":false},"author":1,"featured_media":0,"comment_status":"closed","ping_status":"open","sticky":false,"template":"","format":"standard","meta":{"_exactmetrics_skip_tracking":false,"_exactmetrics_sitenote_active":false,"_exactmetrics_sitenote_note":"","_exactmetrics_sitenote_category":0,"jetpack_post_was_ever_published":false,"_jetpack_newsletter_access":"","_jetpack_dont_email_post_to_subs":false,"_jetpack_newsletter_tier_id":0,"_jetpack_memberships_contains_paywalled_content":false,"_jetpack_memberships_contains_paid_content":false,"footnotes":"","jetpack_publicize_message":"","jetpack_publicize_feature_enabled":true,"jetpack_social_post_already_shared":true,"jetpack_social_options":{"image_generator_settings":{"template":"highway","enabled":false},"version":2}},"categories":[1],"tags":[211,69,130],"class_list":["post-6754","post","type-post","status-publish","format-standard","hentry","category-notas","tag-jantar","tag-lava-jato","tag-valdir-raupp"],"jetpack_publicize_connections":[],"jetpack_sharing_enabled":true,"jetpack_featured_media_url":"","jetpack_shortlink":"https:\/\/wp.me\/p7wKYW-1KW","jetpack-related-posts":[],"_links":{"self":[{"href":"http:\/\/blogdalucianaoliveira.com.br\/blog\/wp-json\/wp\/v2\/posts\/6754","targetHints":{"allow":["GET"]}}],"collection":[{"href":"http:\/\/blogdalucianaoliveira.com.br\/blog\/wp-json\/wp\/v2\/posts"}],"about":[{"href":"http:\/\/blogdalucianaoliveira.com.br\/blog\/wp-json\/wp\/v2\/types\/post"}],"author":[{"embeddable":true,"href":"http:\/\/blogdalucianaoliveira.com.br\/blog\/wp-json\/wp\/v2\/users\/1"}],"replies":[{"embeddable":true,"href":"http:\/\/blogdalucianaoliveira.com.br\/blog\/wp-json\/wp\/v2\/comments?post=6754"}],"version-history":[{"count":6,"href":"http:\/\/blogdalucianaoliveira.com.br\/blog\/wp-json\/wp\/v2\/posts\/6754\/revisions"}],"predecessor-version":[{"id":6763,"href":"http:\/\/blogdalucianaoliveira.com.br\/blog\/wp-json\/wp\/v2\/posts\/6754\/revisions\/6763"}],"wp:attachment":[{"href":"http:\/\/blogdalucianaoliveira.com.br\/blog\/wp-json\/wp\/v2\/media?parent=6754"}],"wp:term":[{"taxonomy":"category","embeddable":true,"href":"http:\/\/blogdalucianaoliveira.com.br\/blog\/wp-json\/wp\/v2\/categories?post=6754"},{"taxonomy":"post_tag","embeddable":true,"href":"http:\/\/blogdalucianaoliveira.com.br\/blog\/wp-json\/wp\/v2\/tags?post=6754"}],"curies":[{"name":"wp","href":"https:\/\/api.w.org\/{rel}","templated":true}]}}