{"id":6775,"date":"2016-12-09T11:46:07","date_gmt":"2016-12-09T15:46:07","guid":{"rendered":"http:\/\/blogdalucianaoliveira.com.br\/blog\/?p=6775"},"modified":"2016-12-09T11:46:07","modified_gmt":"2016-12-09T15:46:07","slug":"o-te-avisei-do-temer","status":"publish","type":"post","link":"http:\/\/blogdalucianaoliveira.com.br\/blog\/2016\/12\/09\/o-te-avisei-do-temer\/","title":{"rendered":"O &#8216;Te Avisei&#8217; do Temer"},"content":{"rendered":"<p><img data-recalc-dims=\"1\" loading=\"lazy\" decoding=\"async\" data-attachment-id=\"6776\" data-permalink=\"http:\/\/blogdalucianaoliveira.com.br\/blog\/2016\/12\/09\/o-te-avisei-do-temer\/ponte\/\" data-orig-file=\"https:\/\/i0.wp.com\/blogdalucianaoliveira.com.br\/blog\/wp-content\/uploads\/2016\/12\/ponte.jpg?fit=634%2C465\" data-orig-size=\"634,465\" data-comments-opened=\"0\" data-image-meta=\"{&quot;aperture&quot;:&quot;0&quot;,&quot;credit&quot;:&quot;&quot;,&quot;camera&quot;:&quot;&quot;,&quot;caption&quot;:&quot;&quot;,&quot;created_timestamp&quot;:&quot;0&quot;,&quot;copyright&quot;:&quot;&quot;,&quot;focal_length&quot;:&quot;0&quot;,&quot;iso&quot;:&quot;0&quot;,&quot;shutter_speed&quot;:&quot;0&quot;,&quot;title&quot;:&quot;&quot;,&quot;orientation&quot;:&quot;0&quot;}\" data-image-title=\"ponte\" data-image-description=\"\" data-image-caption=\"\" data-medium-file=\"https:\/\/i0.wp.com\/blogdalucianaoliveira.com.br\/blog\/wp-content\/uploads\/2016\/12\/ponte.jpg?fit=300%2C220\" data-large-file=\"https:\/\/i0.wp.com\/blogdalucianaoliveira.com.br\/blog\/wp-content\/uploads\/2016\/12\/ponte.jpg?fit=600%2C440\" src=\"https:\/\/i0.wp.com\/blogdalucianaoliveira.com.br\/blog\/wp-content\/uploads\/2016\/12\/ponte.jpg?resize=600%2C440\" alt=\"ponte\" width=\"600\" height=\"440\" class=\"alignnone size-full wp-image-6776\" srcset=\"https:\/\/i0.wp.com\/blogdalucianaoliveira.com.br\/blog\/wp-content\/uploads\/2016\/12\/ponte.jpg?w=634 634w, https:\/\/i0.wp.com\/blogdalucianaoliveira.com.br\/blog\/wp-content\/uploads\/2016\/12\/ponte.jpg?resize=300%2C220 300w, https:\/\/i0.wp.com\/blogdalucianaoliveira.com.br\/blog\/wp-content\/uploads\/2016\/12\/ponte.jpg?resize=409%2C300 409w\" sizes=\"auto, (max-width: 600px) 100vw, 600px\" \/><\/p>\n<p>&#8220;H\u00e1 muit\u00edssimos meses atr\u00e1s, n\u00f3s lan\u00e7amos um documento chamado &#8216;Ponte para o Futuro&#8217; porque verific\u00e1vamos que seria imposs\u00edvel o governo continuar naquele rumo e at\u00e9 sugerimos ao governo que adotasse as teses que n\u00f3s apont\u00e1vamos naquele documento&#8221;, afirmou Temer.<\/p>\n<p>&#8220;Como isso n\u00e3o deu certo, n\u00e3o houve a ado\u00e7\u00e3o, instaurou-se um processo que culminou, agora, com a minha efetiva\u00e7\u00e3o como presidente da Rep\u00fablica&#8221;, concluiu.<\/p>\n","protected":false},"excerpt":{"rendered":"<p>&#8220;H\u00e1 muit\u00edssimos meses atr\u00e1s, n\u00f3s lan\u00e7amos um documento chamado &#8216;Ponte para o Futuro&#8217; porque verific\u00e1vamos que seria imposs\u00edvel o governo continuar naquele rumo e at\u00e9 sugerimos ao governo que adotasse as teses que n\u00f3s apont\u00e1vamos naquele documento&#8221;, afirmou Temer. &#8220;Como isso n\u00e3o deu certo, n\u00e3o houve a ado\u00e7\u00e3o, instaurou-se um processo que culminou, agora, com&#8230;<a class=\"more-link\" href=\"http:\/\/blogdalucianaoliveira.com.br\/blog\/2016\/12\/09\/o-te-avisei-do-temer\/\">Continue a leitura <span class=\"meta-nav\">&raquo;<\/span><\/a><\/p>\n","protected":false},"author":1,"featured_media":0,"comment_status":"closed","ping_status":"open","sticky":false,"template":"","format":"standard","meta":{"_exactmetrics_skip_tracking":false,"_exactmetrics_sitenote_active":false,"_exactmetrics_sitenote_note":"","_exactmetrics_sitenote_category":0,"jetpack_post_was_ever_published":false,"_jetpack_newsletter_access":"","_jetpack_dont_email_post_to_subs":false,"_jetpack_newsletter_tier_id":0,"_jetpack_memberships_contains_paywalled_content":false,"_jetpack_memberships_contains_paid_content":false,"footnotes":"","jetpack_publicize_message":"","jetpack_publicize_feature_enabled":true,"jetpack_social_post_already_shared":true,"jetpack_social_options":{"image_generator_settings":{"template":"highway","enabled":false},"version":2}},"categories":[1],"tags":[],"class_list":["post-6775","post","type-post","status-publish","format-standard","hentry","category-notas"],"jetpack_publicize_connections":[],"jetpack_sharing_enabled":true,"jetpack_featured_media_url":"","jetpack_shortlink":"https:\/\/wp.me\/p7wKYW-1Lh","jetpack-related-posts":[],"_links":{"self":[{"href":"http:\/\/blogdalucianaoliveira.com.br\/blog\/wp-json\/wp\/v2\/posts\/6775","targetHints":{"allow":["GET"]}}],"collection":[{"href":"http:\/\/blogdalucianaoliveira.com.br\/blog\/wp-json\/wp\/v2\/posts"}],"about":[{"href":"http:\/\/blogdalucianaoliveira.com.br\/blog\/wp-json\/wp\/v2\/types\/post"}],"author":[{"embeddable":true,"href":"http:\/\/blogdalucianaoliveira.com.br\/blog\/wp-json\/wp\/v2\/users\/1"}],"replies":[{"embeddable":true,"href":"http:\/\/blogdalucianaoliveira.com.br\/blog\/wp-json\/wp\/v2\/comments?post=6775"}],"version-history":[{"count":1,"href":"http:\/\/blogdalucianaoliveira.com.br\/blog\/wp-json\/wp\/v2\/posts\/6775\/revisions"}],"predecessor-version":[{"id":6777,"href":"http:\/\/blogdalucianaoliveira.com.br\/blog\/wp-json\/wp\/v2\/posts\/6775\/revisions\/6777"}],"wp:attachment":[{"href":"http:\/\/blogdalucianaoliveira.com.br\/blog\/wp-json\/wp\/v2\/media?parent=6775"}],"wp:term":[{"taxonomy":"category","embeddable":true,"href":"http:\/\/blogdalucianaoliveira.com.br\/blog\/wp-json\/wp\/v2\/categories?post=6775"},{"taxonomy":"post_tag","embeddable":true,"href":"http:\/\/blogdalucianaoliveira.com.br\/blog\/wp-json\/wp\/v2\/tags?post=6775"}],"curies":[{"name":"wp","href":"https:\/\/api.w.org\/{rel}","templated":true}]}}