{"id":69,"date":"2016-05-03T09:43:13","date_gmt":"2016-05-03T13:43:13","guid":{"rendered":"http:\/\/blogdalucianaoliveira.com.br\/blog\/?p=69"},"modified":"2016-05-03T10:04:52","modified_gmt":"2016-05-03T14:04:52","slug":"fatos-pessoas","status":"publish","type":"post","link":"http:\/\/blogdalucianaoliveira.com.br\/blog\/2016\/05\/03\/fatos-pessoas\/","title":{"rendered":"Sobre fatos e pessoas"},"content":{"rendered":"<div><img data-recalc-dims=\"1\" loading=\"lazy\" decoding=\"async\" data-attachment-id=\"70\" data-permalink=\"http:\/\/blogdalucianaoliveira.com.br\/blog\/2016\/05\/03\/fatos-pessoas\/13035668_1037008503041719_1793919035_o\/\" data-orig-file=\"https:\/\/i0.wp.com\/blogdalucianaoliveira.com.br\/blog\/wp-content\/uploads\/2016\/05\/13035668_1037008503041719_1793919035_o-e1462282898506.jpg?fit=600%2C288\" data-orig-size=\"600,288\" data-comments-opened=\"0\" data-image-meta=\"{&quot;aperture&quot;:&quot;0&quot;,&quot;credit&quot;:&quot;&quot;,&quot;camera&quot;:&quot;&quot;,&quot;caption&quot;:&quot;&quot;,&quot;created_timestamp&quot;:&quot;0&quot;,&quot;copyright&quot;:&quot;&quot;,&quot;focal_length&quot;:&quot;0&quot;,&quot;iso&quot;:&quot;0&quot;,&quot;shutter_speed&quot;:&quot;0&quot;,&quot;title&quot;:&quot;&quot;,&quot;orientation&quot;:&quot;0&quot;}\" data-image-title=\"13035668_1037008503041719_1793919035_o\" data-image-description=\"\" data-image-caption=\"\" data-medium-file=\"https:\/\/i0.wp.com\/blogdalucianaoliveira.com.br\/blog\/wp-content\/uploads\/2016\/05\/13035668_1037008503041719_1793919035_o-e1462282898506.jpg?fit=300%2C144\" data-large-file=\"https:\/\/i0.wp.com\/blogdalucianaoliveira.com.br\/blog\/wp-content\/uploads\/2016\/05\/13035668_1037008503041719_1793919035_o-e1462282898506.jpg?fit=600%2C288\" class=\"alignnone size-medium wp-image-70\" src=\"https:\/\/i0.wp.com\/blogdalucianaoliveira.com.br\/blog\/wp-content\/uploads\/2016\/05\/13035668_1037008503041719_1793919035_o.jpg?resize=300%2C144\" alt=\"13035668_1037008503041719_1793919035_o\" width=\"300\" height=\"144\" \/><\/div>\n<div><\/div>\n<div><strong>Deu Merda!<\/strong><\/div>\n<div><\/div>\n<div>O bloqueio do whatsapp interferiu na rota\u00e7\u00e3o da terra com tanta gente movimentando mais que os dedos no primeiro dia de bloqueio. Tive que levantar v\u00e1rias vezes pra chamar meu filhos, coisa que uma simples mensagem no aplicativo resolveria. A foto do documento que mandaria para o despachante vou ter que levar em m\u00e3os e a resposta \u00e0 consulta que minha amiga espera em outro estado, s\u00f3 quando liberarem o acesso, pois ela n\u00e3o tem facebook e telefonar sai caro pra caramba. Como eu, tem muita gente inconformada com a decis\u00e3o do juiz que bloqueou o uso da ferramenta de comunica\u00e7\u00e3o por tr\u00eas dias no pa\u00eds. C\u00e1, pr\u00e1 n\u00f3s, faz falta e gera preju\u00edzo.<u><\/u><u><\/u><\/div>\n<p><!--more--><\/p>\n<div>Mas, o que est\u00e1 ruim, pode ficar muito pior, caso os projetos que resultaram na tal CPI de Crimes Cibern\u00e9ticos sejam aprovados. Quem quiser conferir, basta acessar a p\u00e1gina C\u00e2mara.gov.br. O Intervozes denuncia o risco elencando cinco pontos assustadores do relat\u00f3rio:<\/div>\n<div><\/div>\n<div>1) Criam uma l\u00f3gica de censura pr\u00e9via de conte\u00fados que SUPOSTAMENTE atentem contra a honra (prote\u00e7\u00e3o a pol\u00edticos criticados na rede)<\/div>\n<div>2) Possibilidade de bloqueio do Facebook, Whatsapp e outras aplica\u00e7\u00f5es por causa de um conte\u00fado que atente contra a lei<\/div>\n<div>3) Internauta \u00e9 suspeito de crime at\u00e9 que se prove o contr\u00e1rio<\/div>\n<div>4) Tornar crime com pena de at\u00e9 dois anos para quem baixar filmes, desrespeitar termos de acesso ou cometer alguma outra irregularidade na Internet<\/div>\n<div>\n<p>5) Usar 10% dos recursos do Fundo de Fiscaliza\u00e7\u00e3o das Telecomunica\u00e7\u00f5es para equipar a pol\u00edcia<\/p>\n<\/div>\n<div><b>Apocal\u00edptico<u><\/u><u><\/u><\/b><\/div>\n<div><\/div>\n<div>Deu na Folha: \u201cBispo licenciado da Universal \u00e9 cotado para Ci\u00eancia e Tecnologia de Temer\u201d.<br \/>\nRecorro a B\u00edblia Sagrada pra imaginar no que pode dar essa nomea\u00e7\u00e3o.<br \/>\n&#8220;Lan\u00e7ai, pois, o servo in\u00fatil nas trevas exteriores; ali haver\u00e1 pranto e ranger de dentes.&#8221;<u><\/u><u><\/u><\/div>\n<div><u><\/u>\u00a0<u><\/u><\/div>\n<div><b>Desnecess\u00e1rio<u><\/u><u><\/u><\/b><\/div>\n<div><\/div>\n<div>O presidente da Seccional da OAB-RO publicou um artigo que corrobora com a cr\u00edtica da OAB-MG \u00e0\u00a0liminar concedida pela ju\u00edza Moema Miranda Gon\u00e7alves, que proibiu o Centro Acad\u00eamico Afonso Pena, da Faculdade de Direito\u00a0da Universidade Federal de Minas Gerais (UFMG), de promover encontro para debater o\u00a0impeachment\u00a0da presidente Dilma Rousseff.<u><\/u><u><\/u><\/div>\n<div><\/div>\n<div>Legal, n\u00e3o fosse a conclus\u00e3o.<u><\/u><u><\/u><\/div>\n<div><\/div>\n<div>\u201cAinda que efetivamente o objetivo estrat\u00e9gico dos promotores tivesse sido manifesta\u00e7\u00e3o em defesa da presidente.\u201d<u><\/u><u><\/u><\/div>\n<div><\/div>\n<div><b>A not\u00edcia que voc\u00ea n\u00e3o viu, nem vai ver<u><\/u><u><\/u><\/b><\/div>\n<div><\/div>\n<div>O ex-presidente FHC foi conduzido coercitivamente, sem intima\u00e7\u00e3o e resist\u00eancia, exposto \u00e0 execra\u00e7\u00e3o p\u00fablica, para depor na PF no inqu\u00e9rito que investiga remessa de dinheiro ao exterior para sua amante jornalista atrav\u00e9s de uma concession\u00e1ria brasileira.<u><\/u><u><\/u><\/div>\n<div><\/div>\n<div>Toda a imprensa dedicou o dia 29 para divulgar a not\u00edcia e o ex-presidente foi capa dos principais jornais e revistas.<u><\/u><u><\/u><\/div>\n<div>O conte\u00fado do depoimento foi amplamente divulgado e os apresentadores da Globo at\u00e9 esbo\u00e7aram um ar de satisfa\u00e7\u00e3o ao dar a not\u00edcia.<\/div>\n<div><\/div>\n<div>Nas redes sociais houve grande como\u00e7\u00e3o pelo excesso a que foi submetido o ex-presidente.<u><\/u><u><\/u><\/div>\n<div>Bem diferente, do tratamento adequado e at\u00e9 respeitoso dedicado ao ex-presidente Lula, quando foi depor sem que ningu\u00e9m ficasse sabendo.<u><\/u><u><\/u><\/div>\n<div><\/div>\n<div><b>Cusp\u00f3dromo<u><\/u><u><\/u><\/b><\/div>\n<div><u><\/u>\u00a0<u><\/u><\/div>\n<div>Deu o que falar na imprensa que apoia o impeachment o cusp\u00f3dromo m\u00f3vel que manifestantes utilizam para protestar contra pol\u00edticos que consideram apoiadores do golpe contra a presidente. Se saiu na imprensa, o protesto cumpriu sua finalidade.<u><\/u><u><\/u><\/div>\n<div><\/div>\n<div>Quem quiser pode cuspir na cara do deputado Jair Bolsonaro, estampada num banner ou, nos penicos com a foto de cada deputado da bancada rondoniense.<u><\/u><u><\/u><\/div>\n<div><\/div>\n<div>Na UNIR, uma privada entupida com o rosto dos parlamentares tamb\u00e9m simboliza a revolta de quem entende como golpe, o que chamam de impeachment.<u><\/u><u><\/u><\/div>\n<div><\/div>\n<div>Absolutamente normal e leg\u00edtimo, pois \u00e9 comum encenarem at\u00e9 vel\u00f3rios de pol\u00edticos e h\u00e1 muito tempo.<u><\/u><u><\/u><\/div>\n<div><u><\/u>\u00a0<u><\/u><\/div>\n<div><b>Barba De Molho<u><\/u><u><\/u><\/b><\/div>\n<div><u><\/u>\u00a0<u><\/u><\/div>\n<div>A barba mais bem podada da pol\u00edtica rondoniense est\u00e1 de molho. A dela\u00e7\u00e3o premiada do senador Delc\u00eddio Amaral (sem partido-MS), motivou o procurador-geral da Rep\u00fablica, Rodrigo Janot, a pedir a abertura de inqu\u00e9rito contra o senador Valdir Raupp (RO) para investigar seu poss\u00edvel envolvimento no \u00e2mbito da Lava Jato.<u><\/u><u><\/u><\/div>\n<div><\/div>\n<div>N\u00e3o s\u00f3 ele, mas tamb\u00e9m A\u00e9cio Neves, Renan Calheiros, Romero Juc\u00e1 e Jader Barbalho.<u><\/u><u><\/u><\/div>\n<div><\/div>\n<div>A prova \u2018ouvi dizer\u2019 ser\u00e1 investigada, mas at\u00e9 que seja confirmada, a imprensa n\u00e3o divulgar\u00e1 nada.<u><\/u><u><\/u><\/div>\n<div>\u00a0<u><\/u><u><\/u><\/div>\n<div>\u00a0A qualquer momento, volto, mas se as coisas piorarem muito, tirem meu tubo.<\/div>\n","protected":false},"excerpt":{"rendered":"<p>Deu Merda! O bloqueio do whatsapp interferiu na rota\u00e7\u00e3o da terra com tanta gente movimentando mais que os dedos no primeiro dia de bloqueio. Tive que levantar v\u00e1rias vezes pra chamar meu filhos, coisa que uma simples mensagem no aplicativo resolveria. A foto do documento que mandaria para o despachante vou ter que levar em&#8230;<a class=\"more-link\" href=\"http:\/\/blogdalucianaoliveira.com.br\/blog\/2016\/05\/03\/fatos-pessoas\/\">Continue a leitura <span class=\"meta-nav\">&raquo;<\/span><\/a><\/p>\n","protected":false},"author":1,"featured_media":0,"comment_status":"closed","ping_status":"open","sticky":false,"template":"","format":"standard","meta":{"_exactmetrics_skip_tracking":false,"_exactmetrics_sitenote_active":false,"_exactmetrics_sitenote_note":"","_exactmetrics_sitenote_category":0,"jetpack_post_was_ever_published":false,"_jetpack_newsletter_access":"","_jetpack_dont_email_post_to_subs":false,"_jetpack_newsletter_tier_id":0,"_jetpack_memberships_contains_paywalled_content":false,"_jetpack_memberships_contains_paid_content":false,"footnotes":"","jetpack_publicize_message":"","jetpack_publicize_feature_enabled":true,"jetpack_social_post_already_shared":false,"jetpack_social_options":{"image_generator_settings":{"template":"highway","enabled":false},"version":2}},"categories":[17],"tags":[6],"class_list":["post-69","post","type-post","status-publish","format-standard","hentry","category-bacanas-sacanas","tag-opiniao"],"jetpack_publicize_connections":[],"jetpack_sharing_enabled":true,"jetpack_featured_media_url":"","jetpack_shortlink":"https:\/\/wp.me\/p7wKYW-17","jetpack-related-posts":[],"_links":{"self":[{"href":"http:\/\/blogdalucianaoliveira.com.br\/blog\/wp-json\/wp\/v2\/posts\/69","targetHints":{"allow":["GET"]}}],"collection":[{"href":"http:\/\/blogdalucianaoliveira.com.br\/blog\/wp-json\/wp\/v2\/posts"}],"about":[{"href":"http:\/\/blogdalucianaoliveira.com.br\/blog\/wp-json\/wp\/v2\/types\/post"}],"author":[{"embeddable":true,"href":"http:\/\/blogdalucianaoliveira.com.br\/blog\/wp-json\/wp\/v2\/users\/1"}],"replies":[{"embeddable":true,"href":"http:\/\/blogdalucianaoliveira.com.br\/blog\/wp-json\/wp\/v2\/comments?post=69"}],"version-history":[{"count":4,"href":"http:\/\/blogdalucianaoliveira.com.br\/blog\/wp-json\/wp\/v2\/posts\/69\/revisions"}],"predecessor-version":[{"id":76,"href":"http:\/\/blogdalucianaoliveira.com.br\/blog\/wp-json\/wp\/v2\/posts\/69\/revisions\/76"}],"wp:attachment":[{"href":"http:\/\/blogdalucianaoliveira.com.br\/blog\/wp-json\/wp\/v2\/media?parent=69"}],"wp:term":[{"taxonomy":"category","embeddable":true,"href":"http:\/\/blogdalucianaoliveira.com.br\/blog\/wp-json\/wp\/v2\/categories?post=69"},{"taxonomy":"post_tag","embeddable":true,"href":"http:\/\/blogdalucianaoliveira.com.br\/blog\/wp-json\/wp\/v2\/tags?post=69"}],"curies":[{"name":"wp","href":"https:\/\/api.w.org\/{rel}","templated":true}]}}